{"id":128603,"date":"2026-04-30T14:55:00","date_gmt":"2026-04-30T17:55:00","guid":{"rendered":"https:\/\/bluestudio.estadao.com.br\/agencia-de-comunicacao\/pulsebrand\/dia-do-trabalho-por-que-o-cerebro-nao-acompanha-a-rotina-de-trabalho-e-o-custo-disso-ja-aparece-nas-empresas\/"},"modified":"2026-04-30T15:17:56","modified_gmt":"2026-04-30T18:17:56","slug":"dia-do-trabalho-cerebro-rotina-esgotamento-empresas","status":"publish","type":"post","link":"https:\/\/bluestudio.estadao.com.br\/agencia-de-comunicacao\/pulsebrand\/dia-do-trabalho-cerebro-rotina-esgotamento-empresas\/","title":{"rendered":"Dia do Trabalho: por que o c\u00e9rebro n\u00e3o acompanha a rotina de trabalho \u2014 e o custo disso j\u00e1 aparece nas empresas"},"content":{"rendered":"<p><i>Trabalhar mais n\u00e3o significa produzir melhor: ci\u00eancia explica o esgotamento silencioso que virou rotina no mundo corporativo<\/i><\/p>\n<p>A cena \u00e9 familiar: agendas lotadas, notifica\u00e7\u00f5es constantes, reuni\u00f5es em sequ\u00eancia e a sensa\u00e7\u00e3o permanente de estar ocupado \u2014 mas n\u00e3o necessariamente produtivo. No Brasil, esse modelo de trabalho tem produzido um efeito colateral cada vez mais evidente: o esgotamento mental.<\/p>\n<p>Mais do que um problema individual, trata-se de uma mudan\u00e7a estrutural na forma como o c\u00e9rebro est\u00e1 sendo exigido \u2014 e que a ci\u00eancia j\u00e1 demonstra ser insustent\u00e1vel.<\/p>\n<p>Para <a href=\"https:\/\/www.instagram.com\/isa.minatel\/\" target=\"_blank\"><u>Isa Minatel, neuropsicopedagoga, pesquisadora e palestrante<\/u><\/a>, o equ\u00edvoco come\u00e7a na forma como entendemos produtividade. \u201cA intelig\u00eancia emocional \u00e9 a funda\u00e7\u00e3o da produtividade saud\u00e1vel. Quando voc\u00ea n\u00e3o reconhece o que est\u00e1 sentindo, o corpo toma decis\u00f5es por voc\u00ea \u2014 como procrastina\u00e7\u00e3o, dispers\u00e3o e exaust\u00e3o\u201d.<\/p>\n<p>Na pr\u00e1tica, isso significa que muitos profissionais operam no autom\u00e1tico, reagindo \u00e0s demandas, em vez de conduzir o pr\u00f3prio desempenho.<\/p>\n<p><b>Ocupa\u00e7\u00e3o n\u00e3o \u00e9 produtividade<\/b><\/p>\n<p>Parte do problema est\u00e1 em um mecanismo b\u00e1sico do c\u00e9rebro. Tarefas r\u00e1pidas e simples \u2014 como responder e-mails ou mensagens \u2014 geram pequenas descargas de dopamina, neurotransmissor ligado \u00e0 recompensa.<\/p>\n<p>\u201cO c\u00e9rebro passa a se viciar em tarefas curtas, que d\u00e3o sensa\u00e7\u00e3o imediata de produtividade, mas n\u00e3o necessariamente geram resultado real\u201d, explica Isa.<\/p>\n<p>O resultado \u00e9 o que especialistas j\u00e1 chamam de produtividade perform\u00e1tica: dias cheios, mas com baixa entrega estrat\u00e9gica.<\/p>\n<p>Do ponto de vista cl\u00ednico, o problema vai al\u00e9m da organiza\u00e7\u00e3o da agenda. Segundo o <a href=\"https:\/\/www.instagram.com\/dr.danielsocrates\/\" target=\"_blank\"><u>psiquiatra corporativo Daniel S\u00f3crates<\/u><\/a>, especialista em sa\u00fade mental no trabalho, o que diferencia uma rotina produtiva de uma adoecedora n\u00e3o \u00e9 a carga de trabalho \u2014 mas a capacidade de recupera\u00e7\u00e3o. \u201cO que separa uma da outra n\u00e3o \u00e9 o esfor\u00e7o. \u00c9 a recupera\u00e7\u00e3o. Quando o organismo perde a capacidade de voltar ao basal, o trabalho deixa de ser performance e vira desgaste\u201d.<\/p>\n<p>Sob press\u00e3o cont\u00ednua, o c\u00e9rebro entra em estado de alerta permanente. H\u00e1 aumento de cortisol e uma reorganiza\u00e7\u00e3o funcional: estruturas respons\u00e1veis pela tomada de decis\u00e3o e planejamento perdem efici\u00eancia, enquanto \u00e1reas ligadas \u00e0 rea\u00e7\u00e3o emocional se tornam mais ativas. \u201cOs circuitos da decis\u00e3o racional ficam mais fr\u00e1geis. Os da rea\u00e7\u00e3o imediata ficam mais fortes. A pessoa come\u00e7a a operar no impulso e chama isso de produtividade\u201d.<\/p>\n<p><b>A ilus\u00e3o de que mais horas geram mais resultado<\/b><\/p>\n<p>A ideia de que trabalhar mais significa produzir mais n\u00e3o se sustenta diante das evid\u00eancias. Estudos mostram que, a partir de 50 a 55 horas semanais, o ganho de produtividade praticamente desaparece. \u201cO c\u00e9rebro n\u00e3o trabalha em horas extras. Ele trabalha em ciclos\u201d, resume o psiquiatra.<\/p>\n<p>Na pr\u00e1tica, jornadas prolongadas geram mais erros, mais retrabalho e decis\u00f5es de pior qualidade \u2014 al\u00e9m de impactos diretos na sa\u00fade. Dados internacionais j\u00e1 associam cargas excessivas de trabalho a maior risco de doen\u00e7as cardiovasculares e morte.<\/p>\n<p>Outro efeito direto da rotina hiperestimulada \u00e9 a fragmenta\u00e7\u00e3o da aten\u00e7\u00e3o. Cada interrup\u00e7\u00e3o \u2014 uma mensagem, uma notifica\u00e7\u00e3o, uma troca de tarefa \u2014 exige que o c\u00e9rebro reinicie seu foco.<\/p>\n<p>Esse processo, que pode levar at\u00e9 20 minutos para ser totalmente retomado, compromete n\u00e3o apenas a produtividade, mas tamb\u00e9m o aprendizado e a capacidade de inova\u00e7\u00e3o. \u201cO profissional trabalha muito, mas n\u00e3o evolui. Est\u00e1 sobrevivendo, n\u00e3o crescendo\u201d, resume Isa.<\/p>\n<p><b>Quando o burnout aparece<\/b><\/p>\n<p>O burnout raramente surge de forma abrupta. Ele se instala aos poucos, mascarado por uma aparente alta performance.<\/p>\n<p>Entre os primeiros sinais est\u00e3o irritabilidade, dificuldade de concentra\u00e7\u00e3o, sono n\u00e3o reparador e perda de interesse pelo trabalho. \u201cA pessoa continua entregando \u2014 e \u00e9 exatamente por isso que ningu\u00e9m percebe que ela j\u00e1 est\u00e1 adoecendo\u201d, afirma Dr. Daniel. Esse quadro tem se refletido nos n\u00fameros: afastamentos por transtornos mentais cresceram de forma expressiva nos \u00faltimos anos, indicando que o problema j\u00e1 ultrapassou o campo individual e se tornou uma quest\u00e3o organizacional.<\/p>\n<p><b>Pausas n\u00e3o s\u00e3o luxo \u2014 s\u00e3o parte do funcionamento do c\u00e9rebro<\/b><\/p>\n<p>Se o excesso de trabalho adoece, a solu\u00e7\u00e3o n\u00e3o est\u00e1 apenas em reduzir horas, mas em reorganizar a forma de trabalhar.<\/p>\n<p>O c\u00e9rebro funciona melhor em ciclos de alta concentra\u00e7\u00e3o seguidos de pausas. Sem esse intervalo, n\u00e3o h\u00e1 consolida\u00e7\u00e3o de mem\u00f3ria, nem recupera\u00e7\u00e3o cognitiva.<\/p>\n<p>Ainda assim, o descanso continua sendo negligenciado. Em muitos ambientes, parar \u00e9 visto como falta de produtividade \u2014 quando, na verdade, \u00e9 o que sustenta o desempenho. Assim, \u00e9 poss\u00edvel concluir que nenhuma estrat\u00e9gia individual \u00e9 suficiente em ambientes estruturalmente adoecedores. Na verdade, a empresa acha que est\u00e1 ganhando horas \u2014 e est\u00e1 perdendo c\u00e9rebro.<\/p>\n<p>A discuss\u00e3o come\u00e7a a ganhar espa\u00e7o regulat\u00f3rio. Normas recentes j\u00e1 tratam a sa\u00fade mental como risco ocupacional, colocando nas organiza\u00e7\u00f5es a responsabilidade de gerir n\u00e3o apenas resultados, mas tamb\u00e9m a sustentabilidade do trabalho.<\/p>\n<p>Produtividade n\u00e3o \u00e9 sobre fazer mais. \u00c9 sobre fazer melhor, com um c\u00e9rebro que funcione em sua capacidade plena. E, para isso, a recupera\u00e7\u00e3o n\u00e3o \u00e9 opcional. \u00c9 parte do sistema.<\/p>\n<p>A <b>OESP<\/b> n\u00e3o \u00e9(s\u00e3o) respons\u00e1vel(is) por erros, incorre\u00e7\u00f5es, atrasos ou quaisquer decis\u00f5es tomadas por seus clientes com base nos Conte\u00fados ora disponibilizados, bem como tais Conte\u00fados n\u00e3o representam a opini\u00e3o da <b>OESP<\/b> e s\u00e3o de inteira responsabilidade da <b>PulseBrand<\/b><\/p>\n\n\n<p><\/p>\n","protected":false},"excerpt":{"rendered":"Trabalhar mais n\u00e3o significa produzir melhor: ci\u00eancia explica o esgotamento silencioso que virou rotina no mundo corporativo A cena \u00e9 familiar: agendas lotadas, notifica\u00e7\u00f5es constantes, reuni\u00f5es","protected":false},"author":1,"featured_media":128611,"comment_status":"open","ping_status":"closed","sticky":false,"template":"","format":"standard","meta":{"_acf_changed":false,"inline_featured_image":false,"_monsterinsights_skip_tracking":false,"_monsterinsights_sitenote_active":false,"_monsterinsights_sitenote_note":"","_monsterinsights_sitenote_category":0,"footnotes":""},"categories":[7691],"tags":[],"class_list":["post-128603","post","type-post","status-publish","format-standard","has-post-thumbnail","hentry","category-pulsebrand"],"acf":[],"_links":{"self":[{"href":"https:\/\/bluestudio.estadao.com.br\/agencia-de-comunicacao\/wp-json\/wp\/v2\/posts\/128603","targetHints":{"allow":["GET"]}}],"collection":[{"href":"https:\/\/bluestudio.estadao.com.br\/agencia-de-comunicacao\/wp-json\/wp\/v2\/posts"}],"about":[{"href":"https:\/\/bluestudio.estadao.com.br\/agencia-de-comunicacao\/wp-json\/wp\/v2\/types\/post"}],"author":[{"embeddable":true,"href":"https:\/\/bluestudio.estadao.com.br\/agencia-de-comunicacao\/wp-json\/wp\/v2\/users\/1"}],"replies":[{"embeddable":true,"href":"https:\/\/bluestudio.estadao.com.br\/agencia-de-comunicacao\/wp-json\/wp\/v2\/comments?post=128603"}],"version-history":[{"count":3,"href":"https:\/\/bluestudio.estadao.com.br\/agencia-de-comunicacao\/wp-json\/wp\/v2\/posts\/128603\/revisions"}],"predecessor-version":[{"id":128614,"href":"https:\/\/bluestudio.estadao.com.br\/agencia-de-comunicacao\/wp-json\/wp\/v2\/posts\/128603\/revisions\/128614"}],"wp:featuredmedia":[{"embeddable":true,"href":"https:\/\/bluestudio.estadao.com.br\/agencia-de-comunicacao\/wp-json\/wp\/v2\/media\/128611"}],"wp:attachment":[{"href":"https:\/\/bluestudio.estadao.com.br\/agencia-de-comunicacao\/wp-json\/wp\/v2\/media?parent=128603"}],"wp:term":[{"taxonomy":"category","embeddable":true,"href":"https:\/\/bluestudio.estadao.com.br\/agencia-de-comunicacao\/wp-json\/wp\/v2\/categories?post=128603"},{"taxonomy":"post_tag","embeddable":true,"href":"https:\/\/bluestudio.estadao.com.br\/agencia-de-comunicacao\/wp-json\/wp\/v2\/tags?post=128603"}],"curies":[{"name":"wp","href":"https:\/\/api.w.org\/{rel}","templated":true}]}}