{"id":128570,"date":"2026-04-30T11:07:42","date_gmt":"2026-04-30T14:07:42","guid":{"rendered":"https:\/\/bluestudio.estadao.com.br\/agencia-de-comunicacao\/?p=128570"},"modified":"2026-04-30T11:07:43","modified_gmt":"2026-04-30T14:07:43","slug":"minerais-criticos-geopolitica-global-brasil","status":"publish","type":"post","link":"https:\/\/bluestudio.estadao.com.br\/agencia-de-comunicacao\/agencia-minera-brasil\/minerais-criticos-geopolitica-global-brasil\/","title":{"rendered":"Minerais cr\u00edticos entram no centro da disputa geopol\u00edtica global"},"content":{"rendered":"\n<p>O papel estrat\u00e9gico do Brasil nas cadeias globais de minerais para transi\u00e7\u00e3o energ\u00e9tica foi debatido por executivos do setor e representantes do governo durante F\u00f3rum de CEOs da Minera\u00e7\u00e3o em Bras\u00edlia.<\/p>\n\n\n\n<p>A geopol\u00edtica dos minerais cr\u00edticos deixou de ser um tema restrito ao setor mineral e passou a ocupar o centro das estrat\u00e9gias de Estado no cen\u00e1rio internacional. Esse foi o tom do painel sobre riscos geopol\u00edticos realizado durante o F\u00f3rum de CEOs da Minera\u00e7\u00e3o, organizado pelo escrit\u00f3rio Bedran Advogados, que reuniu autoridades brasileiras, representantes de governos estrangeiros e executivos do setor.<\/p>\n\n\n\n<p>A media\u00e7\u00e3o ficou a cargo de Marisa Cesar, diretora Assuntos Corporativos e Sustentabilidade da PLS e presidente do Conselho da Associa\u00e7\u00e3o de Minerais Cr\u00edticos (AMC), que abriu o debate destacando o peso crescente dos minerais cr\u00edticos nas disputas globais, especialmente entre China e Estados Unidos.<\/p>\n\n\n\n<p>Marisa Cesar lembrou que pa\u00eds j\u00e1 ocupa posi\u00e7\u00e3o de lideran\u00e7a global em ni\u00f3bio e se destaca em recursos de terras raras, al\u00e9m de contar com vantagens competitivas como matriz energ\u00e9tica majoritariamente renov\u00e1vel.<\/p>\n\n\n\n<p>Nesse contexto, ela refor\u00e7ou que existe a percep\u00e7\u00e3o de que o Brasil pode assumir um papel estrat\u00e9gico nas cadeias globais de minerais cr\u00edticos, especialmente como fornecedor confi\u00e1vel para o Ocidente.<\/p>\n\n\n\n<figure class=\"wp-block-embed is-type-video is-provider-youtube wp-block-embed-youtube wp-embed-aspect-16-9 wp-has-aspect-ratio\"><div class=\"wp-block-embed__wrapper\">\n<iframe loading=\"lazy\" title=\"Minerais cr\u00edticos entram no centro da disputa geopol\u00edtica global\" width=\"500\" height=\"281\" src=\"https:\/\/www.youtube.com\/embed\/zeE0dxjye8U?feature=oembed\" frameborder=\"0\" allow=\"accelerometer; autoplay; clipboard-write; encrypted-media; gyroscope; picture-in-picture; web-share\" referrerpolicy=\"strict-origin-when-cross-origin\" allowfullscreen><\/iframe>\n<\/div><\/figure>\n\n\n\n<h2 class=\"wp-block-heading\"><strong>Minera\u00e7\u00e3o virou um ativo estrat\u00e9gico nacional<\/strong><\/h2>\n\n\n\n<p>A secret\u00e1ria Nacional de Minera\u00e7\u00e3o do Minist\u00e9rio de Minas e Energia, Ana Paula Bittencourt apresentou uma leitura abrangente da transforma\u00e7\u00e3o do setor mineral brasileiro, afirmando que a minera\u00e7\u00e3o passou, nos \u00faltimos anos, de uma atividade econ\u00f4mica para um ativo estrat\u00e9gico nacional.<\/p>\n\n\n\n<p>Segundo ela, a crescente import\u00e2ncia dos minerais cr\u00edticos est\u00e1 diretamente ligada a setores como defesa, tecnologia e economia digital, em um contexto de forte concentra\u00e7\u00e3o das cadeias produtivas na \u00c1sia e maior controle de exporta\u00e7\u00f5es por parte da China.<\/p>\n\n\n\n<p>\u201cA minera\u00e7\u00e3o hoje est\u00e1 no centro das tens\u00f5es geopol\u00edticas globais\u201d, avaliou ao defender que o Brasil deve construir uma estrat\u00e9gia pr\u00f3pria, baseada na soberania nacional e no interesse p\u00fablico, equilibrando abertura ao investimento com prote\u00e7\u00e3o estrat\u00e9gica.<\/p>\n\n\n\n<p>Entre as diretrizes apresentadas pelo Minist\u00e9rio de Minas e Energia, est\u00e1 a busca por um modelo que evite tanto o \u201cnacionalismo exacerbado quanto a abertura irrestrita sem contrapartidas\u201d.<\/p>\n\n\n\n<h2 class=\"wp-block-heading\"><strong>Reino Unido quer coopera\u00e7\u00e3o internacional<\/strong><\/h2>\n\n\n\n<p>Representando o Reino Unido, Laura Queiroz destacou que nenhum pa\u00eds ser\u00e1 autossuficiente em minerais cr\u00edticos, se n\u00e3o houver coopera\u00e7\u00e3o internacional. Ela lembrou que a parceria entre Brasil e Reino Unido no setor mineral remonta a cerca de dois s\u00e9culos e afirmou que o pa\u00eds europeu tem apostado em duas frentes: parcerias globais com pa\u00edses como Austr\u00e1lia, Estados Unidos e Canad\u00e1 e o desenvolvimento interno via economia circular.<\/p>\n\n\n\n<p>\u201cO Reino Unido enxerga realmente que ningu\u00e9m vai fazer acontecer nesse setor sozinho. A gente precisa dos outros pa\u00edses\u201d.&nbsp; Segundo ela, a estrat\u00e9gia brit\u00e2nica foca na agrega\u00e7\u00e3o de valor, especialmente no processamento e na tecnologia, mais do que na extra\u00e7\u00e3o de minerais cr\u00edticos.<\/p>\n\n\n\n<h2 class=\"wp-block-heading\"><strong>Austr\u00e1lia aposta em tecnologia<\/strong><\/h2>\n\n\n\n<p>A representante da Austr\u00e1lia, Vanessa Voss refor\u00e7ou que minerais cr\u00edticos s\u00e3o centrais para a geopol\u00edtica global devido \u00e0 concentra\u00e7\u00e3o das cadeias produtivas e ao risco de interrup\u00e7\u00f5es no fornecimento.&nbsp; Segundo Voss, o pa\u00eds tem direcionado investimentos significativos para financiamento e pesquisa no setor.<\/p>\n\n\n\n<p>Ela explicou ainda que cerca de 75 empresas australianas atuam no Brasil, sendo cerca de 40 no segmento de minerais cr\u00edticos, com foco n\u00e3o apenas na explora\u00e7\u00e3o, mas tamb\u00e9m na transfer\u00eancia de tecnologia e no desenvolvimento de capacidade de processamento local.<\/p>\n\n\n\n<p>A mensagem convergente no painel foi clara: o avan\u00e7o do Brasil nas cadeias de minerais cr\u00edticos depender\u00e1 da capacidade de equilibrar soberania, seguran\u00e7a regulat\u00f3ria e integra\u00e7\u00e3o internacional.<\/p>\n\n\n\n<p>Com a crescente disputa global por minerais cr\u00edticos, o pa\u00eds se v\u00ea diante de uma janela de oportunidade, mas tamb\u00e9m de riscos geopol\u00edticos que exigem coordena\u00e7\u00e3o estrat\u00e9gica e vis\u00e3o de longo prazo.<\/p>\n\n\n\n<p>A\u00a0<strong>OESP\u00a0<\/strong>n\u00e3o \u00e9 respons\u00e1vel por erros, incorre\u00e7\u00f5es, atrasos ou quaisquer decis\u00f5es tomadas por seus clientes com base nos Conte\u00fados ora disponibilizados, bem como tais Conte\u00fados n\u00e3o representam a opini\u00e3o da\u00a0<strong>OESP\u00a0<\/strong>e s\u00e3o de inteira responsabilidade da\u00a0<strong>Ag\u00eancia Minera Brasil<\/strong>.<\/p>\n","protected":false},"excerpt":{"rendered":"O papel estrat\u00e9gico do Brasil nas cadeias globais de minerais para transi\u00e7\u00e3o energ\u00e9tica foi debatido por executivos do setor e representantes do governo durante F\u00f3rum de CEOs da Minera\u00e7\u00e3o em Bras\u00edlia.","protected":false},"author":16,"featured_media":128573,"comment_status":"open","ping_status":"closed","sticky":false,"template":"","format":"standard","meta":{"_acf_changed":false,"inline_featured_image":false,"_monsterinsights_skip_tracking":false,"_monsterinsights_sitenote_active":false,"_monsterinsights_sitenote_note":"","_monsterinsights_sitenote_category":0,"footnotes":""},"categories":[351],"tags":[],"class_list":["post-128570","post","type-post","status-publish","format-standard","has-post-thumbnail","hentry","category-agencia-minera-brasil"],"acf":[],"_links":{"self":[{"href":"https:\/\/bluestudio.estadao.com.br\/agencia-de-comunicacao\/wp-json\/wp\/v2\/posts\/128570","targetHints":{"allow":["GET"]}}],"collection":[{"href":"https:\/\/bluestudio.estadao.com.br\/agencia-de-comunicacao\/wp-json\/wp\/v2\/posts"}],"about":[{"href":"https:\/\/bluestudio.estadao.com.br\/agencia-de-comunicacao\/wp-json\/wp\/v2\/types\/post"}],"author":[{"embeddable":true,"href":"https:\/\/bluestudio.estadao.com.br\/agencia-de-comunicacao\/wp-json\/wp\/v2\/users\/16"}],"replies":[{"embeddable":true,"href":"https:\/\/bluestudio.estadao.com.br\/agencia-de-comunicacao\/wp-json\/wp\/v2\/comments?post=128570"}],"version-history":[{"count":1,"href":"https:\/\/bluestudio.estadao.com.br\/agencia-de-comunicacao\/wp-json\/wp\/v2\/posts\/128570\/revisions"}],"predecessor-version":[{"id":128574,"href":"https:\/\/bluestudio.estadao.com.br\/agencia-de-comunicacao\/wp-json\/wp\/v2\/posts\/128570\/revisions\/128574"}],"wp:featuredmedia":[{"embeddable":true,"href":"https:\/\/bluestudio.estadao.com.br\/agencia-de-comunicacao\/wp-json\/wp\/v2\/media\/128573"}],"wp:attachment":[{"href":"https:\/\/bluestudio.estadao.com.br\/agencia-de-comunicacao\/wp-json\/wp\/v2\/media?parent=128570"}],"wp:term":[{"taxonomy":"category","embeddable":true,"href":"https:\/\/bluestudio.estadao.com.br\/agencia-de-comunicacao\/wp-json\/wp\/v2\/categories?post=128570"},{"taxonomy":"post_tag","embeddable":true,"href":"https:\/\/bluestudio.estadao.com.br\/agencia-de-comunicacao\/wp-json\/wp\/v2\/tags?post=128570"}],"curies":[{"name":"wp","href":"https:\/\/api.w.org\/{rel}","templated":true}]}}