{"id":128539,"date":"2026-04-29T19:43:00","date_gmt":"2026-04-29T22:43:00","guid":{"rendered":"https:\/\/bluestudio.estadao.com.br\/agencia-de-comunicacao\/prnewswire\/omoda-jaecoo-atinge-um-milhao-de-unidades-vendidas-em-tres-anos-no-19o-salao-de-pequim\/"},"modified":"2026-04-29T19:43:00","modified_gmt":"2026-04-29T22:43:00","slug":"omoda-jaecoo-atinge-um-milhao-de-unidades-vendidas-em-tres-anos-no-19o-salao-de-pequim","status":"publish","type":"post","link":"https:\/\/bluestudio.estadao.com.br\/agencia-de-comunicacao\/prnewswire\/omoda-jaecoo-atinge-um-milhao-de-unidades-vendidas-em-tres-anos-no-19o-salao-de-pequim\/","title":{"rendered":"OMODA &amp; JAECOO atinge um milh\u00e3o de unidades vendidas em tr\u00eas anos no 19\u00ba Sal\u00e3o de Pequim"},"content":{"rendered":"\n<div class=\"xn-content\">\n<ul type=\"disc\">\n<li><i>Durante a exposi\u00e7\u00e3o, a companhia anuncia o atingimento da marca e se torna a fabricante mais jovem a atingir um milh\u00e3o de unidades vendidas no mundo<\/i><\/li>\n<li><i>Europa \u00e9 o motor de crescimento: 41,5% das vendas globais e alta aceita\u00e7\u00e3o de concession\u00e1rios<\/i><\/li>\n<li><i>Inova\u00e7\u00e3o em mobilidade: estreia global do VPD (Valet Parking Driver), AI Cabin e avan\u00e7o do sistema h\u00edbrido SHS<\/i><\/li>\n<li><i>Brasil como mercado estrat\u00e9gico: volume e lan\u00e7amentos confirmados para 2026<\/i><\/li>\n<\/ul>\n<p><span class=\"legendSpanClass\">PEQUIM<\/span>, <span class=\"legendSpanClass\">29 de abril de 2026<\/span> \/PRNewswire\/ &#8212; Na abertura da 19\u00aa edi\u00e7\u00e3o do Beijing International Auto Show (Sal\u00e3o do Autom\u00f3vel de Pequim), a OMODA &amp; JAECOO, fabricante de ve\u00edculos do Grupo Chery, anunciou ter ultrapassado a marca de um milh\u00e3o de unidades vendidas globalmente desde o lan\u00e7amento em 2023, estabelecendo o recorde de velocidade para uma marca automobil\u00edstica jovem no cen\u00e1rio mundial.<\/p>\n<div class=\"PRN_ImbeddedAssetReference\" id=\"DivAssetPlaceHolder8885\">\n<a href=\"https:\/\/mma.prnewswire.com\/media\/2969573\/OJ_Marco_de_Vendas_Foto2.html\" target=\"_blank\" rel=\"nofollow\"><img decoding=\"async\" src=\"https:\/\/mma.prnewswire.com\/media\/2969573\/OJ_Marco_de_Vendas_Foto2.jpg\" title=\"\" alt=\"\" \/><\/a><\/p>\n<\/div>\n<p>Em apenas tr\u00eas anos, a marca j\u00e1 atingiu 69 mercados-chave, com 1.364 concession\u00e1rias, abrindo em m\u00e9dia um novo mercado a cada 16 dias e uma nova loja por dia. A Europa tornou-se o motor principal do crescimento, respondendo por 41,5% das vendas globais e registrando alta de 246% em mar\u00e7o de 2026. No Reino Unido, a marca alcan\u00e7ou 4,7% de participa\u00e7\u00e3o mensal, com 17.951 unidades vendidas. O JAECOO 7 liderou as vendas de modelos no mercado brit\u00e2nico.<\/p>\n<p><b>Produtos e tecnologia orientados pela voz do cliente<br \/><\/b>A estrat\u00e9gia de produto se baseia em estudos de mercado e engajamento direto com consumidores jovens. O Omoda 7, por exemplo, comercializado no Brasil desde novembro de 2025, foi posicionado com apelo est\u00e9tico e presen\u00e7a em eventos de moda internacionais. O Jaecoo 5, pr\u00f3ximo lan\u00e7amento da O&amp;J no mercado brasileiro, foi projetado para perfis <i>outdoor <\/i>e <i>pet-friendly<\/i>. Na eletrifica\u00e7\u00e3o, o Sistema Super H\u00edbrido (SHS) se destaca por combinar pot\u00eancia, efici\u00eancia e autonomia: o Jaecoo 7 SHS \u00e9 refer\u00eancia global em PHEV, o Omoda 5 SHS superou 400.000 unidades acumuladas e o Jaecoo 5 EV atingiu 20.000 vendas mensais nove meses ap\u00f3s o lan\u00e7amento e lidera em mercados como Indon\u00e9sia e Tail\u00e2ndia.<\/p>\n<p><b>Rumo a um milh\u00e3o por ano<br \/><\/b>A conquista de um milh\u00e3o de unidades \u00e9 tratada como ponto de partida. A meta anunciada \u00e9 atingir um milh\u00e3o de unidades vendidas por ano at\u00e9 2027, com aprofundamento da estrat\u00e9gia dual-brand &#8211; OMODA para o p\u00fablico jovem e conectado, e JAECOO para perfis <i>off<\/i><i>&#8211;<\/i><i>road<\/i> e aventureiros -, consolidando matrizes de produto distintas para atender segmentos distintos.<\/p>\n<p><b>Inova\u00e7\u00f5es em mobilidade inteligente<br \/><\/b>Para o segundo semestre de 2026, a marca prev\u00ea lan\u00e7amentos tecnol\u00f3gicos: modelos com VPD (Valet Parking Driver) &#8211; estacionamento aut\u00f4nomo em circuito fechado &#8211; e a cabine AI Cabin no Omoda 4, com conex\u00e3o para jogos virtuais, conversa\u00e7\u00e3o emocional e navega\u00e7\u00e3o inteligente controlada pelo sistema OMODA Super AI. Haver\u00e1 ainda uma variante, o Omoda 4 ULTRA, voltada a condutores que priorizam prazer ao volante e performance.<\/p>\n<p><b>Evento se move para Wuhu (China)<br \/><\/b>Em 26 de abril, durante a IBS Chery International Business Summit em Wuhu, OMODA &amp; JAECOO deve detalhar a New Million Strategy e realizar a cerim\u00f4nia oficial do in\u00edcio de produ\u00e7\u00e3o do Omoda 4, apresentando o plano para a transi\u00e7\u00e3o de um milh\u00e3o de vendas por ano dentro do escopo da fabricante.<\/p>\n<p><b>Brasil: mercado estrat\u00e9gico e lan\u00e7amentos confirmados<br \/><\/b>O Brasil figura como mercado estrat\u00e9gico dentro do plano de expans\u00e3o da marca, com volume que posiciona o Pa\u00eds entre os seis com maior volume de vendas atualmente, considerando os 69 mercados onde a companhia atua. <\/p>\n<p>Com volume crescente em apenas um ano de opera\u00e7\u00e3o, a fabricante vem superando a casa das 2.000 unidades por m\u00eas no Brasil, al\u00e9m de refor\u00e7ar e trabalhar continuamente para atingir um fluxo comercial acima de 3.000 unidades por m\u00eas ainda em 2026, consolidar a cadeia local de p\u00f3s-venda, al\u00e9m de ampliar presen\u00e7a em territ\u00f3rio brasileiro, passando das atuais 70 concession\u00e1rias para mais de 100 at\u00e9 o fim deste ano. Pensando ainda no mercado nacional, a O&amp;J j\u00e1 tem confirmado os lan\u00e7amentos de Jaecoo 5, Jaecoo 8 e Omoda 4 nos pr\u00f3ximos meses.<\/p>\n<p><b>Sobre<\/b> <b>a OMODA &amp; JAECOO<\/b><br \/>A OMODA &amp; JAECOO \u00e9 uma fabricante e distribuidora de ve\u00edculos global sediada em Wuhu, na prov\u00edncia de Anhui (China). A companhia tem como miss\u00e3o globalizar duas novas marcas automotivas &#8211; Omoda e Jaecoo -, por meio do desenvolvimento e oferta de sed\u00e3s, SUVs e outros tipos de ve\u00edculos automotores. Seu prop\u00f3sito \u00e9 tornar-se l\u00edder em solu\u00e7\u00f5es inteligentes de tecnologia, estabelecendo um padr\u00e3o de design futur\u00edstico para os carros e oferecendo experi\u00eancia de condu\u00e7\u00e3o e propriedade personalizadas, al\u00e9m de servi\u00e7os com excel\u00eancia para consumidores em todo o mundo.<\/p>\n<div class=\"PRN_ImbeddedAssetReference\" id=\"DivAssetPlaceHolder9877\">\n<a href=\"https:\/\/mma.prnewswire.com\/media\/2969574\/OJ_Marco_de_Vendas_Foto1.html\" target=\"_blank\" rel=\"nofollow\"><img decoding=\"async\" src=\"https:\/\/mma.prnewswire.com\/media\/2969574\/OJ_Marco_de_Vendas_Foto1.jpg\" title=\"\" alt=\"\" \/><\/a><\/p>\n<\/div>\n<p>Photo &#8211; <a href=\"https:\/\/mma.prnewswire.com\/media\/2969573\/OJ_Marco_de_Vendas_Foto2.jpg\" target=\"_blank\" rel=\"nofollow\">https:\/\/mma.prnewswire.com\/media\/2969573\/OJ_Marco_de_Vendas_Foto2.jpg<\/a><br \/>Photo &#8211; <a href=\"https:\/\/mma.prnewswire.com\/media\/2969574\/OJ_Marco_de_Vendas_Foto1.jpg\" target=\"_blank\" rel=\"nofollow\">https:\/\/mma.prnewswire.com\/media\/2969574\/OJ_Marco_de_Vendas_Foto1.jpg<\/a><\/p>\n<div class=\"PRN_ImbeddedAssetReference\" id=\"DivAssetPlaceHolder0\"><\/div>\n<p id=\"PURL\"><img loading=\"lazy\" decoding=\"async\" title=\"Cision\" width=\"12\" height=\"12\" alt=\"Cision\" src=\"https:\/\/edge.prnewswire.com\/c\/img\/favicon.png?sn=PT47497&amp;sd=2026-04-29\" \/> View original content to download multimedia:<a id=\"PRNURL\" rel=\"nofollow\" href=\"https:\/\/www.prnewswire.com\/br\/comunicados-para-a-imprensa\/omoda--jaecoo-atinge-um-milhao-de-unidades-vendidas-em-tres-anos-no-19-salao-de-pequim-302758045.html\" target=\"_blank\">https:\/\/www.prnewswire.com\/br\/comunicados-para-a-imprensa\/omoda&#8211;jaecoo-atinge-um-milhao-de-unidades-vendidas-em-tres-anos-no-19-salao-de-pequim-302758045.html<\/a><\/p>\n<p>FONTE OMODA&amp;JAECOO<\/p>\n<\/div>\n<p>  <img decoding=\"async\" alt=\"\" src=\"https:\/\/rt.prnewswire.com\/rt.gif?NewsItemId=PT47497&amp;Transmission_Id=202604291839PR_NEWS_LATAM____PT47497&amp;DateId=20260429\" style=\"border:0px;width:1px;height:1px\" \/><\/p>\n<p><strong>T\u00f3picos Relacionados:<\/strong> Novos Produtos\/Servi\u00e7os, Transporte \/ Caminh\u00f5es \/ Ferrovias, Automotivo<\/p>\n<p>A <b>OESP<\/b> n\u00e3o \u00e9(s\u00e3o) respons\u00e1vel(is) por erros, incorre\u00e7\u00f5es, atrasos ou quaisquer decis\u00f5es tomadas por seus clientes com base nos Conte\u00fados ora disponibilizados, bem como tais Conte\u00fados n\u00e3o representam a opini\u00e3o da <b>OESP<\/b> e s\u00e3o de inteira responsabilidade da <b>PR Newswire Ltda<\/b><\/p>\n","protected":false},"excerpt":{"rendered":"Durante a exposi\u00e7\u00e3o, a companhia anuncia o atingimento da marca e se torna a fabricante mais jovem a atingir um milh\u00e3o de unidades vendidas no mundo Europa \u00e9 o motor de crescimento: 41,5% das","protected":false},"author":1,"featured_media":128540,"comment_status":"open","ping_status":"closed","sticky":false,"template":"","format":"standard","meta":{"_acf_changed":false,"inline_featured_image":false,"_monsterinsights_skip_tracking":false,"_monsterinsights_sitenote_active":false,"_monsterinsights_sitenote_note":"","_monsterinsights_sitenote_category":0,"footnotes":""},"categories":[27],"tags":[9238,9240,9239,9237],"class_list":["post-128539","post","type-post","status-publish","format-standard","has-post-thumbnail","hentry","category-prnewswire","tag-a-omoda-jaecoo","tag-anunciou-ter-ultrapassado-a-m","tag-fabricante-de-veiculos-do-grupo-chery","tag-na-abertura-da-19a-edicao-do-beijing-international-auto-show-salao-do-automovel-de-pequim"],"acf":[],"_links":{"self":[{"href":"https:\/\/bluestudio.estadao.com.br\/agencia-de-comunicacao\/wp-json\/wp\/v2\/posts\/128539","targetHints":{"allow":["GET"]}}],"collection":[{"href":"https:\/\/bluestudio.estadao.com.br\/agencia-de-comunicacao\/wp-json\/wp\/v2\/posts"}],"about":[{"href":"https:\/\/bluestudio.estadao.com.br\/agencia-de-comunicacao\/wp-json\/wp\/v2\/types\/post"}],"author":[{"embeddable":true,"href":"https:\/\/bluestudio.estadao.com.br\/agencia-de-comunicacao\/wp-json\/wp\/v2\/users\/1"}],"replies":[{"embeddable":true,"href":"https:\/\/bluestudio.estadao.com.br\/agencia-de-comunicacao\/wp-json\/wp\/v2\/comments?post=128539"}],"version-history":[{"count":0,"href":"https:\/\/bluestudio.estadao.com.br\/agencia-de-comunicacao\/wp-json\/wp\/v2\/posts\/128539\/revisions"}],"wp:featuredmedia":[{"embeddable":true,"href":"https:\/\/bluestudio.estadao.com.br\/agencia-de-comunicacao\/wp-json\/wp\/v2\/media\/128540"}],"wp:attachment":[{"href":"https:\/\/bluestudio.estadao.com.br\/agencia-de-comunicacao\/wp-json\/wp\/v2\/media?parent=128539"}],"wp:term":[{"taxonomy":"category","embeddable":true,"href":"https:\/\/bluestudio.estadao.com.br\/agencia-de-comunicacao\/wp-json\/wp\/v2\/categories?post=128539"},{"taxonomy":"post_tag","embeddable":true,"href":"https:\/\/bluestudio.estadao.com.br\/agencia-de-comunicacao\/wp-json\/wp\/v2\/tags?post=128539"}],"curies":[{"name":"wp","href":"https:\/\/api.w.org\/{rel}","templated":true}]}}