{"id":128523,"date":"2026-04-29T17:12:00","date_gmt":"2026-04-29T20:12:00","guid":{"rendered":"https:\/\/bluestudio.estadao.com.br\/agencia-de-comunicacao\/prnewswire\/ashua-lanca-campanha-de-dia-das-maes-que-retrata-a-maternidade-como-ela-e\/"},"modified":"2026-04-29T17:12:00","modified_gmt":"2026-04-29T20:12:00","slug":"ashua-lanca-campanha-de-dia-das-maes-que-retrata-a-maternidade-como-ela-e","status":"publish","type":"post","link":"https:\/\/bluestudio.estadao.com.br\/agencia-de-comunicacao\/prnewswire\/ashua-lanca-campanha-de-dia-das-maes-que-retrata-a-maternidade-como-ela-e\/","title":{"rendered":"Ashua lan\u00e7a campanha de Dia das M\u00e3es que retrata a maternidade como ela \u00e9"},"content":{"rendered":"\n<div class=\"xn-content\">\n<i>Marca aborda que a maternidade pode ser um momento leve e acolhedor e lan\u00e7a cole\u00e7\u00e3o pensada para os diferentes ritmos e corpos <\/i><\/p>\n<p><span class=\"legendSpanClass\">S\u00c3O PAULO<\/span>, <span class=\"legendSpanClass\">29 de abril de 2026<\/span> \/PRNewswire\/ &#8212; Para celebrar o Dia das M\u00e3es, a Ashua, marca curve e plus size da Lojas Renner S.A., lan\u00e7a uma campanha que homenageia a maternidade em suas m\u00faltiplas formas. Com o conceito &#8220;O real nos inspira&#8221;, a a\u00e7\u00e3o prop\u00f5e um olhar sens\u00edvel e verdadeiro sobre o cotidiano materno, valorizando afetos genu\u00ednos e os diferentes pap\u00e9is que comp\u00f5em essa viv\u00eancia.<\/p>\n<div class=\"PRN_ImbeddedAssetReference\" id=\"DivAssetPlaceHolder1\">\n<a href=\"https:\/\/mma.prnewswire.com\/media\/2969033\/04_ashua_maes_foto_divulgacao.html\" target=\"_blank\" rel=\"nofollow\">  <img decoding=\"async\" src=\"https:\/\/mma.prnewswire.com\/media\/2969033\/04_ashua_maes_foto_divulgacao.jpg\" title=\"Campanha homenageia a maternidade em suas m\u00faltiplas formas (Divulga\u00e7\u00e3o)\" alt=\"Campanha homenageia a maternidade em suas m\u00faltiplas formas (Divulga\u00e7\u00e3o)\" \/><\/a>\n <\/p>\n<\/p><\/div>\n<p>A campanha \u00e9 constru\u00edda a partir de encontros entre m\u00e3es e filhos, retratando cenas simples e carregadas de significado: da conviv\u00eancia di\u00e1ria \u00e0s trocas silenciosas, dos gestos espont\u00e2neos aos la\u00e7os que se transformam ao longo do tempo. Esse retrato sens\u00edvel refor\u00e7a o posicionamento da Ashua de estar pr\u00f3xima das mulheres, valorizando suas rotinas e emo\u00e7\u00f5es com autenticidade.<\/p>\n<p>Mais do que celebrar a data, a Ashua convida \u00e0 reflex\u00e3o sobre as m\u00faltiplas vers\u00f5es de uma mesma mulher ao longo da vida, reconhecendo as transforma\u00e7\u00f5es como parte essencial da maternidade contempor\u00e2nea. Para ampliar essa conversa, a campanha conta com a participa\u00e7\u00e3o das influenciadoras Mari Lobo, Lilla Marinho e J\u00e9ssica Lopes, que compartilham viv\u00eancias pessoais com suas m\u00e3es, trazendo diferentes perspectivas dessa rela\u00e7\u00e3o.<\/p>\n<p>&#8220;Partimos de hist\u00f3rias que refletem a viv\u00eancia de muitas mulheres e revelam a for\u00e7a dos la\u00e7os constru\u00eddos no cotidiano. S\u00e3o os momentos mais simples e verdadeiros que tornam essas rela\u00e7\u00f5es especiais. A campanha e a cole\u00e7\u00e3o nascem desse olhar: estar ao lado dessa mulher em cada momento da sua rotina, valorizando a beleza de viver de forma aut\u00eantica&#8221;, afirma Renata Altenfelder, CMO da Lojas Renner S.A.<\/p>\n<p>O conceito da campanha tamb\u00e9m se traduz no portf\u00f3lio da marca, por meio de uma cole\u00e7\u00e3o inspirada nos universos boho e folk, com pe\u00e7as pensadas para acompanhar a rotina com conforto, informa\u00e7\u00e3o de moda e versatilidade. Jaquetas em suede, jeans flare, batas e pe\u00e7as em chiffon com estampa paisley comp\u00f5em o mix, que aposta em uma paleta de tons invernais, como preto, marrom, burgundy e verde militar.<\/p>\n<p>As escolhas de materiais, acabamentos e modelagens acompanham a transi\u00e7\u00e3o da esta\u00e7\u00e3o e refletem a proposta da marca: transformar tend\u00eancias em solu\u00e7\u00f5es pr\u00e1ticas para diferentes momentos do dia. Cada pe\u00e7a foi desenvolvida para valorizar as curvas, respeitar o movimento do corpo e oferecer liberdade, refor\u00e7ando a conex\u00e3o da Ashua com um universo poss\u00edvel, pr\u00f3ximo e alinhado \u00e0 vida real de suas consumidoras.<\/p>\n<p><b>Sobre a Ashua<\/b><\/p>\n<p>A Ashua \u00e9 a marca de moda curve e plus size da Lojas Renner S.A., criada em 2016 com o prop\u00f3sito de fortalecer a autoestima feminina. A empresa desenvolve cole\u00e7\u00f5es com informa\u00e7\u00e3o de moda e alinhadas \u00e0s tend\u00eancias, nos tamanhos 42 a 58, pensadas para valorizar corpos curvil\u00edneos, priorizando qualidade, conforto e estilo. A marca conta com mais de 60 pontos de venda f\u00edsicos, incluindo 17 lojas especializadas nas regi\u00f5es Sul, Sudeste e Nordeste, al\u00e9m de aproximadamente 50 corners em unidades Renner distribu\u00eddas no Brasil e no Uruguai. Por meio de uma estrat\u00e9gia omnichannel e atendimento personalizado, a Ashua se posiciona como refer\u00eancia no segmento plus size no pa\u00eds, promovendo diversidade e inclus\u00e3o. <\/p>\n<p>Foto &#8211; <a href=\"https:\/\/mma.prnewswire.com\/media\/2969033\/04_ashua_maes_foto_divulgacao.jpg\" target=\"_blank\" rel=\"nofollow\">https:\/\/mma.prnewswire.com\/media\/2969033\/04_ashua_maes_foto_divulgacao.jpg<\/a><\/p>\n<p id=\"PURL\"><img loading=\"lazy\" decoding=\"async\" title=\"Cision\" width=\"12\" height=\"12\" alt=\"Cision\" src=\"https:\/\/edge.prnewswire.com\/c\/img\/favicon.png?sn=PT46743&amp;sd=2026-04-29\" \/> View original content to download multimedia:<a id=\"PRNURL\" rel=\"nofollow\" href=\"https:\/\/www.prnewswire.com\/br\/comunicados-para-a-imprensa\/ashua-lanca-campanha-de-dia-das-maes-que-retrata-a-maternidade-como-ela-e-302757302.html\" target=\"_blank\">https:\/\/www.prnewswire.com\/br\/comunicados-para-a-imprensa\/ashua-lanca-campanha-de-dia-das-maes-que-retrata-a-maternidade-como-ela-e-302757302.html<\/a><\/p>\n<p>FONTE Lojas Renner S.A.<\/p>\n<\/div>\n<p>  <img decoding=\"async\" alt=\"\" src=\"https:\/\/rt.prnewswire.com\/rt.gif?NewsItemId=PT46743&amp;Transmission_Id=202604291500PR_NEWS_LATAM____PT46743&amp;DateId=20260429\" style=\"border:0px;width:1px;height:1px\" \/><\/p>\n<p><strong>T\u00f3picos Relacionados:<\/strong> Novos Produtos\/Servi\u00e7os, Not\u00edcias Relacionadas a Mulheres, Moda, Varejo, Diversidade, Equidade e Inclus\u00e3o, Dom\u00e9stico\/Consumidor\/Cosm\u00e9ticos<\/p>\n<p>A <b>OESP<\/b> n\u00e3o \u00e9(s\u00e3o) respons\u00e1vel(is) por erros, incorre\u00e7\u00f5es, atrasos ou quaisquer decis\u00f5es tomadas por seus clientes com base nos Conte\u00fados ora disponibilizados, bem como tais Conte\u00fados n\u00e3o representam a opini\u00e3o da <b>OESP<\/b> e s\u00e3o de inteira responsabilidade da <b>PR Newswire Ltda<\/b><\/p>\n","protected":false},"excerpt":{"rendered":"Marca aborda que a maternidade pode ser um momento leve e acolhedor e lan\u00e7a cole\u00e7\u00e3o pensada para os diferentes ritmos e corpos S\u00c3O PAULO, 29 de abril de 2026 \/PRNewswire\/ &#8212; Para celebrar o","protected":false},"author":1,"featured_media":128524,"comment_status":"open","ping_status":"closed","sticky":false,"template":"","format":"standard","meta":{"_acf_changed":false,"inline_featured_image":false,"_monsterinsights_skip_tracking":false,"_monsterinsights_sitenote_active":false,"_monsterinsights_sitenote_note":"","_monsterinsights_sitenote_category":0,"footnotes":""},"categories":[27],"tags":[9217,9219,9218,9216],"class_list":["post-128523","post","type-post","status-publish","format-standard","has-post-thumbnail","hentry","category-prnewswire","tag-a-ashua","tag-lanca-uma-campanha-que-homenageia-a-maternidade-em-suas-multiplas-formas-com-o-conceito-o-re","tag-marca-curve-e-plus-size-da-lojas-renner-s-a","tag-para-celebrar-o-dia-das-maes"],"acf":[],"_links":{"self":[{"href":"https:\/\/bluestudio.estadao.com.br\/agencia-de-comunicacao\/wp-json\/wp\/v2\/posts\/128523","targetHints":{"allow":["GET"]}}],"collection":[{"href":"https:\/\/bluestudio.estadao.com.br\/agencia-de-comunicacao\/wp-json\/wp\/v2\/posts"}],"about":[{"href":"https:\/\/bluestudio.estadao.com.br\/agencia-de-comunicacao\/wp-json\/wp\/v2\/types\/post"}],"author":[{"embeddable":true,"href":"https:\/\/bluestudio.estadao.com.br\/agencia-de-comunicacao\/wp-json\/wp\/v2\/users\/1"}],"replies":[{"embeddable":true,"href":"https:\/\/bluestudio.estadao.com.br\/agencia-de-comunicacao\/wp-json\/wp\/v2\/comments?post=128523"}],"version-history":[{"count":0,"href":"https:\/\/bluestudio.estadao.com.br\/agencia-de-comunicacao\/wp-json\/wp\/v2\/posts\/128523\/revisions"}],"wp:featuredmedia":[{"embeddable":true,"href":"https:\/\/bluestudio.estadao.com.br\/agencia-de-comunicacao\/wp-json\/wp\/v2\/media\/128524"}],"wp:attachment":[{"href":"https:\/\/bluestudio.estadao.com.br\/agencia-de-comunicacao\/wp-json\/wp\/v2\/media?parent=128523"}],"wp:term":[{"taxonomy":"category","embeddable":true,"href":"https:\/\/bluestudio.estadao.com.br\/agencia-de-comunicacao\/wp-json\/wp\/v2\/categories?post=128523"},{"taxonomy":"post_tag","embeddable":true,"href":"https:\/\/bluestudio.estadao.com.br\/agencia-de-comunicacao\/wp-json\/wp\/v2\/tags?post=128523"}],"curies":[{"name":"wp","href":"https:\/\/api.w.org\/{rel}","templated":true}]}}