{"id":128517,"date":"2026-04-29T17:12:00","date_gmt":"2026-04-29T20:12:00","guid":{"rendered":"https:\/\/bluestudio.estadao.com.br\/agencia-de-comunicacao\/prnewswire\/semana-de-design-de-milao-2026-haier-e-fisher-paykel-apostam-no-poder-de-suas-marcas-globais-de-luxo-desafiando-limites-para-promover-uma-vida-melhor\/"},"modified":"2026-04-29T17:12:00","modified_gmt":"2026-04-29T20:12:00","slug":"semana-de-design-de-milao-2026-haier-e-fisher-paykel-apostam-no-poder-de-suas-marcas-globais-de-luxo-desafiando-limites-para-promover-uma-vida-melhor","status":"publish","type":"post","link":"https:\/\/bluestudio.estadao.com.br\/agencia-de-comunicacao\/prnewswire\/semana-de-design-de-milao-2026-haier-e-fisher-paykel-apostam-no-poder-de-suas-marcas-globais-de-luxo-desafiando-limites-para-promover-uma-vida-melhor\/","title":{"rendered":"Semana de Design de Mil\u00e3o 2026: Haier e Fisher &amp; Paykel apostam no poder de suas marcas globais de luxo, desafiando limites para promover uma vida melhor"},"content":{"rendered":"\n<div class=\"xn-content\">\n<span class=\"legendSpanClass\">MIL\u00c3O<\/span>, <span class=\"legendSpanClass\">29 de abril de 2026<\/span> \/PRNewswire\/ &#8212; O Haier Group (Haier) concluiu com sucesso sua participa\u00e7\u00e3o na Semana de Design de Mil\u00e3o 2026, realizada de 21 a 26 de abril. O evento refor\u00e7a ainda mais a presen\u00e7a global da Haier como uma marca de excel\u00eancia e uma for\u00e7a inovadora nos mercados internacionais.<\/p>\n<p>A Haier apresentou uma experi\u00eancia imersiva dividida em seis zonas, combinando design, tecnologia adaptativa e ecossistemas conectados. Marca premium do Haier Group, a Fisher &amp; Paykel tamb\u00e9m teve uma participa\u00e7\u00e3o de sucesso no evento, apresentando o <i>Nature&#8211;Ritual<\/i> na EuroCucina e lan\u00e7ando sua cole\u00e7\u00e3o State of the Art, reafirmando o compromisso do Grupo com um estilo de vida centrado no ser humano e com toques art\u00edsticos.<\/p>\n<div class=\"PRN_ImbeddedAssetReference\" id=\"DivAssetPlaceHolder2788\">\n<a href=\"https:\/\/mma.prnewswire.com\/media\/2967713\/image1.html\" target=\"_blank\" rel=\"nofollow\"><img decoding=\"async\" src=\"https:\/\/mma.prnewswire.com\/media\/2967713\/image1.jpg\" title=\"Semana de Design de Mil\u00e3o 2026: Haier e Fisher &amp; Paykel apostam no poder de suas marcas globais de luxo, desafiando limites para promover uma vida melhor (PRNewsfoto\/Haier Group)\" alt=\"Semana de Design de Mil\u00e3o 2026: Haier e Fisher &amp; Paykel apostam no poder de suas marcas globais de luxo, desafiando limites para promover uma vida melhor (PRNewsfoto\/Haier Group)\" \/><\/a><\/p>\n<\/div>\n<p>Essa presen\u00e7a conjunta foi de grande import\u00e2ncia para a estrat\u00e9gia global multimarcas da Haier, demonstrando como duas marcas distintas &#8212; uma com foco em ecossistemas inteligentes e a outra no design tradicional &#8211;, quando unidas, elevam o padr\u00e3o da vida moderna.<\/p>\n<p><b>Construindo uma matriz global de marcas de inova\u00e7\u00e3o de alto padr\u00e3o<\/b><\/p>\n<p>A matriz global de servi\u00e7os multimarcas da Haier tem origem em um compromisso de longo prazo com o aumento da penetra\u00e7\u00e3o no mercado, baseado em sua presen\u00e7a estrat\u00e9gica desde o in\u00edcio. Ao longo de tr\u00eas d\u00e9cadas, a empresa deixou de ser apenas uma exportadora para se tornar um participante totalmente localizado, com f\u00e1bricas, centros de P&amp;D e centros de marketing estabelecidos em todo o mundo, completando assim seu modelo da tr\u00edade local de P&amp;D, fabrica\u00e7\u00e3o e marketing.<\/p>\n<p>O impacto da estrat\u00e9gia da Haier, orientada para a inova\u00e7\u00e3o, \u00e9 evidente em todo o seu portf\u00f3lio de marcas. Em 2012, o Haier Group adquiriu a Fisher &amp; Paykel, empresa multinacional de eletrodom\u00e9sticos de alta qualidade sediada em Aotearoa, Nova Zel\u00e2ndia, e a sinergia entre as duas empresas tem gerado resultados expressivos em termos de expans\u00e3o global, inova\u00e7\u00e3o tecnol\u00f3gica, renova\u00e7\u00e3o de produtos e lideran\u00e7a de mercado.<\/p>\n<p>Com a transi\u00e7\u00e3o da inova\u00e7\u00e3o orientada para os acionistas para a inova\u00e7\u00e3o orientada para o usu\u00e1rio, a Haier conseguiu um posicionamento de marca diferenciado tanto para ela quanto para a Fisher &amp; Paykel na Austr\u00e1lia e na Nova Zel\u00e2ndia. Com o apoio da Haier, o centro de P&amp;D da Nova Zel\u00e2ndia, um dos cinco centros globais da marca, acelerou os avan\u00e7os em sistemas de gavetas, motores de acionamento direto e compressores lineares. Destaque para as m\u00e1quinas de lavar da Fisher &amp; Paykel, cuja participa\u00e7\u00e3o de mercado na Austr\u00e1lia passou de menos de 1% para 22% em apenas 18 meses, al\u00e9m de a empresa tamb\u00e9m liderar no segmento de geladeiras e produtos para \u00e1reas externas.<\/p>\n<p>Em 2025, o forno combinado a vapor Minimal da S\u00e9rie 11 de 60 cm e o frigor\u00edfico com congelador integrado da S\u00e9rie 11 de 91 cm da Fisher &amp; Paykel receberam o pr\u00eamio Red Dot&#8217;s Best of the Best, um reconhecimento da excel\u00eancia em design da marca, tendo a Haier permitido que a marca crescesse e prosperasse sem comprometer sua tradi\u00e7\u00e3o.<\/p>\n<p>A Haier tamb\u00e9m est\u00e1 incentivando o crescimento local atrav\u00e9s de P&amp;D e da produ\u00e7\u00e3o, estabelecendo uma presen\u00e7a s\u00f3lida em todo o mundo.<\/p>\n<div class=\"PRN_ImbeddedAssetReference\" id=\"DivAssetPlaceHolder4562\">\n<a href=\"https:\/\/mma.prnewswire.com\/media\/2967714\/image2.html\" target=\"_blank\" rel=\"nofollow\"><img decoding=\"async\" src=\"https:\/\/mma.prnewswire.com\/media\/2967714\/image2.jpg\" title=\"A Haier est\u00e1 incentivando o crescimento local atrav\u00e9s de P&amp;D e da produ\u00e7\u00e3o, estabelecendo uma presen\u00e7a s\u00f3lida em todo o mundo (PRNewsfoto\/Haier Group)\" alt=\"A Haier est\u00e1 incentivando o crescimento local atrav\u00e9s de P&amp;D e da produ\u00e7\u00e3o, estabelecendo uma presen\u00e7a s\u00f3lida em todo o mundo (PRNewsfoto\/Haier Group)\" \/><\/a><\/p>\n<\/div>\n<p>Por meio do <b>marketing esportivo estrat\u00e9gico<\/b>, a Haier fortaleceu os la\u00e7os emocionais com os consumidores internacionais. Como parceira global do torneio Roland-Garros e da ATP Tour, e parceira oficial do Liverpool FC, do PSG e da S\u00e9rie A, a Haier lan\u00e7ou a c\u00e2mera de arbitragem &#8220;Haier-Cam&#8221;, que j\u00e1 foi utilizada em mais de 100 partidas da S\u00e9rie A, colocando os torcedores ainda mais pr\u00f3ximos da a\u00e7\u00e3o. Essas parcerias v\u00e3o al\u00e9m dos logotipos, criando experi\u00eancias emocionantes e promovendo um impacto positivo e concreto na marca.<\/p>\n<p>Al\u00e9m dos eletrodom\u00e9sticos inteligentes, a Haier est\u00e1 expandindo sua presen\u00e7a global nas \u00e1reas de <b>sa\u00fade, tecnologia digital e novas fontes de energia<\/b>. Ela construiu um centro de ci\u00eancias da vida no Reino Unido e na Holanda, fornecendo congeladores de temperatura ultrabaixa para a Universidade de Oxford, o Imperial College e hospitais em Bolonha e Copenhague. A Haier New Energy j\u00e1 implantou solu\u00e7\u00f5es de energia solar distribu\u00edda, armazenamento e gera\u00e7\u00e3o de energia em varandas em mais de 50 pa\u00edses.<\/p>\n<p>No futuro, a Haier continuar\u00e1 comprometida com a constru\u00e7\u00e3o de uma matriz global de marcas inovadoras, guiada por sua vis\u00e3o: <b>&#8220;Mais cria\u00e7\u00e3o, mais possibilidades.&#8221;<\/b> Ao desafiar continuamente os limites da tecnologia, da localiza\u00e7\u00e3o e dos ecossistemas intersetoriais, a Haier pretende revelar um novo valor tanto para os usu\u00e1rios quanto para os parceiros: criando um futuro mais inteligente e sustent\u00e1vel para resid\u00eancias e empresas em todo o mundo.<\/p>\n<p>Para mais informa\u00e7\u00f5es:<br \/>Visite os sites oficiais: <a href=\"https:\/\/www.haier.com\/global\/\" target=\"_blank\" rel=\"nofollow\"><b>Haier<\/b><\/a> | <a href=\"https:\/\/www.fisherpaykel.com\/eu\/\" target=\"_blank\" rel=\"nofollow\"><b>Fisher &amp; Paykel<\/b><\/a><\/p>\n<p>Foto &#8211; <a href=\"https:\/\/mma.prnewswire.com\/media\/2967713\/image1.jpg\" target=\"_blank\" rel=\"nofollow\">https:\/\/mma.prnewswire.com\/media\/2967713\/image1.jpg<\/a><br \/>Foto &#8211; <a href=\"https:\/\/mma.prnewswire.com\/media\/2967714\/image2.jpg\" target=\"_blank\" rel=\"nofollow\">https:\/\/mma.prnewswire.com\/media\/2967714\/image2.jpg<\/a><\/p>\n<div class=\"PRN_ImbeddedAssetReference\" id=\"DivAssetPlaceHolder0\"><\/div>\n<p id=\"PURL\"><img loading=\"lazy\" decoding=\"async\" title=\"Cision\" width=\"12\" height=\"12\" alt=\"Cision\" src=\"https:\/\/edge.prnewswire.com\/c\/img\/favicon.png?sn=PT45291&amp;sd=2026-04-29\" \/> View original content to download multimedia:<a id=\"PRNURL\" rel=\"nofollow\" href=\"https:\/\/www.prnewswire.com\/br\/comunicados-para-a-imprensa\/semana-de-design-de-milao-2026-haier-e-fisher--paykel-apostam-no-poder-de-suas-marcas-globais-de-luxo-desafiando-limites-para-promover-uma-vida-melhor-302757745.html\" target=\"_blank\">https:\/\/www.prnewswire.com\/br\/comunicados-para-a-imprensa\/semana-de-design-de-milao-2026-haier-e-fisher&#8211;paykel-apostam-no-poder-de-suas-marcas-globais-de-luxo-desafiando-limites-para-promover-uma-vida-melhor-302757745.html<\/a><\/p>\n<p>FONTE Haier Group<\/p>\n<\/div>\n<p>  <img decoding=\"async\" alt=\"\" src=\"https:\/\/rt.prnewswire.com\/rt.gif?NewsItemId=PT45291&amp;Transmission_Id=202604291426PR_NEWS_LATAM____PT45291&amp;DateId=20260429\" style=\"border:0px;width:1px;height:1px\" \/><\/p>\n<p><strong>T\u00f3picos Relacionados:<\/strong> Not\u00edcias de Feiras Comerciais, Produtos Dom\u00e9sticos, Eletr\u00f4nicos de Consumo, Dom\u00e9stico\/Consumidor\/Cosm\u00e9ticos, Computador\/Eletr\u00f4nica, Expans\u00e3o Corporativa<\/p>\n<p>A <b>OESP<\/b> n\u00e3o \u00e9(s\u00e3o) respons\u00e1vel(is) por erros, incorre\u00e7\u00f5es, atrasos ou quaisquer decis\u00f5es tomadas por seus clientes com base nos Conte\u00fados ora disponibilizados, bem como tais Conte\u00fados n\u00e3o representam a opini\u00e3o da <b>OESP<\/b> e s\u00e3o de inteira responsabilidade da <b>PR Newswire Ltda<\/b><\/p>\n","protected":false},"excerpt":{"rendered":"MIL\u00c3O, 29 de abril de 2026 \/PRNewswire\/ &#8212; O Haier Group (Haier) concluiu com sucesso sua participa\u00e7\u00e3o na Semana de Design de Mil\u00e3o 2026, realizada de 21 a 26 de abril. O evento refor\u00e7a","protected":false},"author":1,"featured_media":128518,"comment_status":"open","ping_status":"closed","sticky":false,"template":"","format":"standard","meta":{"_acf_changed":false,"inline_featured_image":false,"_monsterinsights_skip_tracking":false,"_monsterinsights_sitenote_active":false,"_monsterinsights_sitenote_note":"","_monsterinsights_sitenote_category":0,"footnotes":""},"categories":[27],"tags":[9211,9212],"class_list":["post-128517","post","type-post","status-publish","format-standard","has-post-thumbnail","hentry","category-prnewswire","tag-o-haier-group-haier-concluiu-com-sucesso-sua-participacao-na-semana-de-design-de-milao-2026","tag-realizada-de-21-a-26-de-abril-o-evento-reforca-ainda-mais-a-presenca-global-da-haie"],"acf":[],"_links":{"self":[{"href":"https:\/\/bluestudio.estadao.com.br\/agencia-de-comunicacao\/wp-json\/wp\/v2\/posts\/128517","targetHints":{"allow":["GET"]}}],"collection":[{"href":"https:\/\/bluestudio.estadao.com.br\/agencia-de-comunicacao\/wp-json\/wp\/v2\/posts"}],"about":[{"href":"https:\/\/bluestudio.estadao.com.br\/agencia-de-comunicacao\/wp-json\/wp\/v2\/types\/post"}],"author":[{"embeddable":true,"href":"https:\/\/bluestudio.estadao.com.br\/agencia-de-comunicacao\/wp-json\/wp\/v2\/users\/1"}],"replies":[{"embeddable":true,"href":"https:\/\/bluestudio.estadao.com.br\/agencia-de-comunicacao\/wp-json\/wp\/v2\/comments?post=128517"}],"version-history":[{"count":0,"href":"https:\/\/bluestudio.estadao.com.br\/agencia-de-comunicacao\/wp-json\/wp\/v2\/posts\/128517\/revisions"}],"wp:featuredmedia":[{"embeddable":true,"href":"https:\/\/bluestudio.estadao.com.br\/agencia-de-comunicacao\/wp-json\/wp\/v2\/media\/128518"}],"wp:attachment":[{"href":"https:\/\/bluestudio.estadao.com.br\/agencia-de-comunicacao\/wp-json\/wp\/v2\/media?parent=128517"}],"wp:term":[{"taxonomy":"category","embeddable":true,"href":"https:\/\/bluestudio.estadao.com.br\/agencia-de-comunicacao\/wp-json\/wp\/v2\/categories?post=128517"},{"taxonomy":"post_tag","embeddable":true,"href":"https:\/\/bluestudio.estadao.com.br\/agencia-de-comunicacao\/wp-json\/wp\/v2\/tags?post=128517"}],"curies":[{"name":"wp","href":"https:\/\/api.w.org\/{rel}","templated":true}]}}