{"id":128505,"date":"2026-04-29T14:05:00","date_gmt":"2026-04-29T17:05:00","guid":{"rendered":"https:\/\/bluestudio.estadao.com.br\/agencia-de-comunicacao\/markable-comunicacao-homework\/docura-que-revela-emocoes-le-petit-macarons-apresenta-macaron-floral-e-tendencia-de-cha-revelacao-para-o-dia-das-maes\/"},"modified":"2026-04-29T14:05:00","modified_gmt":"2026-04-29T17:05:00","slug":"docura-que-revela-emocoes-le-petit-macarons-apresenta-macaron-floral-e-tendencia-de-cha-revelacao-para-o-dia-das-maes","status":"publish","type":"post","link":"https:\/\/bluestudio.estadao.com.br\/agencia-de-comunicacao\/markable-comunicacao-homework\/docura-que-revela-emocoes-le-petit-macarons-apresenta-macaron-floral-e-tendencia-de-cha-revelacao-para-o-dia-das-maes\/","title":{"rendered":"Do\u00e7ura que revela emo\u00e7\u00f5es: Le Petit Macarons apresenta macaron floral e tend\u00eancia de &#8220;Ch\u00e1 Revela\u00e7\u00e3o&#8221; para o Dia das M\u00e3es"},"content":{"rendered":"<p><i>Lan\u00e7amento de Rosas com Lichia e macarons tem\u00e1ticos que revelam o sexo do beb\u00ea, nas cores azul ou rosa, transformam a data em uma celebra\u00e7\u00e3o sensorial e afetiva por tempo limitado <\/i><\/p>\n<p>Para celebrar o Dia das M\u00e3es, a <a href=\"https:\/\/lepetitmacarons.com.br\/\" target=\"_blank\"><u><b>Le Petit Macarons<\/b><\/u><\/a><\/p>\n<p>, primeira boutique brasileira especializada no doce franc\u00eas, apresenta novidades que prometem uma verdadeira imers\u00e3o sensorial: o primeiro deles \u00e9 o Macaron de Rosas com Lichia, que chega para transformar esse momento do ano em uma \u00e9poca para criar mem\u00f3rias afetuosas. J\u00e1 a segunda integra a celebra\u00e7\u00e3o de novos ciclos, como a maternidade, que come\u00e7a na descoberta, com uma linha especial para \u2018Ch\u00e1 Revela\u00e7\u00e3o\u2019. Ornamentando com os pequenos p\u00e9s de beb\u00eas, os doces foram pensados para transformar a emo\u00e7\u00e3o da descoberta em um momento de alto valor percebido. Esses macarons assumem o papel de &#8220;produto surpresa&#8221;: mant\u00eam a est\u00e9tica delicada por fora, mas revelam o interior em azul ou rosa na primeira mordida. As duas op\u00e7\u00f5es est\u00e3o dispon\u00edveis em todas as lojas da rede at\u00e9 o final do m\u00eas de maio ou at\u00e9 o fim dos estoques. A proposta une o apelo visual \u00e0 experi\u00eancia l\u00fadica, posicionando a marca como solu\u00e7\u00e3o completa para celebra\u00e7\u00f5es que marcam o in\u00edcio da jornada de ser m\u00e3e. Desta forma, a boutique atende desde a m\u00e3e que aprecia a alta gastronomia at\u00e9 a gestante que deseja compartilhar um momento inesquec\u00edvel com a fam\u00edlia. &#8220;Nosso objetivo \u00e9 valorizar o tempo e os momentos vividos. Seja por meio de um sabor sofisticado como Rosas com Lichia ou na surpresa de um Ch\u00e1 Revela\u00e7\u00e3o, cada macaron representa carinho e conex\u00e3o&#8221;, comenta Valqu\u00edria de Marco, s\u00f3cia-fundadora e diretora de produ\u00e7\u00e3o da Le Petit Macarons.<\/p>\n<p>Conhe\u00e7a as op\u00e7\u00f5es de presente da rede pensadas especialmente para a data:<\/p>\n<figure>\n  <img decoding=\"async\" src=\"https:\/\/www.estadaoconteudo.com.br\/RSS\/images\/MKB20260429140504208023-diadasmes-3.jpg\" alt=\"Divulga\u00e7\u00e3o 3\"><figcaption>Divulga\u00e7\u00e3o 3<\/figcaption><\/figure>\n<p><b>Descoberta em uma mordida<\/b><\/p>\n<p>Para as futuras mam\u00e3es, os macarons para \u2018Ch\u00e1 Revela\u00e7\u00e3o\u2019 transformam a expectativa em uma experi\u00eancia l\u00fadica e inesquec\u00edvel. Com est\u00e9tica impec\u00e1vel por fora, eles guardam o segredo no recheio: azul ou rosa. \u00c9 a escolha perfeita para quem busca sofistica\u00e7\u00e3o e deseja fugir do \u00f3bvio, transformando o momento da revela\u00e7\u00e3o em uma celebra\u00e7\u00e3o de puro sabor e delicadeza.<\/p>\n<figure>\n  <img decoding=\"async\" src=\"https:\/\/www.estadaoconteudo.com.br\/RSS\/images\/MKB20260429140504208023-diadasmes-1.jpg\" alt=\"Divulga\u00e7\u00e3o 1\"><figcaption>Divulga\u00e7\u00e3o 1<\/figcaption><\/figure>\n<p><b>Joia comest\u00edvel<\/b><\/p>\n<p>Quando o assunto \u00e9 sabor, o grande destaque da temporada \u00e9 o macaron de Rosas com Lichia, uma imers\u00e3o sensorial que une a perfumada eleg\u00e2ncia das p\u00e9talas de rosas \u00e0 do\u00e7ura suave da lichia. Desenvolvido com pastas italianas e recheado com uma ganache delicada, este sabor exclusivo foi criado para traduzir a for\u00e7a e a suavidade materna, sendo o presente ideal para m\u00e3es que apreciam combina\u00e7\u00f5es surpreendentes.<\/p>\n<p><b>Estojo com caramelo de colher<\/b><\/p>\n<p>A caixa com 6 macarons acompanha o exclusivo caramelo de colher da Le Petit Macarons. Com cremosidade intensa, o item \u00e9 um coringa gastron\u00f4mico: perfeito para ser apreciado puro ou como acompanhamento de p\u00e3es e sobremesas, em sabores que variam do cl\u00e1ssico caramelo \u00e0 delicadeza da flor de sal.<\/p>\n<p><b>Dois mimos em um<\/b><\/p>\n<p>A marca tamb\u00e9m oferece uma embalagem com chaveiro, ideal para unir o sabor de um presente gastron\u00f4mico a um souvenir que vai ficar de lembran\u00e7a depois da experi\u00eancia.<\/p>\n<figure>\n  <img decoding=\"async\" src=\"https:\/\/www.estadaoconteudo.com.br\/RSS\/images\/MKB20260429140504208023-diadasmes-2.jpg\" alt=\"Divulga\u00e7\u00e3o 2\"><figcaption>Divulga\u00e7\u00e3o 2<\/figcaption><\/figure>\n<p><b>Paladar na lata<\/b><\/p>\n<p>H\u00e1 ainda a op\u00e7\u00e3o de selecionar 10 sabores com base nas prefer\u00eancias das mam\u00e3es para rechear a lata exclusiva da marca e presentear com bom gosto e sofistica\u00e7\u00e3o.<\/p>\n<p><b>Falando em ch\u00e1<\/b><\/p>\n<p>Para acompanhar os doces franceses, nada melhor que um caf\u00e9 100% ar\u00e1bica ou um blend (ch\u00e1) importado. Pensando nisso, a marca criou um estojo em que \u00e9 poss\u00edvel acomodar as op\u00e7\u00f5es de bebidas e surpreender a matriarca da fam\u00edlia com uma explos\u00e3o de sabores e contrastes.<\/p>\n<p>A <b>OESP<\/b> n\u00e3o \u00e9(s\u00e3o) respons\u00e1vel(is) por erros, incorre\u00e7\u00f5es, atrasos ou quaisquer decis\u00f5es tomadas por seus clientes com base nos Conte\u00fados ora disponibilizados, bem como tais Conte\u00fados n\u00e3o representam a opini\u00e3o da <b>OESP<\/b> e s\u00e3o de inteira responsabilidade da <b>Markable Comunica\u00e7\u00e3o | Homework<\/b><\/p>\n","protected":false},"excerpt":{"rendered":"Lan\u00e7amento de Rosas com Lichia e macarons tem\u00e1ticos que revelam o sexo do beb\u00ea, nas cores azul ou rosa, transformam a data em uma celebra\u00e7\u00e3o sensorial e afetiva por tempo limitado Para celebrar o","protected":false},"author":1,"featured_media":128506,"comment_status":"open","ping_status":"closed","sticky":false,"template":"","format":"standard","meta":{"_acf_changed":false,"inline_featured_image":false,"_monsterinsights_skip_tracking":false,"_monsterinsights_sitenote_active":false,"_monsterinsights_sitenote_note":"","_monsterinsights_sitenote_category":0,"footnotes":""},"categories":[552],"tags":[],"class_list":["post-128505","post","type-post","status-publish","format-standard","has-post-thumbnail","hentry","category-markable-comunicacao-homework"],"acf":[],"_links":{"self":[{"href":"https:\/\/bluestudio.estadao.com.br\/agencia-de-comunicacao\/wp-json\/wp\/v2\/posts\/128505","targetHints":{"allow":["GET"]}}],"collection":[{"href":"https:\/\/bluestudio.estadao.com.br\/agencia-de-comunicacao\/wp-json\/wp\/v2\/posts"}],"about":[{"href":"https:\/\/bluestudio.estadao.com.br\/agencia-de-comunicacao\/wp-json\/wp\/v2\/types\/post"}],"author":[{"embeddable":true,"href":"https:\/\/bluestudio.estadao.com.br\/agencia-de-comunicacao\/wp-json\/wp\/v2\/users\/1"}],"replies":[{"embeddable":true,"href":"https:\/\/bluestudio.estadao.com.br\/agencia-de-comunicacao\/wp-json\/wp\/v2\/comments?post=128505"}],"version-history":[{"count":0,"href":"https:\/\/bluestudio.estadao.com.br\/agencia-de-comunicacao\/wp-json\/wp\/v2\/posts\/128505\/revisions"}],"wp:featuredmedia":[{"embeddable":true,"href":"https:\/\/bluestudio.estadao.com.br\/agencia-de-comunicacao\/wp-json\/wp\/v2\/media\/128506"}],"wp:attachment":[{"href":"https:\/\/bluestudio.estadao.com.br\/agencia-de-comunicacao\/wp-json\/wp\/v2\/media?parent=128505"}],"wp:term":[{"taxonomy":"category","embeddable":true,"href":"https:\/\/bluestudio.estadao.com.br\/agencia-de-comunicacao\/wp-json\/wp\/v2\/categories?post=128505"},{"taxonomy":"post_tag","embeddable":true,"href":"https:\/\/bluestudio.estadao.com.br\/agencia-de-comunicacao\/wp-json\/wp\/v2\/tags?post=128505"}],"curies":[{"name":"wp","href":"https:\/\/api.w.org\/{rel}","templated":true}]}}