{"id":128495,"date":"2026-04-29T13:48:54","date_gmt":"2026-04-29T16:48:54","guid":{"rendered":"https:\/\/bluestudio.estadao.com.br\/agencia-de-comunicacao\/?p=128495"},"modified":"2026-04-29T13:54:22","modified_gmt":"2026-04-29T16:54:22","slug":"vale-lucro-1-trimestre-2026-minerio-ferro","status":"publish","type":"post","link":"https:\/\/bluestudio.estadao.com.br\/agencia-de-comunicacao\/agencia-minera-brasil\/vale-lucro-1-trimestre-2026-minerio-ferro\/","title":{"rendered":"Vale lucra US$ 1,8 bilh\u00e3o no 1\u00ba trimestre, alta de 36% ante 1T25"},"content":{"rendered":"\n<p>Crescimento do lucro l\u00edquido foi impulsionado por alta nas vendas de ferro, cobre e n\u00edquel; divis\u00e3o de metais b\u00e1sicos registra aumento de 116% no Ebitda na compara\u00e7\u00e3o anual<\/p>\n\n\n\n<p>A Vale divulgou ontem (28\/04) lucro l\u00edquido de US$ 1,893 bilh\u00e3o no primeiro trimestre de 2026, resultado 36% superior ao registrado no mesmo per\u00edodo de 2025. O valor corresponde a cerca de R$ 9,4 bilh\u00f5es e reverte parcialmente o preju\u00edzo de US$ 3,844 bilh\u00f5es apurado no quarto trimestre do ano passado.<\/p>\n\n\n\n<p>O avan\u00e7o foi sustentado pelo aumento das vendas de min\u00e9rio de ferro, cobre e n\u00edquel, al\u00e9m da valoriza\u00e7\u00e3o de pre\u00e7os desses produtos. No trimestre, a receita l\u00edquida somou US$ 9,26 bilh\u00f5es, alta de 14% em rela\u00e7\u00e3o a um ano antes, enquanto o Ebitda ajustado ficou em US$ 3,9 bilh\u00f5es, crescimento anual de 23%.<\/p>\n\n\n\n<p>\u201cEntregamos um in\u00edcio s\u00f3lido em 2026, refletindo nossa execu\u00e7\u00e3o disciplinada, excel\u00eancia operacional e o cont\u00ednuo desenvolvimento de projetos estrat\u00e9gicos em todo o nosso portf\u00f3lio\u201d, afirmou Gustavo Pimenta, CEO da companhia.<\/p>\n\n\n\n<h2 class=\"wp-block-heading\"><strong>Vendas impulsionam resultado<\/strong><\/h2>\n\n\n\n<p>As vendas de min\u00e9rio de ferro cresceram 4% na compara\u00e7\u00e3o anual, com acr\u00e9scimo de 3 milh\u00f5es de toneladas. O volume comercializado no trimestre chegou a 68,7 milh\u00f5es de toneladas, avan\u00e7o de 3,9%.<\/p>\n\n\n\n<p>O pre\u00e7o m\u00e9dio realizado do min\u00e9rio de ferro fino atingiu US$ 95,8 por tonelada, alta de 5,5% em rela\u00e7\u00e3o ao primeiro trimestre de 2025. J\u00e1 o custo caixa C1 subiu 12%, para US$ 23,6 por tonelada, impactado principalmente pela valoriza\u00e7\u00e3o do real frente ao d\u00f3lar.<\/p>\n\n\n\n<p>A companhia destacou ainda que o Complexo S11D Eliezer Batista, em Cana\u00e3 dos Caraj\u00e1s (PA), registrou a maior produ\u00e7\u00e3o de min\u00e9rio de ferro para um primeiro trimestre.<\/p>\n\n\n\n<p>No campo dos investimentos, o capex totalizou US$ 1,09 bilh\u00e3o, recuo de 7% na compara\u00e7\u00e3o anual, em linha com a proje\u00e7\u00e3o de US$ 5,4 bilh\u00f5es a US$ 5,7 bilh\u00f5es para 2026.<\/p>\n\n\n\n<h2 class=\"wp-block-heading\"><strong>Vale Base Metals amplia gera\u00e7\u00e3o de caixa<\/strong><\/h2>\n\n\n\n<p>A divis\u00e3o Vale Base Metals (VBM), respons\u00e1vel pelos ativos de cobre e n\u00edquel, apresentou forte expans\u00e3o operacional no trimestre. Segundo a companhia, o Ebitda do segmento avan\u00e7ou 116% na compara\u00e7\u00e3o anual, beneficiado por maior produ\u00e7\u00e3o, menores custos e receitas adicionais com subprodutos.<\/p>\n\n\n\n<p>As vendas de cobre aumentaram 11% em rela\u00e7\u00e3o ao mesmo per\u00edodo de 2025, enquanto as de n\u00edquel avan\u00e7aram 15%. Os pre\u00e7os realizados tamb\u00e9m subiram: o cobre alcan\u00e7ou US$ 13.143 por tonelada, alta de 48%, e o n\u00edquel chegou a US$ 17.015 por tonelada, crescimento de 6%.<\/p>\n\n\n\n<p>\u201cNa VBM, continuamos a colher os benef\u00edcios de nossas iniciativas de otimiza\u00e7\u00e3o de ativos, resultando em maior produ\u00e7\u00e3o e menores custos\u201d, disse Pimenta.<\/p>\n\n\n\n<p>No n\u00edquel, os custos all-in recuaram 48% em um ano, para US$ 8.184 por tonelada, enquanto no cobre ficaram negativos em US$ 642 por tonelada, reflexo do peso das receitas de subprodutos.<\/p>\n\n\n\n<h2 class=\"wp-block-heading\"><strong>Projetos de expans\u00e3o avan\u00e7am<\/strong><\/h2>\n\n\n\n<p>Entre os projetos de expans\u00e3o, a mineradora informou que os investimentos em crescimento somaram US$ 182 milh\u00f5es, queda de 42%, em raz\u00e3o de menores desembolsos em Solu\u00e7\u00f5es de Min\u00e9rio de Ferro.<\/p>\n\n\n\n<p>O projeto Serra Sul +20 alcan\u00e7ou 86% de avan\u00e7o f\u00edsico. A Vale informou ter iniciado em mar\u00e7o os testes de carga do transportador de correia, enquanto a constru\u00e7\u00e3o do britador de compactos chegou a 91%, com obras civis conclu\u00eddas. O start-up est\u00e1 previsto para o segundo semestre de 2026.<\/p>\n\n\n\n<p>A\u00a0<strong>OESP\u00a0<\/strong>n\u00e3o \u00e9 respons\u00e1vel por erros, incorre\u00e7\u00f5es, atrasos ou quaisquer decis\u00f5es tomadas por seus clientes com base nos Conte\u00fados ora disponibilizados, bem como tais Conte\u00fados n\u00e3o representam a opini\u00e3o da\u00a0<strong>OESP\u00a0<\/strong>e s\u00e3o de inteira responsabilidade da\u00a0<strong>Ag\u00eancia Minera Brasil<\/strong>.<\/p>\n","protected":false},"excerpt":{"rendered":"Crescimento do lucro l\u00edquido foi impulsionado por alta nas vendas de ferro, cobre e n\u00edquel; divis\u00e3o de metais b\u00e1sicos registra aumento de 116% no Ebitda na compara\u00e7\u00e3o anual","protected":false},"author":16,"featured_media":128497,"comment_status":"open","ping_status":"closed","sticky":false,"template":"","format":"standard","meta":{"_acf_changed":false,"inline_featured_image":false,"_monsterinsights_skip_tracking":false,"_monsterinsights_sitenote_active":false,"_monsterinsights_sitenote_note":"","_monsterinsights_sitenote_category":0,"footnotes":""},"categories":[351],"tags":[],"class_list":["post-128495","post","type-post","status-publish","format-standard","has-post-thumbnail","hentry","category-agencia-minera-brasil"],"acf":[],"_links":{"self":[{"href":"https:\/\/bluestudio.estadao.com.br\/agencia-de-comunicacao\/wp-json\/wp\/v2\/posts\/128495","targetHints":{"allow":["GET"]}}],"collection":[{"href":"https:\/\/bluestudio.estadao.com.br\/agencia-de-comunicacao\/wp-json\/wp\/v2\/posts"}],"about":[{"href":"https:\/\/bluestudio.estadao.com.br\/agencia-de-comunicacao\/wp-json\/wp\/v2\/types\/post"}],"author":[{"embeddable":true,"href":"https:\/\/bluestudio.estadao.com.br\/agencia-de-comunicacao\/wp-json\/wp\/v2\/users\/16"}],"replies":[{"embeddable":true,"href":"https:\/\/bluestudio.estadao.com.br\/agencia-de-comunicacao\/wp-json\/wp\/v2\/comments?post=128495"}],"version-history":[{"count":2,"href":"https:\/\/bluestudio.estadao.com.br\/agencia-de-comunicacao\/wp-json\/wp\/v2\/posts\/128495\/revisions"}],"predecessor-version":[{"id":128499,"href":"https:\/\/bluestudio.estadao.com.br\/agencia-de-comunicacao\/wp-json\/wp\/v2\/posts\/128495\/revisions\/128499"}],"wp:featuredmedia":[{"embeddable":true,"href":"https:\/\/bluestudio.estadao.com.br\/agencia-de-comunicacao\/wp-json\/wp\/v2\/media\/128497"}],"wp:attachment":[{"href":"https:\/\/bluestudio.estadao.com.br\/agencia-de-comunicacao\/wp-json\/wp\/v2\/media?parent=128495"}],"wp:term":[{"taxonomy":"category","embeddable":true,"href":"https:\/\/bluestudio.estadao.com.br\/agencia-de-comunicacao\/wp-json\/wp\/v2\/categories?post=128495"},{"taxonomy":"post_tag","embeddable":true,"href":"https:\/\/bluestudio.estadao.com.br\/agencia-de-comunicacao\/wp-json\/wp\/v2\/tags?post=128495"}],"curies":[{"name":"wp","href":"https:\/\/api.w.org\/{rel}","templated":true}]}}