{"id":128490,"date":"2026-04-29T13:44:29","date_gmt":"2026-04-29T16:44:29","guid":{"rendered":"https:\/\/bluestudio.estadao.com.br\/agencia-de-comunicacao\/?p=128490"},"modified":"2026-04-29T14:00:46","modified_gmt":"2026-04-29T17:00:46","slug":"cedro-minerio-verde-investimento-minas-gerais","status":"publish","type":"post","link":"https:\/\/bluestudio.estadao.com.br\/agencia-de-comunicacao\/agencia-minera-brasil\/cedro-minerio-verde-investimento-minas-gerais\/","title":{"rendered":"Cedro mira lideran\u00e7a em min\u00e9rio verde com investimentos de R$ 3,5 bi em Minas Gerais"},"content":{"rendered":"\n<p>Companhia aposta no pellet feed, \u2018min\u00e9rio verde\u2019, que ajuda na descarboniza\u00e7\u00e3o de sider\u00fargicas da \u00c1sia e do Oriente M\u00e9dio<\/p>\n\n\n\n<p>A Cedro Minera\u00e7\u00e3o planeja alcan\u00e7ar mais de 20 milh\u00f5es de toneladas de produ\u00e7\u00e3o anual de min\u00e9rio de ferro nos pr\u00f3ximos cinco anos.&nbsp; O plano de expans\u00e3o inclui investimentos de R$ 3,5 bilh\u00f5es em suas opera\u00e7\u00f5es em Mariana (MG), afirmou Lucas Kallas, presidente da Cedro Participa\u00e7\u00f5es em entrevista \u00e0 CNN.<\/p>\n\n\n\n<p>A estrat\u00e9gia da companhia, que tamb\u00e9m atua nos segmentos de agro e infraestrutura, envolve o aumento gradual da capacidade produtiva, a entrada no mercado de min\u00e9rio de ferro de baixo carbono, com pellet feed, produto que tem ganhado mercado mundo a fora, especialmente em pa\u00edses asi\u00e1ticos e do Oriente M\u00e9dio, al\u00e9m de investimentos em infraestrutura log\u00edstica, incluindo um terminal pr\u00f3prio no porto de Itagua\u00ed (RJ) outra aposta da empresa para escoar exportar o min\u00e9rio.<\/p>\n\n\n\n<p>Atualmente produzindo cerca de 3 milh\u00f5es de toneladas por ano em Mariana, a Cedro j\u00e1 iniciou as obras de amplia\u00e7\u00e3o que devem elevar a produ\u00e7\u00e3o para 6 milh\u00f5es de toneladas em uma primeira etapa, disse Kallas.&nbsp; O plano, no entanto, \u00e9 mais audacioso: atingir entre 10 e 11 milh\u00f5es de toneladas nos pr\u00f3ximos tr\u00eas anos.<\/p>\n\n\n\n<h2 class=\"wp-block-heading\"><strong>Pellet feed, o min\u00e9rio que reduz emiss\u00f5es<\/strong><\/h2>\n\n\n\n<p>Kallas conta que esse crescimento est\u00e1 diretamente ligado \u00e0 entrada da companhia no segmento de pellet feed, que permite reduzir at\u00e9 50% as emiss\u00f5es das sider\u00fargicas, que est\u00e3o s\u00e3o cobradas por descarboniza\u00e7\u00e3o de suas opera\u00e7\u00f5es. Essa demanda por min\u00e9rio de baixo carbono coloca o pellet feed bem posicionado na demanda global por insumos mais sustent\u00e1veis na produ\u00e7\u00e3o de a\u00e7o.<\/p>\n\n\n\n<p>O executivo destaca que o foco em min\u00e9rio de ferro e sustentabilidade \u00e9 central na estrat\u00e9gia da companhia. \u201cEstamos muito focados no min\u00e9rio de ferro e acreditamos na minera\u00e7\u00e3o sustent\u00e1vel, com o pellet feed, que emite 50% a menos de carbono\u201d, disse.<\/p>\n\n\n\n<p>Para Kallas, a tend\u00eancia global de descarboniza\u00e7\u00e3o deve valorizar esse tipo de produto. \u201cAcho que vai ter um pr\u00eamio para o min\u00e9rio verde no futuro. O mundo n\u00e3o tem como n\u00e3o seguir essa quest\u00e3o de descarboniza\u00e7\u00e3o\u201d, acrescentou.<\/p>\n\n\n\n<h2 class=\"wp-block-heading\"><strong>Meta de 20 milh\u00f5es de toneladas<\/strong><\/h2>\n\n\n\n<p>Al\u00e9m da expans\u00e3o em Mariana, a empresa adquiriu ativos em Itabirito (MG) e Ouro Preto (MG), que ainda est\u00e3o em fase de licenciamento. Com esses projetos, a expectativa \u00e9 ultrapassar 20 milh\u00f5es de toneladas anuais a partir de 2032. Esse volume de produ\u00e7\u00e3o colocaria a Cedro entre as tr\u00eas maiores mineradoras do pa\u00eds.<\/p>\n\n\n\n<p>No campo log\u00edstico, Kallas diz que a Cedro tamb\u00e9m avan\u00e7a para reduzir custos e aumentar a autonomia nas exporta\u00e7\u00f5es. A empresa venceu um leil\u00e3o para operar no porto de Itagua\u00ed e aguarda a licen\u00e7a final.<\/p>\n\n\n\n<p>\u201cInvestimos por volta de R$ 3,5 milh\u00f5es no porto. Vamos poder exportar diretamente nosso pr\u00f3prio min\u00e9rio e estamos em fase final de licenciamento, com licen\u00e7a que deve ser emitida daqui a 90 dias\u201d, disse.<\/p>\n\n\n\n<figure class=\"wp-block-image size-full\"><img loading=\"lazy\" decoding=\"async\" width=\"1000\" height=\"557\" src=\"https:\/\/bluestudio.estadao.com.br\/agencia-de-comunicacao\/wp-content\/uploads\/2026\/04\/Tamanho-Bluestudio-2026-04-29T103832.053.jpg\" alt=\"\" class=\"wp-image-128491\" srcset=\"https:\/\/bluestudio.estadao.com.br\/agencia-de-comunicacao\/wp-content\/uploads\/2026\/04\/Tamanho-Bluestudio-2026-04-29T103832.053.jpg 1000w, https:\/\/bluestudio.estadao.com.br\/agencia-de-comunicacao\/wp-content\/uploads\/2026\/04\/Tamanho-Bluestudio-2026-04-29T103832.053-300x167.jpg 300w, https:\/\/bluestudio.estadao.com.br\/agencia-de-comunicacao\/wp-content\/uploads\/2026\/04\/Tamanho-Bluestudio-2026-04-29T103832.053-768x428.jpg 768w\" sizes=\"auto, (max-width: 1000px) 100vw, 1000px\" \/><figcaption class=\"wp-element-caption\"><sup>Cedro atende cerca de 1 mil crian\u00e7as na maior creche privada do estado em Nova Lima. Foto: Warley Pereira<\/sup><\/figcaption><\/figure>\n\n\n\n<h2 class=\"wp-block-heading\"><strong>A\u00e7\u00f5es ambientais e sociais<\/strong><\/h2>\n\n\n\n<p>Kallas tamb\u00e9m ressaltou iniciativas ambientais e sociais da companhia ao longo dos \u00faltimos anos. \u201cA Cedro foi a primeira empresa a descaracterizar barragem de rejeito a montante entre 2019 e 2020\u201d, afirma.<\/p>\n\n\n\n<p>Segundo ele, a empresa tem mantido uma agenda consistente tamb\u00e9m no campo social. Entre os projetos, citou a opera\u00e7\u00e3o de uma creche privada em Nova Lima (MG). \u201cMantemos a maior creche privada do estado em Nova Lima, com quase mil crian\u00e7as\u201d, destaca.<\/p>\n\n\n\n<h2 class=\"wp-block-heading\"><strong>Sobre a Cedro<\/strong><\/h2>\n\n\n\n<p>A Cedro Participa\u00e7\u00f5es foi criada em 2017 e atua nos segmentos de minera\u00e7\u00e3o, real estate, agroneg\u00f3cio, sa\u00fade e log\u00edstica. \u00c9 um grupo com 2.500 funcion\u00e1rios indiretos e 700 diretos e regras rigorosas de governan\u00e7a e compliance. Iniciou suas opera\u00e7\u00f5es na minera\u00e7\u00e3o e, desde o in\u00edcio, atua focada na sustentabilidade, tendo como seu primeiro projeto o beneficiamento de rejeitos de min\u00e9rio estocados, com o uso de tecnologia de processamento apta a eliminar o uso de barragens.<\/p>\n\n\n\n<p>A Cedro Participa\u00e7\u00f5es tem atividades nos estados de Minas Gerais, Rio de Janeiro, Bahia, S\u00e3o Paulo e Goi\u00e1s. Lidera mais de 60 projetos sociais, investindo em a\u00e7\u00f5es voltadas para a educa\u00e7\u00e3o, cultura, esporte e sa\u00fade. A empresa \u00e9 mantenedora de uma creche que atende mais de 800 crian\u00e7as em tempo integral em Nova Lima (MG), oferecendo mais de 4.000 refei\u00e7\u00f5es por dia.<\/p>\n\n\n\n<p>A&nbsp;<strong>OESP&nbsp;<\/strong>n\u00e3o \u00e9 respons\u00e1vel por erros, incorre\u00e7\u00f5es, atrasos ou quaisquer decis\u00f5es tomadas por seus clientes com base nos Conte\u00fados ora disponibilizados, bem como tais Conte\u00fados n\u00e3o representam a opini\u00e3o da&nbsp;<strong>OESP&nbsp;<\/strong>e s\u00e3o de inteira responsabilidade da&nbsp;<strong>Ag\u00eancia Minera Brasil<\/strong>.<\/p>\n","protected":false},"excerpt":{"rendered":"Companhia aposta no pellet feed, \u2018min\u00e9rio verde\u2019, que ajuda na descarboniza\u00e7\u00e3o de sider\u00fargicas da \u00c1sia e do Oriente M\u00e9dio","protected":false},"author":16,"featured_media":128493,"comment_status":"open","ping_status":"closed","sticky":false,"template":"","format":"standard","meta":{"_acf_changed":false,"inline_featured_image":false,"_monsterinsights_skip_tracking":false,"_monsterinsights_sitenote_active":false,"_monsterinsights_sitenote_note":"","_monsterinsights_sitenote_category":0,"footnotes":""},"categories":[351],"tags":[],"class_list":["post-128490","post","type-post","status-publish","format-standard","has-post-thumbnail","hentry","category-agencia-minera-brasil"],"acf":[],"_links":{"self":[{"href":"https:\/\/bluestudio.estadao.com.br\/agencia-de-comunicacao\/wp-json\/wp\/v2\/posts\/128490","targetHints":{"allow":["GET"]}}],"collection":[{"href":"https:\/\/bluestudio.estadao.com.br\/agencia-de-comunicacao\/wp-json\/wp\/v2\/posts"}],"about":[{"href":"https:\/\/bluestudio.estadao.com.br\/agencia-de-comunicacao\/wp-json\/wp\/v2\/types\/post"}],"author":[{"embeddable":true,"href":"https:\/\/bluestudio.estadao.com.br\/agencia-de-comunicacao\/wp-json\/wp\/v2\/users\/16"}],"replies":[{"embeddable":true,"href":"https:\/\/bluestudio.estadao.com.br\/agencia-de-comunicacao\/wp-json\/wp\/v2\/comments?post=128490"}],"version-history":[{"count":2,"href":"https:\/\/bluestudio.estadao.com.br\/agencia-de-comunicacao\/wp-json\/wp\/v2\/posts\/128490\/revisions"}],"predecessor-version":[{"id":128504,"href":"https:\/\/bluestudio.estadao.com.br\/agencia-de-comunicacao\/wp-json\/wp\/v2\/posts\/128490\/revisions\/128504"}],"wp:featuredmedia":[{"embeddable":true,"href":"https:\/\/bluestudio.estadao.com.br\/agencia-de-comunicacao\/wp-json\/wp\/v2\/media\/128493"}],"wp:attachment":[{"href":"https:\/\/bluestudio.estadao.com.br\/agencia-de-comunicacao\/wp-json\/wp\/v2\/media?parent=128490"}],"wp:term":[{"taxonomy":"category","embeddable":true,"href":"https:\/\/bluestudio.estadao.com.br\/agencia-de-comunicacao\/wp-json\/wp\/v2\/categories?post=128490"},{"taxonomy":"post_tag","embeddable":true,"href":"https:\/\/bluestudio.estadao.com.br\/agencia-de-comunicacao\/wp-json\/wp\/v2\/tags?post=128490"}],"curies":[{"name":"wp","href":"https:\/\/api.w.org\/{rel}","templated":true}]}}