{"id":128475,"date":"2026-04-29T10:20:00","date_gmt":"2026-04-29T13:20:00","guid":{"rendered":"https:\/\/bluestudio.estadao.com.br\/agencia-de-comunicacao\/saftec-digital\/saude-corporativa-ganha-espaco-na-gestao-de-custos-e-produtividade-nas-empresas-avalia-o-dr-vinicius-rodrigues\/"},"modified":"2026-04-29T10:20:00","modified_gmt":"2026-04-29T13:20:00","slug":"saude-corporativa-ganha-espaco-na-gestao-de-custos-e-produtividade-nas-empresas-avalia-o-dr-vinicius-rodrigues","status":"publish","type":"post","link":"https:\/\/bluestudio.estadao.com.br\/agencia-de-comunicacao\/saftec-digital\/saude-corporativa-ganha-espaco-na-gestao-de-custos-e-produtividade-nas-empresas-avalia-o-dr-vinicius-rodrigues\/","title":{"rendered":"Sa\u00fade corporativa ganha espa\u00e7o na gest\u00e3o de custos e produtividade nas empresas, avalia o Dr. Vinicius Rodrigues"},"content":{"rendered":"<p><b>Ado\u00e7\u00e3o de pol\u00edticas preventivas amplia controle sobre afastamentos e despesas assistenciais no ambiente corporativo.<\/b><\/p>\n<p>A sa\u00fade dos colaboradores tem ganhado relev\u00e2ncia crescente na estrat\u00e9gia de empresas brasileiras, especialmente diante do impacto direto sobre produtividade, custos operacionais e gest\u00e3o de equipes. Em um cen\u00e1rio de maior press\u00e3o por efici\u00eancia, organiza\u00e7\u00f5es passaram a incorporar a sa\u00fade corporativa como elemento relevante na mitiga\u00e7\u00e3o de riscos e na sustentabilidade financeira.<\/p>\n<p>Segundo o Dr. Vinicius Rodrigues, o avan\u00e7o desse debate reflete uma mudan\u00e7a de abordagem. A gest\u00e3o de sa\u00fade deixa de ser apenas assistencial e passa a integrar o planejamento estrat\u00e9gico das companhias.<\/p>\n<p><b>Afastamentos e queda de produtividade pressionam opera\u00e7\u00f5es<\/b><\/p>\n<p>Problemas de sa\u00fade, especialmente aqueles que exigem acompanhamento cont\u00ednuo, impactam diretamente a rotina das empresas. Afastamentos prolongados, redu\u00e7\u00e3o da capacidade laboral e necessidade de reorganiza\u00e7\u00e3o das equipes afetam o fluxo operacional. Al\u00e9m disso, mesmo em casos sem afastamento total, h\u00e1 impacto gradual no desempenho dos colaboradores, o que pode comprometer entregas e metas. <\/p>\n<p>Esse efeito indireto tende a ser mais complexo de mensurar, mas influencia a efici\u00eancia das opera\u00e7\u00f5es. De acordo com Vinicius Tadeu Sattin Rodrigues, a gest\u00e3o desses fatores exige maior previsibilidade e monitoramento por parte das empresas, sobretudo em ambientes com alta depend\u00eancia de m\u00e3o de obra qualificada.<\/p>\n<p><b>Preven\u00e7\u00e3o reduz custos assistenciais e melhora previsibilidade<\/b><\/p>\n<p>A ado\u00e7\u00e3o de pol\u00edticas preventivas tem sido apontada como um dos principais caminhos para reduzir custos relacionados \u00e0 sa\u00fade corporativa. Programas voltados ao acompanhamento cont\u00ednuo e diagn\u00f3stico precoce contribuem para evitar tratamentos mais complexos e afastamentos prolongados.<\/p>\n<p>Esse movimento tem impacto direto sobre despesas com planos de sa\u00fade e sobre a previsibilidade dos custos assistenciais. Empresas conseguem, assim, reduzir oscila\u00e7\u00f5es financeiras associadas a eventos de maior gravidade. Conforme o ex-secret\u00e1rio de Sa\u00fade Vinicius Rodrigues, a preven\u00e7\u00e3o tamb\u00e9m contribui para maior estabilidade na gest\u00e3o de equipes, ao reduzir a incid\u00eancia de interrup\u00e7\u00f5es inesperadas nas opera\u00e7\u00f5es.<\/p>\n<p><b>Sa\u00fade passa a integrar estrat\u00e9gia de gest\u00e3o de pessoas<\/b><\/p>\n<p>A integra\u00e7\u00e3o entre sa\u00fade e gest\u00e3o de pessoas tem se intensificado nos \u00faltimos anos. Empresas passaram a considerar indicadores de sa\u00fade como parte do planejamento interno, alinhando a\u00e7\u00f5es preventivas \u00e0s estrat\u00e9gias organizacionais. Esse movimento envolve desde programas de acompanhamento at\u00e9 campanhas internas de conscientiza\u00e7\u00e3o, com foco na ades\u00e3o dos colaboradores \u00e0s pr\u00e1ticas de cuidado. <\/p>\n<p>Para Vinicius Tadeu Sattin Rodrigues, esse alinhamento permite decis\u00f5es mais estruturadas, ao incorporar vari\u00e1veis de sa\u00fade na gest\u00e3o de riscos e na organiza\u00e7\u00e3o das equipes. O avan\u00e7o da agenda de sa\u00fade corporativa indica uma mudan\u00e7a estrutural na forma como empresas lidam com riscos relacionados ao bem-estar dos colaboradores. A preven\u00e7\u00e3o passa a ser tratada como ferramenta de gest\u00e3o, com impacto direto sobre custos e produtividade. <\/p>\n<p>A tend\u00eancia \u00e9 de maior integra\u00e7\u00e3o entre \u00e1reas de sa\u00fade, recursos humanos e planejamento financeiro, consolidando a sa\u00fade como vari\u00e1vel relevante no desempenho das organiza\u00e7\u00f5es. O Dr. Vinicius Rodrigues enfatiza que empresas que estruturam pol\u00edticas preventivas tendem a operar com maior estabilidade e previsibilidade, em um ambiente cada vez mais orientado \u00e0 efici\u00eancia operacional.<\/p>\n<p>A <b>OESP<\/b> n\u00e3o \u00e9(s\u00e3o) respons\u00e1vel(is) por erros, incorre\u00e7\u00f5es, atrasos ou quaisquer decis\u00f5es tomadas por seus clientes com base nos Conte\u00fados ora disponibilizados, bem como tais Conte\u00fados n\u00e3o representam a opini\u00e3o da <b>OESP<\/b> e s\u00e3o de inteira responsabilidade da <b>Ag\u00eancia Saftec<\/b><\/p>\n","protected":false},"excerpt":{"rendered":"Ado\u00e7\u00e3o de pol\u00edticas preventivas amplia controle sobre afastamentos e despesas assistenciais no ambiente corporativo. A sa\u00fade dos colaboradores tem ganhado relev\u00e2ncia crescente na estrat\u00e9gia de","protected":false},"author":1,"featured_media":128476,"comment_status":"open","ping_status":"closed","sticky":false,"template":"","format":"standard","meta":{"_acf_changed":false,"inline_featured_image":false,"_monsterinsights_skip_tracking":false,"_monsterinsights_sitenote_active":false,"_monsterinsights_sitenote_note":"","_monsterinsights_sitenote_category":0,"footnotes":""},"categories":[525],"tags":[],"class_list":["post-128475","post","type-post","status-publish","format-standard","has-post-thumbnail","hentry","category-saftec-digital"],"acf":[],"_links":{"self":[{"href":"https:\/\/bluestudio.estadao.com.br\/agencia-de-comunicacao\/wp-json\/wp\/v2\/posts\/128475","targetHints":{"allow":["GET"]}}],"collection":[{"href":"https:\/\/bluestudio.estadao.com.br\/agencia-de-comunicacao\/wp-json\/wp\/v2\/posts"}],"about":[{"href":"https:\/\/bluestudio.estadao.com.br\/agencia-de-comunicacao\/wp-json\/wp\/v2\/types\/post"}],"author":[{"embeddable":true,"href":"https:\/\/bluestudio.estadao.com.br\/agencia-de-comunicacao\/wp-json\/wp\/v2\/users\/1"}],"replies":[{"embeddable":true,"href":"https:\/\/bluestudio.estadao.com.br\/agencia-de-comunicacao\/wp-json\/wp\/v2\/comments?post=128475"}],"version-history":[{"count":0,"href":"https:\/\/bluestudio.estadao.com.br\/agencia-de-comunicacao\/wp-json\/wp\/v2\/posts\/128475\/revisions"}],"wp:featuredmedia":[{"embeddable":true,"href":"https:\/\/bluestudio.estadao.com.br\/agencia-de-comunicacao\/wp-json\/wp\/v2\/media\/128476"}],"wp:attachment":[{"href":"https:\/\/bluestudio.estadao.com.br\/agencia-de-comunicacao\/wp-json\/wp\/v2\/media?parent=128475"}],"wp:term":[{"taxonomy":"category","embeddable":true,"href":"https:\/\/bluestudio.estadao.com.br\/agencia-de-comunicacao\/wp-json\/wp\/v2\/categories?post=128475"},{"taxonomy":"post_tag","embeddable":true,"href":"https:\/\/bluestudio.estadao.com.br\/agencia-de-comunicacao\/wp-json\/wp\/v2\/tags?post=128475"}],"curies":[{"name":"wp","href":"https:\/\/api.w.org\/{rel}","templated":true}]}}