{"id":128473,"date":"2026-04-29T10:40:00","date_gmt":"2026-04-29T13:40:00","guid":{"rendered":"https:\/\/bluestudio.estadao.com.br\/agencia-de-comunicacao\/saftec-digital\/dr-gustavo-khattar-de-godoy-analisa-o-impacto-da-telemedicina-na-ampliacao-do-acesso-a-saude-no-brasil\/"},"modified":"2026-04-29T10:40:00","modified_gmt":"2026-04-29T13:40:00","slug":"dr-gustavo-khattar-de-godoy-analisa-o-impacto-da-telemedicina-na-ampliacao-do-acesso-a-saude-no-brasil","status":"publish","type":"post","link":"https:\/\/bluestudio.estadao.com.br\/agencia-de-comunicacao\/saftec-digital\/dr-gustavo-khattar-de-godoy-analisa-o-impacto-da-telemedicina-na-ampliacao-do-acesso-a-saude-no-brasil\/","title":{"rendered":"Dr. Gustavo Khattar de Godoy analisa o impacto da telemedicina na amplia\u00e7\u00e3o do acesso \u00e0 sa\u00fade no Brasil"},"content":{"rendered":"<p><b>Avan\u00e7o da teleradiologia e da telessa\u00fade impulsiona efici\u00eancia, integra\u00e7\u00e3o e qualidade assistencial em todo o pa\u00eds.<\/b><\/p>\n<p>A incorpora\u00e7\u00e3o de tecnologias digitais tem promovido transforma\u00e7\u00f5es significativas na forma como os servi\u00e7os de sa\u00fade s\u00e3o estruturados e oferecidos no Brasil. Para o Dr. Gustavo Khattar de Godoy, a telemedicina representa um dos principais vetores dessa evolu\u00e7\u00e3o, ao ampliar o acesso a profissionais qualificados, reduzir barreiras geogr\u00e1ficas e tornar o atendimento mais \u00e1gil e eficiente.<\/p>\n<p>Nesse cen\u00e1rio, a digitaliza\u00e7\u00e3o vai al\u00e9m da conveni\u00eancia proporcionada pelo atendimento remoto. Trata-se de uma verdadeira reconfigura\u00e7\u00e3o do modelo assistencial, com maior integra\u00e7\u00e3o entre dados, processos e profissionais, resultando em uma medicina mais conectada, resolutiva e sustent\u00e1vel.<\/p>\n<p><b>Telemedicina e a reorganiza\u00e7\u00e3o do atendimento<\/b><\/p>\n<p>O avan\u00e7o da telemedicina tem desempenhado papel fundamental na reorganiza\u00e7\u00e3o dos fluxos hospitalares e na otimiza\u00e7\u00e3o dos recursos dispon\u00edveis. Segundo o m\u00e9dico, a possibilidade de realizar atendimentos, triagens e avalia\u00e7\u00f5es \u00e0 dist\u00e2ncia contribui diretamente para a redu\u00e7\u00e3o de filas, acelera\u00e7\u00e3o de diagn\u00f3sticos e melhoria da capacidade de resposta das unidades de sa\u00fade.<\/p>\n<p>Al\u00e9m disso, a integra\u00e7\u00e3o entre plataformas digitais e equipes m\u00e9dicas favorece decis\u00f5es cl\u00ednicas mais r\u00e1pidas e assertivas, especialmente em cen\u00e1rios de alta demanda e em regi\u00f5es com menor acesso a profissionais qualificados.<\/p>\n<p><b>Teleradiologia e precis\u00e3o diagn\u00f3stica<\/b><\/p>\n<p>Dentro desse contexto, a teleradiologia se consolida como uma das frentes mais estrat\u00e9gicas da transforma\u00e7\u00e3o digital na sa\u00fade. De acordo com o m\u00e9dico, a emiss\u00e3o de laudos \u00e0 dist\u00e2ncia contribui significativamente para a padroniza\u00e7\u00e3o diagn\u00f3stica, redu\u00e7\u00e3o do tempo de resposta e amplia\u00e7\u00e3o da cobertura assistencial.<\/p>\n<p>A uniformiza\u00e7\u00e3o de protocolos e a atua\u00e7\u00e3o de profissionais qualificados em diferentes localidades elevam o n\u00edvel de qualidade do atendimento, permitindo que institui\u00e7\u00f5es com menor estrutura tenham acesso a an\u00e1lises complexas e suporte especializado de alto n\u00edvel.<\/p>\n<p><b>Forma\u00e7\u00e3o e lideran\u00e7a m\u00e9dica na sa\u00fade digital<\/b><\/p>\n<p>Sua atua\u00e7\u00e3o na telessa\u00fade \u00e9 sustentada por s\u00f3lida forma\u00e7\u00e3o acad\u00eamica e ampla experi\u00eancia em radiologia e diagn\u00f3stico por imagem. Graduado pela Pontif\u00edcia Universidade Cat\u00f3lica de S\u00e3o Paulo, realizou sua especializa\u00e7\u00e3o no Instituto do Cora\u00e7\u00e3o da Universidade de S\u00e3o Paulo (InCor-USP), uma das principais refer\u00eancias da Am\u00e9rica Latina.<\/p>\n<p>Al\u00e9m disso, possui doutorado em Cl\u00ednica M\u00e9dica pela Universidade Estadual de Campinas (UNICAMP) e forma\u00e7\u00e3o internacional pela Johns Hopkins University, com foco em radiologia cardiovascular. Essa trajet\u00f3ria fortalece sua atua\u00e7\u00e3o tanto na interpreta\u00e7\u00e3o de exames de alta complexidade quanto na estrutura\u00e7\u00e3o de protocolos assistenciais e processos eficientes em ambientes digitais.<\/p>\n<p><b>Integra\u00e7\u00e3o tecnol\u00f3gica e expans\u00e3o nacional<\/b><\/p>\n<p>A L2D Sa\u00fade Digital atua nesse cen\u00e1rio com solu\u00e7\u00f5es que conectam tecnologia e assist\u00eancia m\u00e9dica em escala nacional. Presente em mais de 130 munic\u00edpios, a empresa desenvolve um ecossistema integrado de telessa\u00fade voltado \u00e0 amplia\u00e7\u00e3o do acesso e \u00e0 qualifica\u00e7\u00e3o da assist\u00eancia.<\/p>\n<p>Sob sua dire\u00e7\u00e3o m\u00e9dica, a opera\u00e7\u00e3o contempla teleconsultas, telediagn\u00f3stico e servi\u00e7os especializados como tele-ECG, tele-EEG e teleradiologia. O modelo envolve desde a implanta\u00e7\u00e3o da infraestrutura tecnol\u00f3gica at\u00e9 a capacita\u00e7\u00e3o das equipes, assegurando padroniza\u00e7\u00e3o, efici\u00eancia operacional e qualidade cl\u00ednica.<\/p>\n<p>Para o m\u00e9dico, a capacidade de integrar sistemas e adaptar solu\u00e7\u00f5es \u00e0s necessidades espec\u00edficas de diferentes institui\u00e7\u00f5es \u00e9 um dos principais fatores para o sucesso e a sustentabilidade da telessa\u00fade.<\/p>\n<p><b>Tend\u00eancias e consolida\u00e7\u00e3o do modelo digital<\/b><\/p>\n<p>A expans\u00e3o da medicina digital acompanha uma tend\u00eancia global de moderniza\u00e7\u00e3o dos sistemas de sa\u00fade. O avan\u00e7o dessas tecnologias tende a se intensificar nos pr\u00f3ximos anos, impulsionado pela busca por efici\u00eancia operacional, maior resolutividade cl\u00ednica e amplia\u00e7\u00e3o do acesso da popula\u00e7\u00e3o aos servi\u00e7os m\u00e9dicos.<\/p>\n<p>O cen\u00e1rio aponta para a consolida\u00e7\u00e3o de um modelo assistencial mais integrado, no qual a tecnologia deixa de ser apenas uma ferramenta de apoio e passa a ocupar posi\u00e7\u00e3o central na entrega do cuidado. Nesse contexto, a telemedicina e a teleradiologia se firmam como pilares estruturantes de um sistema de sa\u00fade mais acess\u00edvel, inteligente, resolutivo e alinhado \u00e0s demandas contempor\u00e2neas da medicina brasileira.<\/p>\n<p>A <b>OESP<\/b> n\u00e3o \u00e9(s\u00e3o) respons\u00e1vel(is) por erros, incorre\u00e7\u00f5es, atrasos ou quaisquer decis\u00f5es tomadas por seus clientes com base nos Conte\u00fados ora disponibilizados, bem como tais Conte\u00fados n\u00e3o representam a opini\u00e3o da <b>OESP<\/b> e s\u00e3o de inteira responsabilidade da <b>Ag\u00eancia Saftec<\/b><\/p>\n","protected":false},"excerpt":{"rendered":"Avan\u00e7o da teleradiologia e da telessa\u00fade impulsiona efici\u00eancia, integra\u00e7\u00e3o e qualidade assistencial em todo o pa\u00eds. A incorpora\u00e7\u00e3o de tecnologias digitais tem promovido transforma\u00e7\u00f5es","protected":false},"author":1,"featured_media":128474,"comment_status":"open","ping_status":"closed","sticky":false,"template":"","format":"standard","meta":{"_acf_changed":false,"inline_featured_image":false,"_monsterinsights_skip_tracking":false,"_monsterinsights_sitenote_active":false,"_monsterinsights_sitenote_note":"","_monsterinsights_sitenote_category":0,"footnotes":""},"categories":[525],"tags":[],"class_list":["post-128473","post","type-post","status-publish","format-standard","has-post-thumbnail","hentry","category-saftec-digital"],"acf":[],"_links":{"self":[{"href":"https:\/\/bluestudio.estadao.com.br\/agencia-de-comunicacao\/wp-json\/wp\/v2\/posts\/128473","targetHints":{"allow":["GET"]}}],"collection":[{"href":"https:\/\/bluestudio.estadao.com.br\/agencia-de-comunicacao\/wp-json\/wp\/v2\/posts"}],"about":[{"href":"https:\/\/bluestudio.estadao.com.br\/agencia-de-comunicacao\/wp-json\/wp\/v2\/types\/post"}],"author":[{"embeddable":true,"href":"https:\/\/bluestudio.estadao.com.br\/agencia-de-comunicacao\/wp-json\/wp\/v2\/users\/1"}],"replies":[{"embeddable":true,"href":"https:\/\/bluestudio.estadao.com.br\/agencia-de-comunicacao\/wp-json\/wp\/v2\/comments?post=128473"}],"version-history":[{"count":0,"href":"https:\/\/bluestudio.estadao.com.br\/agencia-de-comunicacao\/wp-json\/wp\/v2\/posts\/128473\/revisions"}],"wp:featuredmedia":[{"embeddable":true,"href":"https:\/\/bluestudio.estadao.com.br\/agencia-de-comunicacao\/wp-json\/wp\/v2\/media\/128474"}],"wp:attachment":[{"href":"https:\/\/bluestudio.estadao.com.br\/agencia-de-comunicacao\/wp-json\/wp\/v2\/media?parent=128473"}],"wp:term":[{"taxonomy":"category","embeddable":true,"href":"https:\/\/bluestudio.estadao.com.br\/agencia-de-comunicacao\/wp-json\/wp\/v2\/categories?post=128473"},{"taxonomy":"post_tag","embeddable":true,"href":"https:\/\/bluestudio.estadao.com.br\/agencia-de-comunicacao\/wp-json\/wp\/v2\/tags?post=128473"}],"curies":[{"name":"wp","href":"https:\/\/api.w.org\/{rel}","templated":true}]}}