{"id":128469,"date":"2026-04-29T10:12:00","date_gmt":"2026-04-29T13:12:00","guid":{"rendered":"https:\/\/bluestudio.estadao.com.br\/agencia-de-comunicacao\/prnewswire\/educacao-na-natureza-forma-cidadaos-mais-engajados-programa-do-instituto-ecofuturo-impacta-milhares-de-alunos-e-educadores\/"},"modified":"2026-04-29T10:12:00","modified_gmt":"2026-04-29T13:12:00","slug":"educacao-na-natureza-forma-cidadaos-mais-engajados-programa-do-instituto-ecofuturo-impacta-milhares-de-alunos-e-educadores","status":"publish","type":"post","link":"https:\/\/bluestudio.estadao.com.br\/agencia-de-comunicacao\/prnewswire\/educacao-na-natureza-forma-cidadaos-mais-engajados-programa-do-instituto-ecofuturo-impacta-milhares-de-alunos-e-educadores\/","title":{"rendered":"Educa\u00e7\u00e3o na natureza forma cidad\u00e3os mais engajados: programa do Instituto Ecofuturo impacta milhares de alunos e educadores"},"content":{"rendered":"\n<div class=\"xn-content\">\n<i>&#8220;Meu Ambiente&#8221; formou 500 educadores e impacta mais de 12 mil estudantes ao integrar natureza e ensino na rede p\u00fablica<\/i><\/p>\n<p><span class=\"legendSpanClass\">SAO PAULO<\/span>, <span class=\"legendSpanClass\">29 de abril de 2026<\/span> \/PRNewswire\/ &#8212; No Dia Mundial da Educa\u00e7\u00e3o, celebrado em 28 de abril, o debate sobre novas formas de aprendizagem ganha ainda mais relev\u00e2ncia diante dos atuais desafios socioambientais. Nesse contexto, iniciativas que conectam educa\u00e7\u00e3o e natureza t\u00eam se mostrado fundamentais para formar cidad\u00e3os mais conscientes. \u00c9 o caso do programa Meu Ambiente, do <b>Instituto Ecofuturo<\/b>, organiza\u00e7\u00e3o sem fins lucrativos, fundada e mantida pela <b>Suzano.<\/b><\/p>\n<div class=\"PRN_ImbeddedAssetReference\" id=\"DivAssetPlaceHolder1\">\n<a href=\"https:\/\/mma.prnewswire.com\/media\/2969001\/Programa_Sino_brasileiro__7.html\" target=\"_blank\" rel=\"nofollow\">  <img decoding=\"async\" src=\"https:\/\/mma.prnewswire.com\/media\/2969001\/Programa_Sino_brasileiro__7.jpg\" title=\"\" alt=\"\" \/><\/a>\n <\/p>\n<\/p><\/div>\n<p>Desenvolvido desde 2010, o programa utiliza o ambiente natural como espa\u00e7o educador, promovendo experi\u00eancias pr\u00e1ticas que aproximam estudantes e educadores das quest\u00f5es ambientais. Realizado em parceria com escolas p\u00fablicas de munic\u00edpios do entorno do Parque das Neblinas &#8211; reserva ambiental da Suzano, gerida pelo Ecofuturo, com 7 mil hectares -, como Mogi das Cruzes, Suzano e Bertioga (SP), o Meu Ambiente incentiva a integra\u00e7\u00e3o entre teoria e pr\u00e1tica e o desenvolvimento de projetos que levam a natureza para dentro do cotidiano escolar.<\/p>\n<p>Ao longo de sua trajet\u00f3ria, o programa consolidou resultados expressivos: j\u00e1 formou cerca de 500 educadores da rede p\u00fablica, impactou mais de 12 mil estudantes e envolveu mais de 250 escolas, al\u00e9m do desenvolvimento de nove materiais did\u00e1ticos.<\/p>\n<p>Com uma metodologia estruturada, o Meu Ambiente oferece uma trilha formativa de aproximadamente 60 horas, combinando conte\u00fados te\u00f3ricos, pr\u00e1ticas pedag\u00f3gicas e experi\u00eancias imersivas na natureza ao longo de seis meses. Um dos diferenciais do programa \u00e9 a cria\u00e7\u00e3o de espa\u00e7os verdes nas escolas, desenvolvidos pelos pr\u00f3prios educadores participantes como parte do processo formativo, conectando o aprendizado \u00e0 realidade local e promovendo impacto cont\u00ednuo nas comunidades escolares.<\/p>\n<p>&#8220;Celebrar o Dia Mundial da Educa\u00e7\u00e3o \u00e9 refor\u00e7ar que o aprendizado precisa ir al\u00e9m da sala de aula. Quando educadores e estudantes vivenciam a natureza, eles constroem uma rela\u00e7\u00e3o mais profunda com o meio ambiente e se tornam agentes ativos na sua conserva\u00e7\u00e3o&#8221;, afirma Michele Martins<b>, <\/b>idealizadora e respons\u00e1vel pela iniciativa. &#8220;A educa\u00e7\u00e3o, quando conectada ao territ\u00f3rio e \u00e0 natureza, fortalece a rela\u00e7\u00e3o das pessoas com o ambiente e inspira novas formas de cuidado com a vida. Esse \u00e9 o prop\u00f3sito do Meu Ambiente&#8221;, completa destacando o papel da comunidade escolar nesse processo.<\/p>\n<p>Essa abordagem est\u00e1 alinhada \u00e0 miss\u00e3o do Instituto Ecofuturo, que atua na promo\u00e7\u00e3o da conserva\u00e7\u00e3o ambiental e da educa\u00e7\u00e3o, integrando pessoas, conhecimento e natureza para transformar a sociedade. Al\u00e9m do impacto local, o programa tamb\u00e9m vem ampliando seu alcance por meio de parcerias e iniciativas nacionais (como na Bahia e no Mato Grosso do Sul) e internacionais (como na China, em parceria com a Suzano \u00c1sia), promovendo interc\u00e2mbio de conhecimentos e refor\u00e7ando a relev\u00e2ncia da educa\u00e7\u00e3o ambiental como agenda global.<\/p>\n<p>Os aprendizados e resultados acumulados ao longo de uma d\u00e9cada est\u00e3o reunidos na publica\u00e7\u00e3o <i>&#8220;Nosso Ambiente: 10 anos educando na natureza&#8221;<\/i>, dispon\u00edvel no <a href=\"http:\/\/www.ecofuturo.org.br\/nosso-ambiente-10-anos-educando-na-natureza\/\" target=\"_blank\" rel=\"nofollow\">site do Instituto Ecofuturo<\/a>, que traz relatos, reflex\u00f5es e experi\u00eancias inspiradoras de educadores participantes.<\/p>\n<p>Em um cen\u00e1rio de mudan\u00e7as clim\u00e1ticas e crescente urg\u00eancia ambiental, programas como o Meu Ambiente evidenciam que a educa\u00e7\u00e3o vai al\u00e9m da sala de aula e que a natureza pode ser uma poderosa aliada na forma\u00e7\u00e3o de novas gera\u00e7\u00f5es mais conscientes, engajadas e preparadas para construir um futuro sustent\u00e1vel.<\/p>\n<p>O Programa Meu Ambiente est\u00e1 alinhado aos Objetivos de Desenvolvimento Sustent\u00e1vel (ODS) e \u00e0 Agenda Ambiental Global, contribuindo para a promo\u00e7\u00e3o da educa\u00e7\u00e3o de qualidade, cidades e comunidades sustent\u00e1veis, a\u00e7\u00e3o clim\u00e1tica e conserva\u00e7\u00e3o da vida terrestre.<\/p>\n<p><b>Sobre o Instituto Ecofuturo<\/b> <\/p>\n<p>Organiza\u00e7\u00e3o sem fins lucrativos, fundada em 1999 e mantida pela Suzano, o Instituto Ecofuturo contribui para transformar a sociedade por meio da conserva\u00e7\u00e3o ambiental e promo\u00e7\u00e3o do conhecimento. Conhe\u00e7a mais sobre o Ecofuturo em <a href=\"http:\/\/ecofuturo.org.br\/\" target=\"_blank\" rel=\"nofollow\"><b>ecofuturo.org.br<\/b><\/a>, e acompanhe em <a href=\"http:\/\/facebook.com\/InstitutoEcofuturo\" target=\"_blank\" rel=\"nofollow\">facebook.com\/InstitutoEcofuturo<\/a>, <a href=\"http:\/\/youtube.com\/institutoecofuturo\" target=\"_blank\" rel=\"nofollow\">youtube.com\/institutoecofuturo<\/a> e <a href=\"http:\/\/www.instagram.com\/ecofuturo\" target=\"_blank\" rel=\"nofollow\">instagram.com\/ecofuturo<\/a>. <\/p>\n<p><b>Sobre o Parque das Neblinas<\/b><\/p>\n<p>Reconhecido pelo Programa Homem e Biosfera da UNESCO como Posto Avan\u00e7ado da Reserva da Biosfera da Mata Atl\u00e2ntica, o Parque das Neblinas \u00e9 uma reserva ambiental da Suzano, gerida pelo Ecofuturo, com 7 mil hectares. No local, s\u00e3o desenvolvidas atividades de ecoturismo, pesquisa cient\u00edfica, educa\u00e7\u00e3o ambiental, manejo e restaura\u00e7\u00e3o florestal e participa\u00e7\u00e3o comunit\u00e1ria.<\/p>\n<p><a href=\"http:\/\/www.planin.com\/\" target=\"_blank\" rel=\"nofollow\"><b>Planin<\/b><\/a><b> &#8211; Assessoria de Imprensa da <\/b><a href=\"http:\/\/www.suzano.com.br\/\" target=\"_blank\" rel=\"nofollow\"><b>Suzano<\/b><\/a> <br \/>Beatriz Imenes e equipe &#8211; <a href=\"http:\/\/www.planin.com\/\" target=\"_blank\" rel=\"nofollow\">www.planin.com<\/a> <br \/>Contato: Eduarda Lopes e Joana Tchian- <a href=\"mailto:suzano@planin.com\" target=\"_blank\" rel=\"nofollow\">suzano@planin.com<\/a> &#8211; Tel.: (11) 2138-8949  <\/p>\n<p>Foto &#8211; <a href=\"https:\/\/mma.prnewswire.com\/media\/2969001\/Programa_Sino_brasileiro__7.jpg\" target=\"_blank\" rel=\"nofollow\">https:\/\/mma.prnewswire.com\/media\/2969001\/Programa_Sino_brasileiro__7.jpg<\/a><\/p>\n<p id=\"PURL\"><img loading=\"lazy\" decoding=\"async\" title=\"Cision\" width=\"12\" height=\"12\" alt=\"Cision\" src=\"https:\/\/edge.prnewswire.com\/c\/img\/favicon.png?sn=PT46688&amp;sd=2026-04-29\" \/> View original content to download multimedia:<a id=\"PRNURL\" rel=\"nofollow\" href=\"https:\/\/www.prnewswire.com\/br\/comunicados-para-a-imprensa\/educacao-na-natureza-forma-cidadaos-mais-engajados-programa-do-instituto-ecofuturo-impacta-milhares-de-alunos-e-educadores-302757196.html\" target=\"_blank\">https:\/\/www.prnewswire.com\/br\/comunicados-para-a-imprensa\/educacao-na-natureza-forma-cidadaos-mais-engajados-programa-do-instituto-ecofuturo-impacta-milhares-de-alunos-e-educadores-302757196.html<\/a><\/p>\n<p>FONTE Ecofuturo<\/p>\n<\/div>\n<p>  <img decoding=\"async\" alt=\"\" src=\"https:\/\/rt.prnewswire.com\/rt.gif?NewsItemId=PT46688&amp;Transmission_Id=202604290900PR_NEWS_LATAM____PT46688&amp;DateId=20260429\" style=\"border:0px;width:1px;height:1px\" \/><\/p>\n<p><strong>T\u00f3picos Relacionados:<\/strong> Sem Fins Lucrativos, Educa\u00e7\u00e3o, Quest\u00f5es Ambientais, Produtos e Servi\u00e7os Ambientais<\/p>\n<p>A <b>OESP<\/b> n\u00e3o \u00e9(s\u00e3o) respons\u00e1vel(is) por erros, incorre\u00e7\u00f5es, atrasos ou quaisquer decis\u00f5es tomadas por seus clientes com base nos Conte\u00fados ora disponibilizados, bem como tais Conte\u00fados n\u00e3o representam a opini\u00e3o da <b>OESP<\/b> e s\u00e3o de inteira responsabilidade da <b>PR Newswire Ltda<\/b><\/p>\n","protected":false},"excerpt":{"rendered":"&#8220;Meu Ambiente&#8221; formou 500 educadores e impacta mais de 12 mil estudantes ao integrar natureza e ensino na rede p\u00fablica SAO PAULO, 29 de abril de 2026 \/PRNewswire\/ &#8212; No Dia Mundial","protected":false},"author":1,"featured_media":128470,"comment_status":"open","ping_status":"closed","sticky":false,"template":"","format":"standard","meta":{"_acf_changed":false,"inline_featured_image":false,"_monsterinsights_skip_tracking":false,"_monsterinsights_sitenote_active":false,"_monsterinsights_sitenote_note":"","_monsterinsights_sitenote_category":0,"footnotes":""},"categories":[27],"tags":[9191,9190,9192],"class_list":["post-128469","post","type-post","status-publish","format-standard","has-post-thumbnail","hentry","category-prnewswire","tag-celebrado-em-28-de-abril","tag-no-dia-mundial-da-educacao","tag-o-debate-sobre-novas-formas-de-aprendizagem-ganha-ainda-mais-relevancia-diante-dos-atuais-desafios-socioambientais-nesse-con"],"acf":[],"_links":{"self":[{"href":"https:\/\/bluestudio.estadao.com.br\/agencia-de-comunicacao\/wp-json\/wp\/v2\/posts\/128469","targetHints":{"allow":["GET"]}}],"collection":[{"href":"https:\/\/bluestudio.estadao.com.br\/agencia-de-comunicacao\/wp-json\/wp\/v2\/posts"}],"about":[{"href":"https:\/\/bluestudio.estadao.com.br\/agencia-de-comunicacao\/wp-json\/wp\/v2\/types\/post"}],"author":[{"embeddable":true,"href":"https:\/\/bluestudio.estadao.com.br\/agencia-de-comunicacao\/wp-json\/wp\/v2\/users\/1"}],"replies":[{"embeddable":true,"href":"https:\/\/bluestudio.estadao.com.br\/agencia-de-comunicacao\/wp-json\/wp\/v2\/comments?post=128469"}],"version-history":[{"count":0,"href":"https:\/\/bluestudio.estadao.com.br\/agencia-de-comunicacao\/wp-json\/wp\/v2\/posts\/128469\/revisions"}],"wp:featuredmedia":[{"embeddable":true,"href":"https:\/\/bluestudio.estadao.com.br\/agencia-de-comunicacao\/wp-json\/wp\/v2\/media\/128470"}],"wp:attachment":[{"href":"https:\/\/bluestudio.estadao.com.br\/agencia-de-comunicacao\/wp-json\/wp\/v2\/media?parent=128469"}],"wp:term":[{"taxonomy":"category","embeddable":true,"href":"https:\/\/bluestudio.estadao.com.br\/agencia-de-comunicacao\/wp-json\/wp\/v2\/categories?post=128469"},{"taxonomy":"post_tag","embeddable":true,"href":"https:\/\/bluestudio.estadao.com.br\/agencia-de-comunicacao\/wp-json\/wp\/v2\/tags?post=128469"}],"curies":[{"name":"wp","href":"https:\/\/api.w.org\/{rel}","templated":true}]}}