{"id":128467,"date":"2026-04-29T10:42:00","date_gmt":"2026-04-29T13:42:00","guid":{"rendered":"https:\/\/bluestudio.estadao.com.br\/agencia-de-comunicacao\/prnewswire\/a-america-latina-representa-17-das-vendas-liquidas-globais-da-essity-e-busca-continuar-acelerando-sua-presenca-na-regiao\/"},"modified":"2026-04-29T10:42:00","modified_gmt":"2026-04-29T13:42:00","slug":"a-america-latina-representa-17-das-vendas-liquidas-globais-da-essity-e-busca-continuar-acelerando-sua-presenca-na-regiao","status":"publish","type":"post","link":"https:\/\/bluestudio.estadao.com.br\/agencia-de-comunicacao\/prnewswire\/a-america-latina-representa-17-das-vendas-liquidas-globais-da-essity-e-busca-continuar-acelerando-sua-presenca-na-regiao\/","title":{"rendered":"A Am\u00e9rica Latina representa 17% das vendas l\u00edquidas globais da Essity e busca continuar acelerando sua presen\u00e7a na regi\u00e3o"},"content":{"rendered":"\n<div class=\"xn-content\">\n<p class=\"prntac\"><i>Companhia registra vendas de 138 bilh\u00f5es de coroas suecas e crescimento em todas as \u00e1reas de neg\u00f3cio, impulsionada por categorias estrat\u00e9gicas. <\/i><\/p>\n<div class=\"PRN_ImbeddedAssetReference\" id=\"DivAssetPlaceHolder1155\">\n<a href=\"https:\/\/mma.prnewswire.com\/media\/2969022\/FOTO_Essity_Logo_Resultados_financeiros.html\" target=\"_blank\" rel=\"nofollow\"><img decoding=\"async\" src=\"https:\/\/mma.prnewswire.com\/media\/2969022\/FOTO_Essity_Logo_Resultados_financeiros.jpg\" title=\"Essity avan\u00e7a globalmente e v\u00ea potencial de expans\u00e3o na Am\u00e9rica Latina FOTO DIVULGA\u00c7\u00c3O ESSITY\" alt=\"Essity avan\u00e7a globalmente e v\u00ea potencial de expans\u00e3o na Am\u00e9rica Latina FOTO DIVULGA\u00c7\u00c3O ESSITY\" \/><\/a><\/p>\n<\/div>\n<p><span class=\"legendSpanClass\">S\u00c3O PAULO<\/span>, <span class=\"legendSpanClass\">29 de abril de 2026<\/span> \/PRNewswire\/ &#8212; A Essity, l\u00edder global em higiene e sa\u00fade, anunciou seus resultados financeiros de 2025, com vendas l\u00edquidas de 138 bilh\u00f5es de coroas suecas (SEK) e crescimento org\u00e2nico em todas as \u00e1reas de neg\u00f3cios. O desempenho foi impulsionado por categorias estrat\u00e9gicas, como produtos para incontin\u00eancia, prote\u00e7\u00e3o feminina, solu\u00e7\u00f5es m\u00e9dicas e higiene profissional. Desse total, <b>17% das vendas l\u00edquidas globais v\u00eam da Am\u00e9rica Latina<\/b>, regi\u00e3o na qual a empresa busca acelerar seu crescimento, alavancada pelo alto potencial do mercado de higiene e sa\u00fade, estimado em <b>105 bilh\u00f5es de SEK<\/b>, com crescimento anual esperado entre <b>2% e 3%<\/b>.<\/p>\n<p>Esse crescimento \u00e9 sustentado em todas as suas \u00e1reas de neg\u00f3cios. Globalmente, Health and Medical representa 20% das vendas totais da companhia, Consumer Goods 54% e Professional Hygiene 26%. Em cada uma delas, a Am\u00e9rica Latina representa uma propor\u00e7\u00e3o significativa, considerando que dois pa\u00edses da regi\u00e3o, M\u00e9xico e Col\u00f4mbia, est\u00e3o entre os 10 mais importantes em vendas dentre os 150 em que a empresa possui presen\u00e7a global. Al\u00e9m disso, a companhia tem grandes expectativas de continuar crescendo de forma acelerada no Brasil, a maior economia da regi\u00e3o.<\/p>\n<p>Na Am\u00e9rica Latina, o grupo conta com marcas s\u00f3lidas e fortes posi\u00e7\u00f5es de mercado, com lideran\u00e7a em Cuidado Feminino e Incontin\u00eancia (Consumer Goods). Al\u00e9m disso, a regi\u00e3o oferece oportunidades de crescimento rent\u00e1vel em todos os neg\u00f3cios, gra\u00e7as ao aumento da penetra\u00e7\u00e3o das categorias e ao <a href=\"https:\/\/agenciadenoticias.ibge.gov.br\/agencia-noticias\/2012-agencia-de-noticias\/noticias\/45969-pib-cresce-2-3-em-2025\" target=\"_blank\" rel=\"nofollow\">crescimento do consumo per capita<\/a>.<\/p>\n<p>No Brasil, a empresa possui 7 marcas comerciais, 500 colaboradores e uma unidade de produ\u00e7\u00e3o localizada em Jarinu, dedicada \u00e0 produ\u00e7\u00e3o local da marca TENA, que, desde 2022, de acordo com a Close-up, assumiu a lideran\u00e7a no canal de farm\u00e1cias do pa\u00eds. Na unidade, tamb\u00e9m h\u00e1 a produ\u00e7\u00e3o para a marca Tork, l\u00edder global em higiene profissional.<\/p>\n<p>A estrat\u00e9gia da Essity est\u00e1 focada na expans\u00e3o em categorias de alto desempenho, canais de crescimento acelerado e mercados priorit\u00e1rios, como a Am\u00e9rica Latina. Al\u00e9m de manter sua lideran\u00e7a em sustentabilidade, inova\u00e7\u00e3o e excel\u00eancia operacional, apoiada por uma cultura diferenciada, inclusiva e orientada a resultados.<\/p>\n<p>A inova\u00e7\u00e3o continua sendo um dos principais motores de crescimento da companhia. Ao longo de 2025, a Essity lan\u00e7ou solu\u00e7\u00f5es globais, incluindo <b>Cutimed\u00ae Siltec\u00ae Sorbact\u00ae<\/b>, que combina tecnologia avan\u00e7ada de espuma para cicatriza\u00e7\u00e3o com a\u00e7\u00e3o de liga\u00e7\u00e3o bacteriana, ajudando a controlar infec\u00e7\u00f5es sem contribuir para a resist\u00eancia antimicrobiana. Essa solu\u00e7\u00e3o faz parte do portf\u00f3lio regional do neg\u00f3cio.<\/p>\n<p>Al\u00e9m disso, a empresa apresenta avan\u00e7os em sistemas estrat\u00e9gicos de higiene profissional e solu\u00e7\u00f5es para o consumidor. Esses lan\u00e7amentos refletem o foco da companhia em atender diferentes perfis de consumidores, clientes e pacientes, considerando acessibilidade, superioridade, qualidade, desempenho e efici\u00eancia no uso de recursos.<\/p>\n<p>No Brasil, a empresa tamb\u00e9m vem ampliando sua presen\u00e7a. A marca <b>Libresse<\/b>, voltada ao cuidado de todo o ciclo menstrual, expandiu sua atua\u00e7\u00e3o no canal farmac\u00eautico, triplicando sua presen\u00e7a em lojas f\u00edsicas no pa\u00eds nos desde 2024. A marca tamb\u00e9m lan\u00e7ou a linha <b>V-Bio<\/b>, composta por absorventes e protetores \u00edntimos biodegrad\u00e1veis, j\u00e1 dispon\u00edveis no M\u00e9xico sob a marca SABA.<\/p>\n<p>Com a TENA, al\u00e9m do lan\u00e7amento da linha Pants Mulher de roupas \u00edntimas descart\u00e1veis, a Essity divulgou dois novos estudos em 2026: um que d\u00e1 visibilidade \u00e0 incontin\u00eancia durante a gravidez e o p\u00f3s-parto, condi\u00e7\u00e3o presente em 40% das gestantes, segundo a <a href=\"https:\/\/sbu-sp.org.br\/publico\/incontinencia-urinaria-afeta-a-vida-de-mais-de-10-milhoes-de-pessoas-no-pais\/\" target=\"_blank\" rel=\"nofollow\">Sociedade Brasileira de Urologia<\/a>, e uma pesquisa in\u00e9dita com dados sobre h\u00e1bitos e atitudes de cuidadores de idosos no pa\u00eds. Al\u00e9m disso, a Essity celebra <b>dez anos de presen\u00e7a no mercado brasileiro de higiene profissional<\/b> por meio da marca <b>Tork<\/b>.<\/p>\n<p>Outro pilar relevante \u00e9 a sustentabilidade, central para o crescimento de longo prazo. A empresa mant\u00e9m metas clim\u00e1ticas alinhadas a padr\u00f5es internacionais e o compromisso de atingir emiss\u00f5es l\u00edquidas zero de gases de efeito estufa at\u00e9 2050, al\u00e9m de figurar em \u00edndices e rankings globais de sustentabilidade.<\/p>\n<p>&#8220;A Essity segue comprometida em transformar o futuro da higiene e sa\u00fade, desenvolvendo solu\u00e7\u00f5es que acompanham as pessoas em todas as fases da vida e em diferentes lugares. Nosso foco est\u00e1 na inova\u00e7\u00e3o, no crescimento sustent\u00e1vel e no fortalecimento de nossas posi\u00e7\u00f5es em mercados estrat\u00e9gicos&#8221;, afirma Jo\u00e3o Surdi, respons\u00e1vel pela Controladoria de Vendas e Marketing na Essity do Brasil.<\/p>\n<p>&#8220;Ao mesmo tempo, avan\u00e7amos na constru\u00e7\u00e3o de uma opera\u00e7\u00e3o mais circular e eficiente, com produtos e solu\u00e7\u00f5es que contribuem para o uso respons\u00e1vel de recursos e a redu\u00e7\u00e3o dos impactos ambientais&#8221;, acrescenta o executivo.<\/p>\n<p>Com metas financeiras globais que incluem crescimento org\u00e2nico anual superior a 3% e margem EBITDA acima de 15%, a Essity refor\u00e7a sua estrat\u00e9gia de gera\u00e7\u00e3o de valor no longo prazo, apoiada por inova\u00e7\u00e3o cont\u00ednua, expans\u00e3o geogr\u00e1fica e fortalecimento de seu portf\u00f3lio global.<\/p>\n<p><b>Sobre a Essity <\/b><\/p>\n<p>A Essity \u00e9 uma empresa l\u00edder global em higiene e sa\u00fade. Todos os dias, nossos produtos, servi\u00e7os e solu\u00e7\u00f5es s\u00e3o usados por um bilh\u00e3o de pessoas em todo o mundo. Nosso objetivo \u00e9 quebrar barreiras pelo bem-estar dos consumidores, pacientes, cuidadores, clientes e da sociedade. Estamos presentes em aproximadamente 150 pa\u00edses com as marcas l\u00edderes globais TENA e Tork, e outras marcas fortes, como Actimove, Cutimed, JOBST, Knix, Leukoplast, Libero, Libresse, Lotus, Modibodi, Nosotras, Saba, Tempo, TOM Organic e Zewa. Em 2025, a Essity teve vendas de aproximadamente 138 bilh\u00f5es de coroas suecas (13 bilh\u00f5es de euros) e empregou 36.000 pessoas. A sede da empresa est\u00e1 localizada em Estocolmo, na Su\u00e9cia, e a Essity est\u00e1 listada na Nasdaq Stockholm. Para mais informa\u00e7\u00f5es, acesse o <a href=\"https:\/\/www.essity.com\/\" target=\"_blank\" rel=\"nofollow\">site<\/a>.<\/p>\n<p>Foto &#8211; <a href=\"https:\/\/mma.prnewswire.com\/media\/2969022\/FOTO_Essity_Logo_Resultados_financeiros.jpg\" target=\"_blank\" rel=\"nofollow\">https:\/\/mma.prnewswire.com\/media\/2969022\/FOTO_Essity_Logo_Resultados_financeiros.jpg<\/a><\/p>\n<\/p>\n<div class=\"PRN_ImbeddedAssetReference\" id=\"DivAssetPlaceHolder0\"><\/div>\n<p id=\"PURL\"><img loading=\"lazy\" decoding=\"async\" title=\"Cision\" width=\"12\" height=\"12\" alt=\"Cision\" src=\"https:\/\/edge.prnewswire.com\/c\/img\/favicon.png?sn=PT46712&amp;sd=2026-04-29\" \/> View original content to download multimedia:<a id=\"PRNURL\" rel=\"nofollow\" href=\"https:\/\/www.prnewswire.com\/br\/comunicados-para-a-imprensa\/a-america-latina-representa-17-das-vendas-liquidas-globais-da-essity-e-busca-continuar-acelerando-sua-presenca-na-regiao-302757312.html\" target=\"_blank\">https:\/\/www.prnewswire.com\/br\/comunicados-para-a-imprensa\/a-america-latina-representa-17-das-vendas-liquidas-globais-da-essity-e-busca-continuar-acelerando-sua-presenca-na-regiao-302757312.html<\/a><\/p>\n<p>FONTE Essity<\/p>\n<\/div>\n<p>  <img decoding=\"async\" alt=\"\" src=\"https:\/\/rt.prnewswire.com\/rt.gif?NewsItemId=PT46712&amp;Transmission_Id=202604290931PR_NEWS_LATAM____PT46712&amp;DateId=20260429\" style=\"border:0px;width:1px;height:1px\" \/><\/p>\n<p><strong>T\u00f3picos Relacionados:<\/strong> Ganhos, Produtos Dom\u00e9sticos, Varejo, Sa\u00fade\/Hospitais, Dom\u00e9stico\/Consumidor\/Cosm\u00e9ticos, Cosm\u00e9ticos e Cuidados Pessoais<\/p>\n<p>A <b>OESP<\/b> n\u00e3o \u00e9(s\u00e3o) respons\u00e1vel(is) por erros, incorre\u00e7\u00f5es, atrasos ou quaisquer decis\u00f5es tomadas por seus clientes com base nos Conte\u00fados ora disponibilizados, bem como tais Conte\u00fados n\u00e3o representam a opini\u00e3o da <b>OESP<\/b> e s\u00e3o de inteira responsabilidade da <b>PR Newswire Ltda<\/b><\/p>\n","protected":false},"excerpt":{"rendered":"Companhia registra vendas de 138 bilh\u00f5es de coroas suecas e crescimento em todas as \u00e1reas de neg\u00f3cio, impulsionada por categorias estrat\u00e9gicas. S\u00c3O PAULO, 29 de abril de 2026 \/PRNewswire\/ &#8212;","protected":false},"author":1,"featured_media":128468,"comment_status":"open","ping_status":"closed","sticky":false,"template":"","format":"standard","meta":{"_acf_changed":false,"inline_featured_image":false,"_monsterinsights_skip_tracking":false,"_monsterinsights_sitenote_active":false,"_monsterinsights_sitenote_note":"","_monsterinsights_sitenote_category":0,"footnotes":""},"categories":[27],"tags":[9188,9189],"class_list":["post-128467","post","type-post","status-publish","format-standard","has-post-thumbnail","hentry","category-prnewswire","tag-companhia-registra-vendas-de-138-bilhoes-de-coroas-suecas-e-crescimento-em-todas-as-areas-de-negocio","tag-impulsionada-por-categorias-estrategicas"],"acf":[],"_links":{"self":[{"href":"https:\/\/bluestudio.estadao.com.br\/agencia-de-comunicacao\/wp-json\/wp\/v2\/posts\/128467","targetHints":{"allow":["GET"]}}],"collection":[{"href":"https:\/\/bluestudio.estadao.com.br\/agencia-de-comunicacao\/wp-json\/wp\/v2\/posts"}],"about":[{"href":"https:\/\/bluestudio.estadao.com.br\/agencia-de-comunicacao\/wp-json\/wp\/v2\/types\/post"}],"author":[{"embeddable":true,"href":"https:\/\/bluestudio.estadao.com.br\/agencia-de-comunicacao\/wp-json\/wp\/v2\/users\/1"}],"replies":[{"embeddable":true,"href":"https:\/\/bluestudio.estadao.com.br\/agencia-de-comunicacao\/wp-json\/wp\/v2\/comments?post=128467"}],"version-history":[{"count":0,"href":"https:\/\/bluestudio.estadao.com.br\/agencia-de-comunicacao\/wp-json\/wp\/v2\/posts\/128467\/revisions"}],"wp:featuredmedia":[{"embeddable":true,"href":"https:\/\/bluestudio.estadao.com.br\/agencia-de-comunicacao\/wp-json\/wp\/v2\/media\/128468"}],"wp:attachment":[{"href":"https:\/\/bluestudio.estadao.com.br\/agencia-de-comunicacao\/wp-json\/wp\/v2\/media?parent=128467"}],"wp:term":[{"taxonomy":"category","embeddable":true,"href":"https:\/\/bluestudio.estadao.com.br\/agencia-de-comunicacao\/wp-json\/wp\/v2\/categories?post=128467"},{"taxonomy":"post_tag","embeddable":true,"href":"https:\/\/bluestudio.estadao.com.br\/agencia-de-comunicacao\/wp-json\/wp\/v2\/tags?post=128467"}],"curies":[{"name":"wp","href":"https:\/\/api.w.org\/{rel}","templated":true}]}}