{"id":128465,"date":"2026-04-29T10:00:00","date_gmt":"2026-04-29T13:00:00","guid":{"rendered":"https:\/\/bluestudio.estadao.com.br\/agencia-de-comunicacao\/saftec-digital\/politicas-publicas-de-prevencao-enfrentam-desafios-estruturais-no-brasil-aponta-o-dr-vinicius-rodrigues\/"},"modified":"2026-04-29T10:00:00","modified_gmt":"2026-04-29T13:00:00","slug":"politicas-publicas-de-prevencao-enfrentam-desafios-estruturais-no-brasil-aponta-o-dr-vinicius-rodrigues","status":"publish","type":"post","link":"https:\/\/bluestudio.estadao.com.br\/agencia-de-comunicacao\/saftec-digital\/politicas-publicas-de-prevencao-enfrentam-desafios-estruturais-no-brasil-aponta-o-dr-vinicius-rodrigues\/","title":{"rendered":"Pol\u00edticas p\u00fablicas de preven\u00e7\u00e3o enfrentam desafios estruturais no Brasil, aponta o Dr. Vinicius Rodrigues"},"content":{"rendered":"<p><b>Amplia\u00e7\u00e3o do acesso \u00e0 sa\u00fade preventiva depende de coordena\u00e7\u00e3o entre gest\u00e3o, financiamento e capacidade operacional do sistema.<\/b><\/p>\n<p>O avan\u00e7o das pol\u00edticas p\u00fablicas de preven\u00e7\u00e3o em sa\u00fade no Brasil tem esbarrado em desafios estruturais que envolvem desde a organiza\u00e7\u00e3o do sistema at\u00e9 a aloca\u00e7\u00e3o de recursos. Em um contexto de aumento da demanda por servi\u00e7os e envelhecimento populacional, a amplia\u00e7\u00e3o do acesso a exames e acompanhamento preventivo passou a ser tema central no debate sobre sustentabilidade do sistema de sa\u00fade. Para o ex-secret\u00e1rio de Sa\u00fade Vinicius Rodrigues, a expans\u00e3o da preven\u00e7\u00e3o depende de fatores que v\u00e3o al\u00e9m da recomenda\u00e7\u00e3o m\u00e9dica. A efetividade das pol\u00edticas est\u00e1 diretamente ligada \u00e0 capacidade de gest\u00e3o e \u00e0 articula\u00e7\u00e3o entre diferentes n\u00edveis de atendimento.<\/p>\n<p><b>Capacidade do sistema de sa\u00fade limita expans\u00e3o da preven\u00e7\u00e3o<\/b><\/p>\n<p>O Sistema \u00danico de Sa\u00fade possui papel central na oferta de servi\u00e7os preventivos, mas enfrenta limita\u00e7\u00f5es relacionadas \u00e0 distribui\u00e7\u00e3o desigual de estrutura e profissionais. Em diferentes regi\u00f5es, o acesso a exames e acompanhamento ainda apresenta varia\u00e7\u00f5es significativas.<\/p>\n<p>Essa desigualdade impacta diretamente a capacidade de ampliar pol\u00edticas de preven\u00e7\u00e3o de forma homog\u00eanea no pa\u00eds. Al\u00e9m da oferta, a organiza\u00e7\u00e3o dos servi\u00e7os tamb\u00e9m se apresenta como desafio relevante. Segundo Vinicius Tadeu Sattin Rodrigues, a expans\u00e3o da preven\u00e7\u00e3o exige n\u00e3o apenas aumento de atendimentos, mas a estrutura\u00e7\u00e3o de fluxos que garantam continuidade no cuidado, desde o diagn\u00f3stico at\u00e9 o acompanhamento.<\/p>\n<p><b>Fragmenta\u00e7\u00e3o institucional dificulta implementa\u00e7\u00e3o de pol\u00edticas<\/b><\/p>\n<p>A descentraliza\u00e7\u00e3o do sistema de sa\u00fade brasileiro, embora essencial para a gest\u00e3o local, imp\u00f5e desafios na coordena\u00e7\u00e3o de pol\u00edticas p\u00fablicas. A atua\u00e7\u00e3o entre Uni\u00e3o, estados e munic\u00edpios nem sempre ocorre de forma integrada, o que compromete a uniformidade das a\u00e7\u00f5es.<\/p>\n<p>Esse cen\u00e1rio dificulta a implementa\u00e7\u00e3o de programas preventivos em escala nacional, criando disparidades no acesso e na qualidade dos servi\u00e7os. De acordo com o ex-secret\u00e1rio de Sa\u00fade Vinicius Rodrigues, a falta de alinhamento institucional pode reduzir a efetividade das pol\u00edticas, mesmo quando h\u00e1 diretrizes bem estabelecidas.<\/p>\n<p><b>Financiamento e prioriza\u00e7\u00e3o impactam avan\u00e7o da preven\u00e7\u00e3o<\/b><\/p>\n<p>A amplia\u00e7\u00e3o de pol\u00edticas preventivas depende de investimentos cont\u00ednuos em infraestrutura, tecnologia e opera\u00e7\u00e3o. Em um ambiente de restri\u00e7\u00e3o fiscal, a prioriza\u00e7\u00e3o de recursos se torna um dos principais entraves para a expans\u00e3o dessas iniciativas. A preven\u00e7\u00e3o, muitas vezes, compete com demandas imediatas do sistema de sa\u00fade, o que pode limitar sua implementa\u00e7\u00e3o em larga escala.<\/p>\n<p>O ex-secret\u00e1rio de Sa\u00fade Vinicius Rodrigues frisa que o desafio est\u00e1 em equilibrar a necessidade de resposta a urg\u00eancias com o investimento em estrat\u00e9gias de longo prazo, capazes de reduzir a press\u00e3o futura sobre o sistema.<\/p>\n<p><b>Preven\u00e7\u00e3o pode contribuir para sustentabilidade do sistema<\/b><\/p>\n<p>Apesar dos desafios, a amplia\u00e7\u00e3o da preven\u00e7\u00e3o tende a gerar efeitos positivos no m\u00e9dio e longo prazo. A identifica\u00e7\u00e3o precoce de condi\u00e7\u00f5es de sa\u00fade reduz a necessidade de tratamentos complexos e diminui custos assistenciais.<\/p>\n<p>Esse movimento pode contribuir para uma melhor aloca\u00e7\u00e3o de recursos e maior efici\u00eancia na gest\u00e3o do sistema de sa\u00fade. Conforme o Dr. Vinicius Rodrigues, a preven\u00e7\u00e3o deve ser tratada como pol\u00edtica estruturante, com impacto direto na sustentabilidade e na capacidade de resposta do sistema p\u00fablico.<\/p>\n<p><b>Integra\u00e7\u00e3o e gest\u00e3o s\u00e3o centrais para avan\u00e7o da sa\u00fade preventiva<\/b><\/p>\n<p>A evolu\u00e7\u00e3o das pol\u00edticas p\u00fablicas de preven\u00e7\u00e3o no Brasil depende de maior integra\u00e7\u00e3o entre n\u00edveis de atendimento e de aprimoramento na gest\u00e3o dos servi\u00e7os. A constru\u00e7\u00e3o de fluxos mais eficientes e coordenados \u00e9 apontada como caminho para ampliar o acesso e melhorar os resultados. Nesse cen\u00e1rio, a sa\u00fade preventiva se consolida como elemento estrat\u00e9gico dentro do sistema, exigindo planejamento de longo prazo e articula\u00e7\u00e3o institucional para avan\u00e7ar de forma consistente.<\/p>\n<p>A <b>OESP<\/b> n\u00e3o \u00e9(s\u00e3o) respons\u00e1vel(is) por erros, incorre\u00e7\u00f5es, atrasos ou quaisquer decis\u00f5es tomadas por seus clientes com base nos Conte\u00fados ora disponibilizados, bem como tais Conte\u00fados n\u00e3o representam a opini\u00e3o da <b>OESP<\/b> e s\u00e3o de inteira responsabilidade da <b>Ag\u00eancia Saftec<\/b><\/p>\n","protected":false},"excerpt":{"rendered":"Amplia\u00e7\u00e3o do acesso \u00e0 sa\u00fade preventiva depende de coordena\u00e7\u00e3o entre gest\u00e3o, financiamento e capacidade operacional do sistema. O avan\u00e7o das pol\u00edticas p\u00fablicas de preven\u00e7\u00e3o em sa\u00fade no","protected":false},"author":1,"featured_media":128466,"comment_status":"open","ping_status":"closed","sticky":false,"template":"","format":"standard","meta":{"_acf_changed":false,"inline_featured_image":false,"_monsterinsights_skip_tracking":false,"_monsterinsights_sitenote_active":false,"_monsterinsights_sitenote_note":"","_monsterinsights_sitenote_category":0,"footnotes":""},"categories":[525],"tags":[],"class_list":["post-128465","post","type-post","status-publish","format-standard","has-post-thumbnail","hentry","category-saftec-digital"],"acf":[],"_links":{"self":[{"href":"https:\/\/bluestudio.estadao.com.br\/agencia-de-comunicacao\/wp-json\/wp\/v2\/posts\/128465","targetHints":{"allow":["GET"]}}],"collection":[{"href":"https:\/\/bluestudio.estadao.com.br\/agencia-de-comunicacao\/wp-json\/wp\/v2\/posts"}],"about":[{"href":"https:\/\/bluestudio.estadao.com.br\/agencia-de-comunicacao\/wp-json\/wp\/v2\/types\/post"}],"author":[{"embeddable":true,"href":"https:\/\/bluestudio.estadao.com.br\/agencia-de-comunicacao\/wp-json\/wp\/v2\/users\/1"}],"replies":[{"embeddable":true,"href":"https:\/\/bluestudio.estadao.com.br\/agencia-de-comunicacao\/wp-json\/wp\/v2\/comments?post=128465"}],"version-history":[{"count":0,"href":"https:\/\/bluestudio.estadao.com.br\/agencia-de-comunicacao\/wp-json\/wp\/v2\/posts\/128465\/revisions"}],"wp:featuredmedia":[{"embeddable":true,"href":"https:\/\/bluestudio.estadao.com.br\/agencia-de-comunicacao\/wp-json\/wp\/v2\/media\/128466"}],"wp:attachment":[{"href":"https:\/\/bluestudio.estadao.com.br\/agencia-de-comunicacao\/wp-json\/wp\/v2\/media?parent=128465"}],"wp:term":[{"taxonomy":"category","embeddable":true,"href":"https:\/\/bluestudio.estadao.com.br\/agencia-de-comunicacao\/wp-json\/wp\/v2\/categories?post=128465"},{"taxonomy":"post_tag","embeddable":true,"href":"https:\/\/bluestudio.estadao.com.br\/agencia-de-comunicacao\/wp-json\/wp\/v2\/tags?post=128465"}],"curies":[{"name":"wp","href":"https:\/\/api.w.org\/{rel}","templated":true}]}}