{"id":128456,"date":"2026-04-29T08:38:51","date_gmt":"2026-04-29T11:38:51","guid":{"rendered":"https:\/\/bluestudio.estadao.com.br\/agencia-de-comunicacao\/?p=128456"},"modified":"2026-04-29T08:38:52","modified_gmt":"2026-04-29T11:38:52","slug":"politica-minerais-estrategicos-camara","status":"publish","type":"post","link":"https:\/\/bluestudio.estadao.com.br\/agencia-de-comunicacao\/agencia-minera-brasil\/politica-minerais-estrategicos-camara\/","title":{"rendered":"Projeto de minerais cr\u00edticos ganha for\u00e7a no Congresso"},"content":{"rendered":"\n<p>Articula\u00e7\u00e3o pol\u00edtica avan\u00e7a com a indica\u00e7\u00e3o do ministro do Planejamento, Bruno Moretti, para conduzir o di\u00e1logo com o Congresso e destravar tramita\u00e7\u00e3o do projeto.<\/p>\n\n\n\n<p><strong>Warley Pereira<\/strong><\/p>\n\n\n\n<p><strong>Bras\u00edlia<\/strong> &#8211; Durante o lan\u00e7amento da agenda estrat\u00e9gica 2026 da Frente Parlamentar da Minera\u00e7\u00e3o Sustent\u00e1vel, nesta ter\u00e7a-feira (28\/4), o relator do projeto de minerais cr\u00edticos e estrat\u00e9gicos, deputado Arnaldo Jardim, afirmou que a proposta entrou na fase decisiva e deve ser levada ao plen\u00e1rio da C\u00e2mara j\u00e1 na pr\u00f3xima semana.<\/p>\n\n\n\n<p>Segundo Jardim, o parecer ser\u00e1 apresentado no dia 4, com mobiliza\u00e7\u00e3o para vota\u00e7\u00e3o nos dias seguintes, dentro do esfor\u00e7o da agenda legislativa Frente Parlamentar ainda no primeiro semestre.<\/p>\n\n\n\n<p>\u201cA ideia \u00e9 apresentar o parecer e concentrar esfor\u00e7os para deliberar em plen\u00e1rio\u201d, afirmou.<\/p>\n\n\n\n<h2 class=\"wp-block-heading\"><strong>Articula\u00e7\u00e3o com o governo<\/strong><\/h2>\n\n\n\n<p>A articula\u00e7\u00e3o pol\u00edtica ganhou um novo cap\u00edtulo com a indica\u00e7\u00e3o do ministro do Planejamento, Bruno Moretti, para conduzir o di\u00e1logo com o Congresso sobre o tema.<\/p>\n\n\n\n<p>A medida \u00e9 vista como um movimento para destravar as negocia\u00e7\u00f5es e alinhar o texto final do projeto com as diretrizes do Executivo.<\/p>\n\n\n\n<p>\u201cO ministro Bruno Moretti \u00e9 um conhecedor do assunto. J\u00e1 estamos conversando com ele\u201d, afirmou Jardim.<\/p>\n\n\n\n<h2 class=\"wp-block-heading\"><strong>Debate com a ind\u00fastria<\/strong><\/h2>\n\n\n\n<p>Em paralelo as conversas com o governo, o relator tamb\u00e9m intensificou o di\u00e1logo com o setor produtivo. Ele participou de reuni\u00e3o do Comit\u00ea de Minera\u00e7\u00e3o da Confedera\u00e7\u00e3o Nacional da Ind\u00fastria (CNI), onde o projeto foi debatido com representantes da ind\u00fastria.<\/p>\n\n\n\n<p>A interlocu\u00e7\u00e3o com o setor \u00e9 considerada fundamental para o aprimoramento da proposta, especialmente em temas como competitividade, financiamento e agrega\u00e7\u00e3o de valor.<\/p>\n\n\n\n<p>O avan\u00e7o do projeto \u00e9 considerado fundamental para o setor porque busca garantir seguran\u00e7a jur\u00eddica e regulat\u00f3ria, eixos fundamentais para atrair investimentos em minerais cr\u00edticos, fertilizantes e incentivar a pesquisa mineral.<\/p>\n\n\n\n<p>A proposta ganha centralidade em um cen\u00e1rio global de reorganiza\u00e7\u00e3o das cadeias de suprimento de minerais cr\u00edticos e estrat\u00e9gicos, impulsionado pela transi\u00e7\u00e3o energ\u00e9tica, conflito no Oriente M\u00e9dio e disputas geopol\u00edticas entre EUA e China.<\/p>\n\n\n\n<h2 class=\"wp-block-heading\"><strong>Rea\u00e7\u00e3o a cr\u00edticas<\/strong><\/h2>\n\n\n\n<p>Jardim rebateu cr\u00edticas de que a tramita\u00e7\u00e3o estaria sendo acelerada, destacando que o tema vem sendo discutido h\u00e1 meses.<\/p>\n\n\n\n<p>\u201cN\u00e3o h\u00e1 a\u00e7odamento. O projeto \u00e9 de 2024, recebeu outros textos e est\u00e1 em debate h\u00e1 bastante tempo. A urg\u00eancia foi aprovada h\u00e1 nove meses\u201d, disse.<\/p>\n\n\n\n<p>O relator tamb\u00e9m ressaltou que o parecer foi constru\u00eddo a partir de di\u00e1logo com diferentes bancadas e com o Executivo, embora tenha apontado demora na formaliza\u00e7\u00e3o da interlocu\u00e7\u00e3o por parte do governo.<\/p>\n\n\n\n<h2 class=\"wp-block-heading\"><strong>Estrutura do projeto tem foco em valor agregado<\/strong><\/h2>\n\n\n\n<p>Jardim explicou que o relat\u00f3rio organiza a pol\u00edtica de minerais estrat\u00e9gicos em diferentes frentes, com foco em ampliar o papel do Brasil na cadeia global.<\/p>\n\n\n\n<p>Entre os principais pontos est\u00e3o: incentivo \u00e0 pesquisa mineral, com est\u00edmulo \u00e0s junior companies; cria\u00e7\u00e3o de um fundo garantidor para a atividade mineral; pol\u00edticas de beneficiamento e transforma\u00e7\u00e3o para agrega\u00e7\u00e3o de valor.<\/p>\n\n\n\n<p>\u201cO objetivo \u00e9 claro: n\u00e3o sermos apenas exportadores de commodities, mas agregar valor \u00e0 produ\u00e7\u00e3o mineral\u201d, afirmou Jardim.<\/p>\n\n\n\n<p>O projeto tamb\u00e9m incorpora a produ\u00e7\u00e3o de fertilizantes como tema estrat\u00e9gico, buscando reduzir a depend\u00eancia externa do Brasil.<\/p>\n\n\n\n<p>Outro destaque \u00e9 a inclus\u00e3o da minera\u00e7\u00e3o urbana, voltada \u00e0 reutiliza\u00e7\u00e3o de minerais a partir de res\u00edduos, em linha com a agenda de economia circular, disse Jardim.<\/p>\n\n\n\n<p>Com o parecer praticamente finalizado e o tema inserido na agenda do Congresso, a expectativa \u00e9 de a pr\u00f3xima semana seja decisiva na C\u00e2mara.<\/p>\n\n\n\n<p>\u201cAgora \u00e9 concentrar esfor\u00e7os para garantir o encaminhamento da proposta\u201d, disse Jardim.<\/p>\n\n\n\n<figure class=\"wp-block-image size-full\"><img loading=\"lazy\" decoding=\"async\" width=\"1000\" height=\"557\" src=\"https:\/\/bluestudio.estadao.com.br\/agencia-de-comunicacao\/wp-content\/uploads\/2026\/04\/projeto-minerais-criticos-congresso.jpg\" alt=\"\" class=\"wp-image-128457\" srcset=\"https:\/\/bluestudio.estadao.com.br\/agencia-de-comunicacao\/wp-content\/uploads\/2026\/04\/projeto-minerais-criticos-congresso.jpg 1000w, https:\/\/bluestudio.estadao.com.br\/agencia-de-comunicacao\/wp-content\/uploads\/2026\/04\/projeto-minerais-criticos-congresso-300x167.jpg 300w, https:\/\/bluestudio.estadao.com.br\/agencia-de-comunicacao\/wp-content\/uploads\/2026\/04\/projeto-minerais-criticos-congresso-768x428.jpg 768w\" sizes=\"auto, (max-width: 1000px) 100vw, 1000px\" \/><figcaption class=\"wp-element-caption\"><sup>Principais pontos do PL que ser\u00e3o debatidos com governo para fechar o texto final da Pol\u00edtica Nacional de Minerais Cr\u00edticos e Estrat\u00e9gicos para vota\u00e7\u00e3o na C\u00e2mara.<\/sup><\/figcaption><\/figure>\n\n\n\n<p>A\u00a0<strong>OESP\u00a0<\/strong>n\u00e3o \u00e9 respons\u00e1vel por erros, incorre\u00e7\u00f5es, atrasos ou quaisquer decis\u00f5es tomadas por seus clientes com base nos Conte\u00fados ora disponibilizados, bem como tais Conte\u00fados n\u00e3o representam a opini\u00e3o da\u00a0<strong>OESP\u00a0<\/strong>e s\u00e3o de inteira responsabilidade da\u00a0<strong>Ag\u00eancia Minera Brasil<\/strong>.<\/p>\n","protected":false},"excerpt":{"rendered":"Articula\u00e7\u00e3o pol\u00edtica avan\u00e7a com a indica\u00e7\u00e3o do ministro do Planejamento, Bruno Moretti, para conduzir o di\u00e1logo com o Congresso e destravar tramita\u00e7\u00e3o do projeto.","protected":false},"author":16,"featured_media":128458,"comment_status":"open","ping_status":"closed","sticky":false,"template":"","format":"standard","meta":{"_acf_changed":false,"inline_featured_image":false,"_monsterinsights_skip_tracking":false,"_monsterinsights_sitenote_active":false,"_monsterinsights_sitenote_note":"","_monsterinsights_sitenote_category":0,"footnotes":""},"categories":[351],"tags":[],"class_list":["post-128456","post","type-post","status-publish","format-standard","has-post-thumbnail","hentry","category-agencia-minera-brasil"],"acf":[],"_links":{"self":[{"href":"https:\/\/bluestudio.estadao.com.br\/agencia-de-comunicacao\/wp-json\/wp\/v2\/posts\/128456","targetHints":{"allow":["GET"]}}],"collection":[{"href":"https:\/\/bluestudio.estadao.com.br\/agencia-de-comunicacao\/wp-json\/wp\/v2\/posts"}],"about":[{"href":"https:\/\/bluestudio.estadao.com.br\/agencia-de-comunicacao\/wp-json\/wp\/v2\/types\/post"}],"author":[{"embeddable":true,"href":"https:\/\/bluestudio.estadao.com.br\/agencia-de-comunicacao\/wp-json\/wp\/v2\/users\/16"}],"replies":[{"embeddable":true,"href":"https:\/\/bluestudio.estadao.com.br\/agencia-de-comunicacao\/wp-json\/wp\/v2\/comments?post=128456"}],"version-history":[{"count":1,"href":"https:\/\/bluestudio.estadao.com.br\/agencia-de-comunicacao\/wp-json\/wp\/v2\/posts\/128456\/revisions"}],"predecessor-version":[{"id":128459,"href":"https:\/\/bluestudio.estadao.com.br\/agencia-de-comunicacao\/wp-json\/wp\/v2\/posts\/128456\/revisions\/128459"}],"wp:featuredmedia":[{"embeddable":true,"href":"https:\/\/bluestudio.estadao.com.br\/agencia-de-comunicacao\/wp-json\/wp\/v2\/media\/128458"}],"wp:attachment":[{"href":"https:\/\/bluestudio.estadao.com.br\/agencia-de-comunicacao\/wp-json\/wp\/v2\/media?parent=128456"}],"wp:term":[{"taxonomy":"category","embeddable":true,"href":"https:\/\/bluestudio.estadao.com.br\/agencia-de-comunicacao\/wp-json\/wp\/v2\/categories?post=128456"},{"taxonomy":"post_tag","embeddable":true,"href":"https:\/\/bluestudio.estadao.com.br\/agencia-de-comunicacao\/wp-json\/wp\/v2\/tags?post=128456"}],"curies":[{"name":"wp","href":"https:\/\/api.w.org\/{rel}","templated":true}]}}