{"id":128452,"date":"2026-04-29T08:31:16","date_gmt":"2026-04-29T11:31:16","guid":{"rendered":"https:\/\/bluestudio.estadao.com.br\/agencia-de-comunicacao\/?p=128452"},"modified":"2026-04-29T08:31:17","modified_gmt":"2026-04-29T11:31:17","slug":"mineracao-sustentavel-agenda-2026","status":"publish","type":"post","link":"https:\/\/bluestudio.estadao.com.br\/agencia-de-comunicacao\/agencia-minera-brasil\/mineracao-sustentavel-agenda-2026\/","title":{"rendered":"Frente Parlamentar da Minera\u00e7\u00e3o Sustent\u00e1vel lan\u00e7a agenda estrat\u00e9gica para 2026 com foco em minerais cr\u00edticos e fertilizantes"},"content":{"rendered":"\n<p>Com calend\u00e1rio legislativo encurtado, expectativa \u00e9 aprova\u00e7\u00e3o do projeto de minerais cr\u00edticos para fortalecer e modernizar o setor de minera\u00e7\u00e3o.<\/p>\n\n\n\n<p><strong>Warley Pereira<\/strong><\/p>\n\n\n\n<p><strong>Bras\u00edlia<\/strong> &#8211; A Frente Parlamentar da Minera\u00e7\u00e3o Sustent\u00e1vel apresentou, nesta ter\u00e7a-feira (28\/4), sua agenda estrat\u00e9gica para 2026, com prioridade para a consolida\u00e7\u00e3o de uma pol\u00edtica nacional de minerais cr\u00edticos e estrat\u00e9gicos, al\u00e9m de medidas voltadas \u00e0 seguran\u00e7a regulat\u00f3ria, pesquisa mineral e redu\u00e7\u00e3o da depend\u00eancia externa de fertilizantes.<\/p>\n\n\n\n<p>O plano, segundo o presidente da Frente Parlamentar, deputado Z\u00e9 Silva, foi estruturado a partir de debates realizados ao longo de 2025 e busca orientar a atua\u00e7\u00e3o legislativa at\u00e9 junho &#8211; per\u00edodo que antecede a pausa do calend\u00e1rio parlamentar.<\/p>\n\n\n\n<p>\u201cEssa \u00e9 uma agenda de trabalho. N\u00e3o \u00e9 um documento para ficar guardado. \u00c9 para ser executado e gerar resultado\u201d, afirmou o parlamentar durante o lan\u00e7amento, que contou com a presen\u00e7a de representantes do setor, que apoiam a iniciativa.<\/p>\n\n\n\n<h2 class=\"wp-block-heading\"><strong>Minerais cr\u00edticos no centro da agenda<\/strong><\/h2>\n\n\n\n<p>Entre os principais eixos, o destaque \u00e9 o avan\u00e7o do projeto de lei que institui a pol\u00edtica nacional de minerais cr\u00edticos e estrat\u00e9gicos, considerado pela Frente Parlamentar como a principal prioridade legislativa.<\/p>\n\n\n\n<p>O texto, relatado pelo deputado Arnaldo Jardim, j\u00e1 est\u00e1 estruturado e, segundo Z\u00e9 Silva, resulta de uma constru\u00e7\u00e3o conjunta entre Congresso e governo, em um modelo de articula\u00e7\u00e3o que o parlamentar classificou como \u201cexitoso\u201d.<\/p>\n\n\n\n<p>\u201cHoje temos um projeto constru\u00eddo em di\u00e1logo com o governo, ampliando o escopo para al\u00e9m da transi\u00e7\u00e3o energ\u00e9tica, incluindo tamb\u00e9m seguran\u00e7a alimentar e energias limpas\u201d, disse.<\/p>\n\n\n\n<p>Apesar do avan\u00e7o, a proposta n\u00e3o foi votada em 2025. Para Z\u00e9 Silva, o adiamento representou uma oportunidade perdida.<\/p>\n\n\n\n<p>\u201cO Brasil perdeu, e o governo tamb\u00e9m perdeu uma oportunidade\u201d, avaliou.<\/p>\n\n\n\n<h2 class=\"wp-block-heading\"><strong>Fertilizantes e depend\u00eancia externa<\/strong><\/h2>\n\n\n\n<p>Outro ponto central da agenda \u00e9 o fortalecimento do Programa Nacional de Fertilizantes, com foco na redu\u00e7\u00e3o da depend\u00eancia brasileira de importa\u00e7\u00f5es de insumos para setor agr\u00edcola. Z\u00e9 Silva destacou o potencial de minerais como fosfatos para ampliar a produ\u00e7\u00e3o nacional e reduzir a vulnerabilidade do pa\u00eds a oscila\u00e7\u00f5es geopol\u00edticas e log\u00edsticas. &nbsp;<\/p>\n\n\n\n<p>O bloqueio do&nbsp;<a href=\"https:\/\/www.google.com\/search?q=Estreito+de+Ormuz&amp;oq=extreito+de+ormuz+e+fertlizantes&amp;gs_lcrp=EgZjaHJvbWUyBggAEEUYOTIJCAEQABgNGIAEMgoIAhAAGIAEGKIEMgoIAxAAGIAEGKIEMgoIBBAAGIAEGKIEMgcIBRAAGO8FMgoIBhAAGIAEGKIE0gEKMTU5ODVqMGoxNagCCLACAfEFsm4-8ygjj8g&amp;sourceid=chrome&amp;ie=UTF-8&amp;ved=2ahUKEwjq8ZWy8JGUAxVoGLkGHYXzAawQgK4QegYIAQgAEAQ\">Estreito de Ormuz<\/a>&nbsp;desde abril, devido ao conflitos no Oriente M\u00e9dio, amea\u00e7a o fornecimento global de fertilizantes, impactando gravemente o Brasil, que importa &nbsp;cerca&nbsp; 85% dos&nbsp; insumos. A rota de Ormuz \u00e9 crucial para o fluxo de ureia, am\u00f4nia, fosfatos e enxofre, que o pa\u00eds importa principalmente do Ir\u00e3, Catar e Ar\u00e1bia Saudita, gerando riscos de desabastecimento e aumento de pre\u00e7os.<\/p>\n\n\n\n<h2 class=\"wp-block-heading\"><strong>Seguran\u00e7a regulat\u00f3ria<\/strong><\/h2>\n\n\n\n<p>Z\u00e9 Silva fez um balan\u00e7o da atua\u00e7\u00e3o da Frente Parlamentar ao longo de 2025, na defesa da manuten\u00e7\u00e3o da Lei Geral do Licenciamento Ambiental, tema considerado estrat\u00e9gico para garantir previsibilidade ao setor mineral brasileiro.<\/p>\n\n\n\n<p>A articula\u00e7\u00e3o, segundo ele, contou com participa\u00e7\u00e3o ativa de entidades como o IBRAM, a ABPM e de consultorias especializadas, na constru\u00e7\u00e3o de argumentos t\u00e9cnicos e institucionais para enquadrar o setor nas novas regras de licenciamento ambiental.<\/p>\n\n\n\n<figure class=\"wp-block-image size-full\"><img loading=\"lazy\" decoding=\"async\" width=\"1000\" height=\"557\" src=\"https:\/\/bluestudio.estadao.com.br\/agencia-de-comunicacao\/wp-content\/uploads\/2026\/04\/agenda-estrategica-mineracao-sustentavel.jpg\" alt=\"\" class=\"wp-image-128453\" srcset=\"https:\/\/bluestudio.estadao.com.br\/agencia-de-comunicacao\/wp-content\/uploads\/2026\/04\/agenda-estrategica-mineracao-sustentavel.jpg 1000w, https:\/\/bluestudio.estadao.com.br\/agencia-de-comunicacao\/wp-content\/uploads\/2026\/04\/agenda-estrategica-mineracao-sustentavel-300x167.jpg 300w, https:\/\/bluestudio.estadao.com.br\/agencia-de-comunicacao\/wp-content\/uploads\/2026\/04\/agenda-estrategica-mineracao-sustentavel-768x428.jpg 768w\" sizes=\"auto, (max-width: 1000px) 100vw, 1000px\" \/><figcaption class=\"wp-element-caption\"><sup>Minerais cr\u00edticos viram prioridade no Congresso em 2026<\/sup><\/figcaption><\/figure>\n\n\n\n<h2 class=\"wp-block-heading\"><strong>CFEM e transpar\u00eancia nos munic\u00edpios<\/strong><\/h2>\n\n\n\n<p>Outro eixo relevante da agenda \u00e9 a revis\u00e3o do uso da Compensa\u00e7\u00e3o Financeira pela Explora\u00e7\u00e3o Mineral (CFEM). A proposta \u00e9 ampliar a efici\u00eancia da aplica\u00e7\u00e3o dos recursos, com foco na diversifica\u00e7\u00e3o econ\u00f4mica dos munic\u00edpios mineradores.<\/p>\n\n\n\n<p>Entre as iniciativas em desenvolvimento est\u00e1 a cria\u00e7\u00e3o de um portal p\u00fablico para permitir que cidad\u00e3os acompanhem, em tempo real, os valores arrecadados e distribu\u00eddos.<\/p>\n\n\n\n<p>\u201cSe nem o prefeito sabe quanto o munic\u00edpio recebe, imagine o cidad\u00e3o. Precisamos dar transpar\u00eancia a isso\u201d, afirmou Z\u00e9 Silva.<\/p>\n\n\n\n<h2 class=\"wp-block-heading\"><strong>Incentivo a pesquisa mineral<\/strong><\/h2>\n\n\n\n<p>A agenda tamb\u00e9m contempla medidas para estimular a pesquisa mineral no pa\u00eds, incluindo: simplifica\u00e7\u00e3o de processos regulat\u00f3rios, incentivos \u00e0 explora\u00e7\u00e3o mineral e a amplia\u00e7\u00e3o do conhecimento sobre o potencial do subsolo brasileiro.<\/p>\n\n\n\n<p>Segundo o parlamentar, o ritmo atual de conhecimento geol\u00f3gico ainda \u00e9 insuficiente para as necessidades estrat\u00e9gicas do pa\u00eds.<\/p>\n\n\n\n<p>Z\u00e9 Silva tamb\u00e9m destacou a crescente presen\u00e7a do setor mineral em f\u00f3runs internacionais, como as Confer\u00eancias do Clima. Segundo ele, a partir da COP29, a minera\u00e7\u00e3o passou a ocupar espa\u00e7o mais relevante no debate global sobre transi\u00e7\u00e3o energ\u00e9tica.<\/p>\n\n\n\n<p>\u201cSempre soubemos que a minera\u00e7\u00e3o n\u00e3o podia ficar fora desse debate. Hoje, isso est\u00e1 consolidado\u201d, afirmou.<\/p>\n\n\n\n<p>Com calend\u00e1rio legislativo encurtado, o parlamentar pretende concentrar esfor\u00e7os at\u00e9 junho da Frente Parlamentar para avan\u00e7ar nas pautas priorit\u00e1rias para o setor mineral brasileiro.<\/p>\n\n\n\n<p>A expectativa \u00e9 consolidar entregas concretas, especialmente na tramita\u00e7\u00e3o do projeto de minerais cr\u00edticos e de incentivos para pesquisa mineral.<\/p>\n\n\n\n<p>\u201cPlanejamento s\u00f3 faz sentido se virar resultado\u201d, resumiu Z\u00e9 Silva.<\/p>\n\n\n\n<p>A\u00a0<strong>OESP\u00a0<\/strong>n\u00e3o \u00e9 respons\u00e1vel por erros, incorre\u00e7\u00f5es, atrasos ou quaisquer decis\u00f5es tomadas por seus clientes com base nos Conte\u00fados ora disponibilizados, bem como tais Conte\u00fados n\u00e3o representam a opini\u00e3o da\u00a0<strong>OESP\u00a0<\/strong>e s\u00e3o de inteira responsabilidade da\u00a0<strong>Ag\u00eancia Minera Brasil<\/strong>.<\/p>\n","protected":false},"excerpt":{"rendered":"Com calend\u00e1rio legislativo encurtado, expectativa \u00e9 aprova\u00e7\u00e3o do projeto de minerais cr\u00edticos para fortalecer e modernizar o setor de minera\u00e7\u00e3o.","protected":false},"author":16,"featured_media":128454,"comment_status":"open","ping_status":"closed","sticky":false,"template":"","format":"standard","meta":{"_acf_changed":false,"inline_featured_image":false,"_monsterinsights_skip_tracking":false,"_monsterinsights_sitenote_active":false,"_monsterinsights_sitenote_note":"","_monsterinsights_sitenote_category":0,"footnotes":""},"categories":[351],"tags":[],"class_list":["post-128452","post","type-post","status-publish","format-standard","has-post-thumbnail","hentry","category-agencia-minera-brasil"],"acf":[],"_links":{"self":[{"href":"https:\/\/bluestudio.estadao.com.br\/agencia-de-comunicacao\/wp-json\/wp\/v2\/posts\/128452","targetHints":{"allow":["GET"]}}],"collection":[{"href":"https:\/\/bluestudio.estadao.com.br\/agencia-de-comunicacao\/wp-json\/wp\/v2\/posts"}],"about":[{"href":"https:\/\/bluestudio.estadao.com.br\/agencia-de-comunicacao\/wp-json\/wp\/v2\/types\/post"}],"author":[{"embeddable":true,"href":"https:\/\/bluestudio.estadao.com.br\/agencia-de-comunicacao\/wp-json\/wp\/v2\/users\/16"}],"replies":[{"embeddable":true,"href":"https:\/\/bluestudio.estadao.com.br\/agencia-de-comunicacao\/wp-json\/wp\/v2\/comments?post=128452"}],"version-history":[{"count":1,"href":"https:\/\/bluestudio.estadao.com.br\/agencia-de-comunicacao\/wp-json\/wp\/v2\/posts\/128452\/revisions"}],"predecessor-version":[{"id":128455,"href":"https:\/\/bluestudio.estadao.com.br\/agencia-de-comunicacao\/wp-json\/wp\/v2\/posts\/128452\/revisions\/128455"}],"wp:featuredmedia":[{"embeddable":true,"href":"https:\/\/bluestudio.estadao.com.br\/agencia-de-comunicacao\/wp-json\/wp\/v2\/media\/128454"}],"wp:attachment":[{"href":"https:\/\/bluestudio.estadao.com.br\/agencia-de-comunicacao\/wp-json\/wp\/v2\/media?parent=128452"}],"wp:term":[{"taxonomy":"category","embeddable":true,"href":"https:\/\/bluestudio.estadao.com.br\/agencia-de-comunicacao\/wp-json\/wp\/v2\/categories?post=128452"},{"taxonomy":"post_tag","embeddable":true,"href":"https:\/\/bluestudio.estadao.com.br\/agencia-de-comunicacao\/wp-json\/wp\/v2\/tags?post=128452"}],"curies":[{"name":"wp","href":"https:\/\/api.w.org\/{rel}","templated":true}]}}