{"id":128445,"date":"2026-04-29T06:12:00","date_gmt":"2026-04-29T09:12:00","guid":{"rendered":"https:\/\/bluestudio.estadao.com.br\/agencia-de-comunicacao\/prnewswire\/chega-de-vapes-com-gosto-de-bala-projeto-de-lei-avanca-contra-o-vicio-em-adolescentes\/"},"modified":"2026-04-29T06:12:00","modified_gmt":"2026-04-29T09:12:00","slug":"chega-de-vapes-com-gosto-de-bala-projeto-de-lei-avanca-contra-o-vicio-em-adolescentes","status":"publish","type":"post","link":"https:\/\/bluestudio.estadao.com.br\/agencia-de-comunicacao\/prnewswire\/chega-de-vapes-com-gosto-de-bala-projeto-de-lei-avanca-contra-o-vicio-em-adolescentes\/","title":{"rendered":"Chega de Vapes com Gosto de Bala: Projeto de Lei Avan\u00e7a Contra o V\u00edcio em Adolescentes"},"content":{"rendered":"\n<div class=\"xn-content\">\n<p class=\"prntac\"><i>Proposta do deputado federal F\u00e1bio Teruel refor\u00e7a a proibi\u00e7\u00e3o, protege menores e cobra medidas de plataformas digitais e influenciadores.<\/i><\/p>\n<div class=\"PRN_ImbeddedAssetReference\" id=\"DivAssetPlaceHolder6381\">\n<a href=\"https:\/\/mma.prnewswire.com\/media\/2968590\/WhatsApp_Image_2026_04_28_at_19_11_54.html\" target=\"_blank\" rel=\"nofollow\"><img decoding=\"async\" src=\"https:\/\/mma.prnewswire.com\/media\/2968590\/WhatsApp_Image_2026_04_28_at_19_11_54.jpg\" title=\"Promocional \/ Cortesia\" alt=\"Promocional \/ Cortesia\" \/><\/a><\/p>\n<\/div>\n<p><span class=\"legendSpanClass\">BRAS\u00cdLIA, Brasil<\/span>, <span class=\"legendSpanClass\">29 de abril de 2026<\/span> \/PRNewswire\/ &#8212; Mesmo proibidos, os vapes com gosto de bala, cheiro de fruta e design disfar\u00e7ado de caneta ou pen drive continuam sendo vendidos a jovens e adolescentes pela internet, redes sociais e com\u00e9rcio ilegal. Para fechar brechas e fortalecer o combate, o deputado federal <b>F\u00e1bio Teruel (MDB-SP)<\/b> apresentou o Projeto de Lei 2005\/2026, que altera a Lei n\u00ba 9.294\/1996 e o Estatuto da Crian\u00e7a e do Adolescente (ECA) para incluir expressamente os dispositivos eletr\u00f4nicos para fumar nas regras de produtos fum\u00edgenos e prote\u00e7\u00e3o \u00e0 inf\u00e2ncia e juventude.<\/p>\n<p><i>&#8220;O vape deixou de ser um problema escondido. Ele est\u00e1 nas redes sociais, nos aplicativos, nas festas e no com\u00e9rcio ilegal, muitas vezes chegando perto dos nossos jovens. N\u00e3o podemos permitir que um produto proibido continue sendo vendido como se fosse algo inocente&#8221;<\/i>, afirma F\u00e1bio Teruel.<\/p>\n<p><b>Principais mudan\u00e7as propostas<\/b><\/p>\n<ul type=\"disc\">\n<li><b> Proibi\u00e7\u00e3o nacional expl\u00edcita: <\/b>de fabrica\u00e7\u00e3o, importa\u00e7\u00e3o, venda, distribui\u00e7\u00e3o, armazenamento, transporte, propaganda e promo\u00e7\u00e3o de vapes, pods, refis e acess\u00f3rios em todo o territ\u00f3rio.<\/li>\n<li><b> Equipara\u00e7\u00e3o aos cigarros tradicionais: <\/b>quanto ao uso em locais fechados, p\u00fablicos ou privados.<\/li>\n<li><b> Prote\u00e7\u00e3o refor\u00e7ada no ECA: <\/b>pro\u00edbe venda, oferta, entrega ou facilita\u00e7\u00e3o de cigarros eletr\u00f4nicos a menores de 18 anos.<\/li>\n<li><b> Fim da publicidade disfar\u00e7ada: <\/b>pro\u00edbe conte\u00fados patrocinados, a\u00e7\u00f5es com influenciadores e qualquer marketing dirigido a crian\u00e7as e adolescentes.<\/li>\n<li><b> Puni\u00e7\u00f5es agravadas: <\/b>para venda em ambiente escolar ou entorno, uso de plataformas digitais e marketing indireto.<\/li>\n<li><b> Responsabilidade das plataformas: <\/b>redes sociais, apps de mensagem e e-commerces dever\u00e3o remover an\u00fancios ilegais em at\u00e9 24 horas ap\u00f3s notifica\u00e7\u00e3o, sob pena de responder civilmente por danos.<\/li>\n<\/ul>\n<p><b>Crescimento alarmante e riscos comprovados<\/b><\/p>\n<p>Dados do Ipec (Intelig\u00eancia em Pesquisa e Consultoria Estrat\u00e9gica) citados na proposta revelam que o n\u00famero de usu\u00e1rios de dispositivos eletr\u00f4nicos para fumar no Brasil saltou de 500 mil em 2018 para quase 3 milh\u00f5es em 2024. O texto alerta que os <i>vapes<\/i> n\u00e3o s\u00e3o alternativas seguras ao cigarro comum e podem expor os usu\u00e1rios a subst\u00e2ncias t\u00f3xicas, metais pesados, compostos potencialmente cancer\u00edgenos e a um alto risco de depend\u00eancia. <\/p>\n<p><i>&#8220;Estamos falando de proteger uma gera\u00e7\u00e3o inteira. Nenhum pai ou m\u00e3e quer descobrir tarde demais que o filho desenvolveu um v\u00edcio por causa de um produto com cheiro de fruta e apar\u00eancia de brinquedo. O Brasil precisa agir agora&#8221;<\/i>, refor\u00e7a o deputado.<\/p>\n<p>A proposta tramita agora na C\u00e2mara dos Deputados.<\/p>\n<p><b>Acesse o texto integral do PL 2005\/2026<\/b> <a href=\"https:\/\/www.camara.leg.br\/proposicoesWeb\/prop_mostrarintegra?codteor=3118730&amp;filename=PL%202005\/2026\" target=\"_blank\" rel=\"nofollow\">https:\/\/www.camara.leg.br\/proposicoesWeb\/prop_mostrarintegra?codteor=3118730&amp;filename=PL%202005\/2026<\/a><\/p>\n<p>Foto- &#8211; <a href=\"https:\/\/mma.prnewswire.com\/media\/2968590\/WhatsApp_Image_2026_04_28_at_19_11_54.jpg\" target=\"_blank\" rel=\"nofollow\">https:\/\/mma.prnewswire.com\/media\/2968590\/WhatsApp_Image_2026_04_28_at_19_11_54.jpg<\/a><\/p>\n<div class=\"PRN_ImbeddedAssetReference\" id=\"DivAssetPlaceHolder0\"><\/div>\n<p id=\"PURL\"><img loading=\"lazy\" decoding=\"async\" title=\"Cision\" width=\"12\" height=\"12\" alt=\"Cision\" src=\"https:\/\/edge.prnewswire.com\/c\/img\/favicon.png?sn=PT46357&amp;sd=2026-04-29\" \/> View original content to download multimedia:<a id=\"PRNURL\" rel=\"nofollow\" href=\"https:\/\/www.prnewswire.com\/br\/comunicados-para-a-imprensa\/chega-de-vapes-com-gosto-de-bala-projeto-de-lei-avanca-contra-o-vicio-em-adolescentes-302756535.html\" target=\"_blank\">https:\/\/www.prnewswire.com\/br\/comunicados-para-a-imprensa\/chega-de-vapes-com-gosto-de-bala-projeto-de-lei-avanca-contra-o-vicio-em-adolescentes-302756535.html<\/a><\/p>\n<p>FONTE F\u00e1bio Teruel<\/p>\n<\/div>\n<p>  <img decoding=\"async\" alt=\"\" src=\"https:\/\/rt.prnewswire.com\/rt.gif?NewsItemId=PT46357&amp;Transmission_Id=202604290500PR_NEWS_LATAM____PT46357&amp;DateId=20260429\" style=\"border:0px;width:1px;height:1px\" \/><\/p>\n<p><strong>T\u00f3picos Relacionados:<\/strong> Sa\u00fade\/Hospitais, P\u00fablico Adulto, Tabaco<\/p>\n<p>A <b>OESP<\/b> n\u00e3o \u00e9(s\u00e3o) respons\u00e1vel(is) por erros, incorre\u00e7\u00f5es, atrasos ou quaisquer decis\u00f5es tomadas por seus clientes com base nos Conte\u00fados ora disponibilizados, bem como tais Conte\u00fados n\u00e3o representam a opini\u00e3o da <b>OESP<\/b> e s\u00e3o de inteira responsabilidade da <b>PR Newswire Ltda<\/b><\/p>\n","protected":false},"excerpt":{"rendered":"Proposta do deputado federal F\u00e1bio Teruel refor\u00e7a a proibi\u00e7\u00e3o, protege menores e cobra medidas de plataformas digitais e influenciadores. BRAS\u00cdLIA, Brasil, 29 de abril de 2026 \/PRNewswire\/","protected":false},"author":1,"featured_media":128446,"comment_status":"open","ping_status":"closed","sticky":false,"template":"","format":"standard","meta":{"_acf_changed":false,"inline_featured_image":false,"_monsterinsights_skip_tracking":false,"_monsterinsights_sitenote_active":false,"_monsterinsights_sitenote_note":"","_monsterinsights_sitenote_category":0,"footnotes":""},"categories":[27],"tags":[9182,9183],"class_list":["post-128445","post","type-post","status-publish","format-standard","has-post-thumbnail","hentry","category-prnewswire","tag-proposta-do-deputado-federal-fabio-teruel-reforca-a-proibicao","tag-protege-menores-e-cobra-medidas-de-plataformas-digitais-e-influenciadores"],"acf":[],"_links":{"self":[{"href":"https:\/\/bluestudio.estadao.com.br\/agencia-de-comunicacao\/wp-json\/wp\/v2\/posts\/128445","targetHints":{"allow":["GET"]}}],"collection":[{"href":"https:\/\/bluestudio.estadao.com.br\/agencia-de-comunicacao\/wp-json\/wp\/v2\/posts"}],"about":[{"href":"https:\/\/bluestudio.estadao.com.br\/agencia-de-comunicacao\/wp-json\/wp\/v2\/types\/post"}],"author":[{"embeddable":true,"href":"https:\/\/bluestudio.estadao.com.br\/agencia-de-comunicacao\/wp-json\/wp\/v2\/users\/1"}],"replies":[{"embeddable":true,"href":"https:\/\/bluestudio.estadao.com.br\/agencia-de-comunicacao\/wp-json\/wp\/v2\/comments?post=128445"}],"version-history":[{"count":0,"href":"https:\/\/bluestudio.estadao.com.br\/agencia-de-comunicacao\/wp-json\/wp\/v2\/posts\/128445\/revisions"}],"wp:featuredmedia":[{"embeddable":true,"href":"https:\/\/bluestudio.estadao.com.br\/agencia-de-comunicacao\/wp-json\/wp\/v2\/media\/128446"}],"wp:attachment":[{"href":"https:\/\/bluestudio.estadao.com.br\/agencia-de-comunicacao\/wp-json\/wp\/v2\/media?parent=128445"}],"wp:term":[{"taxonomy":"category","embeddable":true,"href":"https:\/\/bluestudio.estadao.com.br\/agencia-de-comunicacao\/wp-json\/wp\/v2\/categories?post=128445"},{"taxonomy":"post_tag","embeddable":true,"href":"https:\/\/bluestudio.estadao.com.br\/agencia-de-comunicacao\/wp-json\/wp\/v2\/tags?post=128445"}],"curies":[{"name":"wp","href":"https:\/\/api.w.org\/{rel}","templated":true}]}}