{"id":128421,"date":"2026-04-28T16:25:00","date_gmt":"2026-04-28T19:25:00","guid":{"rendered":"https:\/\/bluestudio.estadao.com.br\/agencia-de-comunicacao\/pressworks\/habilidades-comportamentais-e-digitais-lideram-ranking-das-mais-exigidas-nas-vagas-em-2026-confira-o-top-10\/"},"modified":"2026-04-28T16:25:00","modified_gmt":"2026-04-28T19:25:00","slug":"habilidades-comportamentais-e-digitais-lideram-ranking-das-mais-exigidas-nas-vagas-em-2026-confira-o-top-10","status":"publish","type":"post","link":"https:\/\/bluestudio.estadao.com.br\/agencia-de-comunicacao\/pressworks\/habilidades-comportamentais-e-digitais-lideram-ranking-das-mais-exigidas-nas-vagas-em-2026-confira-o-top-10\/","title":{"rendered":"Habilidades comportamentais e digitais lideram ranking das mais exigidas nas vagas em 2026;  Confira  o top 10"},"content":{"rendered":"<p><i>Levantamento da Catho mostra que empresas priorizam profissionais adapt\u00e1veis, com pensamento anal\u00edtico e dom\u00ednio tecnol\u00f3gico <\/i><\/p>\n<p>As exig\u00eancias do mercado de trabalho seguem em transforma\u00e7\u00e3o acelerada, impulsionadas, principalmente, pela digitaliza\u00e7\u00e3o e mudan\u00e7as no perfil das empresas. De acordo com a Pesquisa de Tend\u00eancias 2026 da <a href=\"https:\/\/www.catho.com.br\/\" target=\"_blank\"><u>Catho<\/u><\/a>, plataforma gratuita de empregos, as habilidades mais demandadas nas vagas atualmente refletem um equil\u00edbrio entre compet\u00eancias t\u00e9cnicas e comportamentais.<\/p>\n<p>No ranking, aparecem habilidades ligadas \u00e0 adaptabilidade e \u00e0 capacidade de lidar com mudan\u00e7as, seguidas por compet\u00eancias como comunica\u00e7\u00e3o eficaz, trabalho em equipe e pensamento anal\u00edtico. Essas habilidades se destacam porque permitem que o profissional responda com mais agilidade a cen\u00e1rios incertos, colabore de forma eficiente e tome decis\u00f5es mais embasadas no dia a dia. O avan\u00e7o da tecnologia tamb\u00e9m impulsiona a demanda por conhecimentos digitais, as chamadas hard skills, incluindo familiaridade com ferramentas tecnol\u00f3gicas e leitura de dados, mesmo em \u00e1reas n\u00e3o t\u00e9cnicas, j\u00e1 que essas compet\u00eancias aumentam a produtividade, a autonomia e a capacidade de gerar resultados concretos nas fun\u00e7\u00f5es.<\/p>\n<p>Outro destaque do levantamento \u00e9 a valoriza\u00e7\u00e3o da intelig\u00eancia emocional e da capacidade de resolver problemas complexos, habilidades cada vez mais cr\u00edticas em ambientes corporativos mais colaborativos e menos hier\u00e1rquicos. A proatividade e o senso de responsabilidade tamb\u00e9m ganham espa\u00e7o, refletindo a busca por profissionais mais aut\u00f4nomos e orientados a resultados.<\/p>\n<p><b>Top 10 habilidades mais exigidas nas vagas hoje:<\/b><\/p>\n<li>Intelig\u00eancia Emocional<\/li>\n<li>Pensamento Cr\u00edtico e Resolu\u00e7\u00e3o de Problemas<\/li>\n<li>Habilidades em Intelig\u00eancia Artificial<\/li>\n<li>Adaptabilidade e Flexibilidade<\/li>\n<li>Criatividade e Inova\u00e7\u00e3o<\/li>\n<li>Racioc\u00ednio l\u00f3gico e anal\u00edtico<\/li>\n<li>Comunica\u00e7\u00e3o Eficaz<\/li>\n<li>An\u00e1lise de dados e Business Intelligence<\/li>\n<li>Habilidades em Automa\u00e7\u00e3o de processos<\/li>\n<li>Conhecimento em Pacote Office &#8211; como Excel, PowerPoint e Word<\/li>\n<p>A <b>OESP<\/b> n\u00e3o \u00e9(s\u00e3o) respons\u00e1vel(is) por erros, incorre\u00e7\u00f5es, atrasos ou quaisquer decis\u00f5es tomadas por seus clientes com base nos Conte\u00fados ora disponibilizados, bem como tais Conte\u00fados n\u00e3o representam a opini\u00e3o da <b>OESP<\/b> e s\u00e3o de inteira responsabilidade da <b>PressWorks<\/b><\/p>\n","protected":false},"excerpt":{"rendered":"Levantamento da Catho mostra que empresas priorizam profissionais adapt\u00e1veis, com pensamento anal\u00edtico e dom\u00ednio tecnol\u00f3gico As exig\u00eancias do mercado de trabalho seguem em transforma\u00e7\u00e3o","protected":false},"author":1,"featured_media":128422,"comment_status":"open","ping_status":"closed","sticky":false,"template":"","format":"standard","meta":{"_acf_changed":false,"inline_featured_image":false,"_monsterinsights_skip_tracking":false,"_monsterinsights_sitenote_active":false,"_monsterinsights_sitenote_note":"","_monsterinsights_sitenote_category":0,"footnotes":""},"categories":[6750],"tags":[],"class_list":["post-128421","post","type-post","status-publish","format-standard","has-post-thumbnail","hentry","category-pressworks"],"acf":[],"_links":{"self":[{"href":"https:\/\/bluestudio.estadao.com.br\/agencia-de-comunicacao\/wp-json\/wp\/v2\/posts\/128421","targetHints":{"allow":["GET"]}}],"collection":[{"href":"https:\/\/bluestudio.estadao.com.br\/agencia-de-comunicacao\/wp-json\/wp\/v2\/posts"}],"about":[{"href":"https:\/\/bluestudio.estadao.com.br\/agencia-de-comunicacao\/wp-json\/wp\/v2\/types\/post"}],"author":[{"embeddable":true,"href":"https:\/\/bluestudio.estadao.com.br\/agencia-de-comunicacao\/wp-json\/wp\/v2\/users\/1"}],"replies":[{"embeddable":true,"href":"https:\/\/bluestudio.estadao.com.br\/agencia-de-comunicacao\/wp-json\/wp\/v2\/comments?post=128421"}],"version-history":[{"count":0,"href":"https:\/\/bluestudio.estadao.com.br\/agencia-de-comunicacao\/wp-json\/wp\/v2\/posts\/128421\/revisions"}],"wp:featuredmedia":[{"embeddable":true,"href":"https:\/\/bluestudio.estadao.com.br\/agencia-de-comunicacao\/wp-json\/wp\/v2\/media\/128422"}],"wp:attachment":[{"href":"https:\/\/bluestudio.estadao.com.br\/agencia-de-comunicacao\/wp-json\/wp\/v2\/media?parent=128421"}],"wp:term":[{"taxonomy":"category","embeddable":true,"href":"https:\/\/bluestudio.estadao.com.br\/agencia-de-comunicacao\/wp-json\/wp\/v2\/categories?post=128421"},{"taxonomy":"post_tag","embeddable":true,"href":"https:\/\/bluestudio.estadao.com.br\/agencia-de-comunicacao\/wp-json\/wp\/v2\/tags?post=128421"}],"curies":[{"name":"wp","href":"https:\/\/api.w.org\/{rel}","templated":true}]}}