{"id":128413,"date":"2026-04-28T16:40:00","date_gmt":"2026-04-28T19:40:00","guid":{"rendered":"https:\/\/bluestudio.estadao.com.br\/agencia-de-comunicacao\/agencia-memoria-da-eletricidade\/equipe-da-memoria-da-eletricidade-conhece-biblioteca-da-comissao-nacional-de-energia-nuclear\/"},"modified":"2026-04-28T17:52:13","modified_gmt":"2026-04-28T20:52:13","slug":"equipe-da-memoria-da-eletricidade-conhece-biblioteca-da-comissao-nacional-de-energia-nuclear","status":"publish","type":"post","link":"https:\/\/bluestudio.estadao.com.br\/agencia-de-comunicacao\/agencia-memoria-da-eletricidade\/equipe-da-memoria-da-eletricidade-conhece-biblioteca-da-comissao-nacional-de-energia-nuclear\/","title":{"rendered":"Equipe da Mem\u00f3ria da Eletricidade conhece biblioteca da Comiss\u00e3o Nacional de Energia Nuclear"},"content":{"rendered":"<p><i>Encontro teve como objetivo estreitar a rela\u00e7\u00e3o entre as institui\u00e7\u00f5es<\/i><\/p>\n<p>A equipe de bibliotec\u00e1rias da Mem\u00f3ria da Eletricidade realizou, nesta semana, uma visita t\u00e9cnica \u00e0 Biblioteca Mem\u00f3ria da Comiss\u00e3o Nacional de Energia Nuclear (CNEN ), em Botafogo, na Zona Sul do Rio.<\/p>\n<p>O encontro teve como objetivo estreitar a rela\u00e7\u00e3o entre as institui\u00e7\u00f5es, com destaque para a colabora\u00e7\u00e3o no empr\u00e9stimo de um relat\u00f3rio sobre o projeto da Central Nuclear de Mambucaba, pertencente ao acervo da CNEN. O material ser\u00e1 digitalizado e, posteriormente, devolvido \u00e0 institui\u00e7\u00e3o, fortalecendo as a\u00e7\u00f5es conjuntas de preserva\u00e7\u00e3o e acesso \u00e0 mem\u00f3ria do setor el\u00e9trico.<\/p>\n<p>A equipe foi recebida pela bibliotec\u00e1ria Maria Em\u00edlia, que atua na institui\u00e7\u00e3o h\u00e1 mais de 50 anos. Durante a visita, ela apresentou o acervo e a estrutura do espa\u00e7o, que re\u00fane milhares de itens produzidos entre as d\u00e9cadas de 1950 e 2020, como livros, relat\u00f3rios, pesquisas, artigos, teses, disserta\u00e7\u00f5es e trabalhos apresentados em eventos cient\u00edficos, al\u00e9m de oferecer ambientes de estudo, computadores e acesso digital aos documentos.<\/p>\n<p>Voltada \u00e0 preserva\u00e7\u00e3o e difus\u00e3o da produ\u00e7\u00e3o intelectual da CNEN, a Biblioteca Digital re\u00fane trabalhos de autores vinculados \u00e0 institui\u00e7\u00e3o, tanto na \u00e1rea nuclear quanto em outros campos. O acervo inclui desde publica\u00e7\u00f5es cient\u00edficas at\u00e9 documentos internos que, embora n\u00e3o tenham sido editados comercialmente, integram a mem\u00f3ria institucional.<\/p>\n<figure><img decoding=\"async\" src=\"https:\/\/www.estadaoconteudo.com.br\/RSS\/images\/AME20260428164008583006-visitacnenrevisa-1.jpg\" alt=\"Prateleiras da biblioteca da CNEN. Foto: Gabriel Rechenioti \/ Acervo Mem\u00f3ria da Eletricidade\" \/><figcaption>Prateleiras da biblioteca da CNEN. Foto: Gabriel Rechenioti \/ Acervo Mem\u00f3ria da Eletricidade<\/figcaption><\/figure>\n<p>A base do acervo est\u00e1 no International Nuclear Information System (INIS), rede internacional coordenada pela Ag\u00eancia Internacional de Energia At\u00f4mica (IAEA), alimentada no Brasil pelo Centro de Informa\u00e7\u00f5es Nucleares (CIN). Para mais informa\u00e7\u00f5es, acesse o <a href=\"https:\/\/memoria.cnen.gov.br\/memoria2025\/index.asp\" target=\"_blank\" rel=\"noopener\"><u>site da biblioteca do CNEN<\/u><\/a>.<\/p>\n<p><b>Conhe\u00e7a a Rede de Bibliotecas da Energia<\/b><\/p>\n<p>A Rede de Bibliotecas da Energia conta com um acervo de mais de 160 mil itens entre livros, relat\u00f3rios t\u00e9cnicos, documentos hist\u00f3ricos e publica\u00e7\u00f5es cient\u00edficas, voltadas ao tema energia. Estes conte\u00fados, que re\u00fanem as unidades de informa\u00e7\u00e3o da Axia Energia, Eletronuclear e da Mem\u00f3ria da Eletricidade, s\u00e3o mantidos acess\u00edveis n\u00e3o s\u00f3 para os profissionais da \u00e1rea, mas tamb\u00e9m para pesquisadores e curiosos em geral.<\/p>\n<p>O acesso ao cat\u00e1logo completo \u00e9 gratuito e pode ser feito online pelo site da Rede de Bibliotecas da Energia. J\u00e1 as visitas presenciais precisam ser agendadas por e-mail ( <a href=\"mailto:contato@bibliotecasdaenergia.com.br\" target=\"_blank\" rel=\"noopener\"><u>contato@bibliotecasdaenergia.com.br<\/u><\/a> ). O hor\u00e1rio de atendimento presencial \u00e9 das 9h \u00e0s 17h, de segunda a quinta-feira. A Biblioteca est\u00e1 situada no Centro do Rio de Janeiro.<\/p>\n<p>A <b>OESP<\/b> n\u00e3o \u00e9(s\u00e3o) respons\u00e1vel(is) por erros, incorre\u00e7\u00f5es, atrasos ou quaisquer decis\u00f5es tomadas por seus clientes com base nos Conte\u00fados ora disponibilizados, bem como tais Conte\u00fados n\u00e3o representam a opini\u00e3o da <b>OESP<\/b> e s\u00e3o de inteira responsabilidade da <b>Ag\u00eancia Mem\u00f3ria da Eletricidade<\/b><\/p>\n","protected":false},"excerpt":{"rendered":"Encontro teve como objetivo estreitar a rela\u00e7\u00e3o entre as institui\u00e7\u00f5es A equipe de bibliotec\u00e1rias da Mem\u00f3ria da Eletricidade realizou, nesta semana, uma visita t\u00e9cnica \u00e0 Biblioteca Mem\u00f3ria da","protected":false},"author":1,"featured_media":128414,"comment_status":"open","ping_status":"closed","sticky":false,"template":"","format":"standard","meta":{"_acf_changed":false,"inline_featured_image":false,"_monsterinsights_skip_tracking":false,"_monsterinsights_sitenote_active":false,"_monsterinsights_sitenote_note":"","_monsterinsights_sitenote_category":0,"footnotes":""},"categories":[1680],"tags":[],"class_list":["post-128413","post","type-post","status-publish","format-standard","has-post-thumbnail","hentry","category-agencia-memoria-da-eletricidade"],"acf":[],"_links":{"self":[{"href":"https:\/\/bluestudio.estadao.com.br\/agencia-de-comunicacao\/wp-json\/wp\/v2\/posts\/128413","targetHints":{"allow":["GET"]}}],"collection":[{"href":"https:\/\/bluestudio.estadao.com.br\/agencia-de-comunicacao\/wp-json\/wp\/v2\/posts"}],"about":[{"href":"https:\/\/bluestudio.estadao.com.br\/agencia-de-comunicacao\/wp-json\/wp\/v2\/types\/post"}],"author":[{"embeddable":true,"href":"https:\/\/bluestudio.estadao.com.br\/agencia-de-comunicacao\/wp-json\/wp\/v2\/users\/1"}],"replies":[{"embeddable":true,"href":"https:\/\/bluestudio.estadao.com.br\/agencia-de-comunicacao\/wp-json\/wp\/v2\/comments?post=128413"}],"version-history":[{"count":1,"href":"https:\/\/bluestudio.estadao.com.br\/agencia-de-comunicacao\/wp-json\/wp\/v2\/posts\/128413\/revisions"}],"predecessor-version":[{"id":128429,"href":"https:\/\/bluestudio.estadao.com.br\/agencia-de-comunicacao\/wp-json\/wp\/v2\/posts\/128413\/revisions\/128429"}],"wp:featuredmedia":[{"embeddable":true,"href":"https:\/\/bluestudio.estadao.com.br\/agencia-de-comunicacao\/wp-json\/wp\/v2\/media\/128414"}],"wp:attachment":[{"href":"https:\/\/bluestudio.estadao.com.br\/agencia-de-comunicacao\/wp-json\/wp\/v2\/media?parent=128413"}],"wp:term":[{"taxonomy":"category","embeddable":true,"href":"https:\/\/bluestudio.estadao.com.br\/agencia-de-comunicacao\/wp-json\/wp\/v2\/categories?post=128413"},{"taxonomy":"post_tag","embeddable":true,"href":"https:\/\/bluestudio.estadao.com.br\/agencia-de-comunicacao\/wp-json\/wp\/v2\/tags?post=128413"}],"curies":[{"name":"wp","href":"https:\/\/api.w.org\/{rel}","templated":true}]}}