{"id":128409,"date":"2026-04-28T15:57:00","date_gmt":"2026-04-28T18:57:00","guid":{"rendered":"https:\/\/bluestudio.estadao.com.br\/agencia-de-comunicacao\/prnewswire\/vwco-reforca-atuacao-no-agronegocio-durante-a-agrishow\/"},"modified":"2026-04-28T15:57:00","modified_gmt":"2026-04-28T18:57:00","slug":"vwco-reforca-atuacao-no-agronegocio-durante-a-agrishow","status":"publish","type":"post","link":"https:\/\/bluestudio.estadao.com.br\/agencia-de-comunicacao\/prnewswire\/vwco-reforca-atuacao-no-agronegocio-durante-a-agrishow\/","title":{"rendered":"VWCO refor\u00e7a atua\u00e7\u00e3o no agroneg\u00f3cio durante a Agrishow"},"content":{"rendered":"\n<div class=\"xn-content\">\n<span class=\"legendSpanClass\">S\u00c3O PAULO<\/span>, <span class=\"legendSpanClass\">28 de abril de 2026<\/span> \/PRNewswire\/ &#8212; A Volkswagen Caminh\u00f5es e \u00d4nibus marca presen\u00e7a na Agrishow, a maior feira de tecnologia agr\u00edcola do Brasil e uma das maiores do mundo, realizada at\u00e9 1\u00ba de maio, em Ribeir\u00e3o Preto (SP). Durante o evento, a montadora refor\u00e7a sua atua\u00e7\u00e3o no agroneg\u00f3cio ao destacar um portf\u00f3lio de ve\u00edculos j\u00e1 reconhecido pelo mercado, desenvolvido para atender \u00e0s diferentes demandas do transporte no campo.<\/p>\n<div class=\"PRN_ImbeddedAssetReference\" id=\"DivAssetPlaceHolder5686\">\n<a href=\"https:\/\/mma.prnewswire.com\/media\/2968288\/IMAGEM_2.html\" target=\"_blank\" rel=\"nofollow\"><img decoding=\"async\" src=\"https:\/\/mma.prnewswire.com\/media\/2968288\/IMAGEM_2.jpg\" title=\"(PRNewsfoto\/Volkswagen Caminh\u00f5es e \u00d4nibus)\" alt=\"(PRNewsfoto\/Volkswagen Caminh\u00f5es e \u00d4nibus)\" \/><\/a><\/p>\n<\/div>\n<p>No estande da marca, o p\u00fablico poder\u00e1 conhecer de perto os modelos VW Meteor 29.530, VW Constellation 33.480, VW Constellation 31.280 e o VW Delivery 11.180 4&#215;2, al\u00e9m do ve\u00edculo sob medida Agronomous VW Constellation 31.280, adaptado para opera\u00e7\u00f5es no agro. Os modelos evidenciam a versatilidade da VWCO para aplica\u00e7\u00f5es que v\u00e3o desde o apoio \u00e0s opera\u00e7\u00f5es no campo at\u00e9 o transporte rodovi\u00e1rio de cargas em longas dist\u00e2ncias.<\/p>\n<p>Os ve\u00edculos expostos refletem a estrat\u00e9gia da montadora de oferecer solu\u00e7\u00f5es robustas, eficientes e adequadas \u00e0s condi\u00e7\u00f5es severas do agroneg\u00f3cio brasileiro. O VW Meteor 29.530, integrante da fam\u00edlia dos maiores caminh\u00f5es da marca, refor\u00e7a a presen\u00e7a da VW Caminh\u00f5es e \u00d4nibus no segmento de extrapesados, sendo amplamente utilizado no transporte rodovi\u00e1rio de cargas. O modelo re\u00fane pot\u00eancia, tecnologia e conforto para o motorista, atributos essenciais para opera\u00e7\u00f5es de alta produtividade.<\/p>\n<p>O VW Constellation 31.280 se destaca pela versatilidade em aplica\u00e7\u00f5es mistas, enquanto o Constellation 33.480 atende opera\u00e7\u00f5es mais pesadas, com alta capacidade de carga e desempenho. Outro destaque da participa\u00e7\u00e3o da montadora na feira \u00e9 o Agronomous VW Constellation 31.280, ve\u00edculo desenvolvido para atender \u00e0s necessidades espec\u00edficas do produtor rural, com foco em aplica\u00e7\u00f5es no campo e opera\u00e7\u00f5es ligadas \u00e0s colheitas agr\u00edcolas, como a de cana-de-a\u00e7\u00facar.<\/p>\n<p>Completando o portf\u00f3lio, o VW Delivery 11.180 4&#215;2 representa uma alternativa eficiente para opera\u00e7\u00f5es de apoio, transporte de insumos e distribui\u00e7\u00e3o de cargas em curtas e m\u00e9dias dist\u00e2ncias. Com essa participa\u00e7\u00e3o na Agrishow, a VWCO reafirma seu compromisso com o agroneg\u00f3cio brasileiro, destacando solu\u00e7\u00f5es de transporte consolidadas e preparadas para garantir efici\u00eancia, confiabilidade e produtividade no campo.<\/p>\n<p><a href=\"https:\/\/vwtbpress.com\/\" target=\"_blank\" rel=\"nofollow\">Volkswagen Caminh\u00f5es e \u00d4nibus &#8211; Sala de Imprensa<\/a><\/p>\n<p><b>Um membro do GRUPO TRATON<\/b><\/p>\n<p><b>TRATON SE<\/b><\/p>\n<p>Com suas marcas Scania, MAN, International e Volkswagen Caminh\u00f5es e \u00d4nibus, a TRATON SE \u00e9 a controladora e holding do GRUPO TRATON e uma das principais fabricantes mundiais de ve\u00edculos comerciais. O portf\u00f3lio de produtos do Grupo inclui caminh\u00f5es, \u00f4nibus e ve\u00edculos comerciais leves. &#8220;Transformando o Transporte Juntos. Por um mundo sustent\u00e1vel.&#8221;: essa inten\u00e7\u00e3o ressalta a ambi\u00e7\u00e3o da empresa de ter um impacto duradouro e sustent\u00e1vel no neg\u00f3cio de ve\u00edculos comerciais e no crescimento comercial do Grupo.<\/p>\n<p><b>Sobre a VW Caminh\u00f5es e \u00d4nibus<\/b><\/p>\n<p>Membro do Grupo TRATON, a VW Caminh\u00f5es e \u00d4nibus \u00e9 a fabricante dos ve\u00edculos comerciais Volkswagen, uma das maiores montadoras de caminh\u00f5es e \u00f4nibus da Am\u00e9rica Latina. Desde 1981, quando iniciou suas opera\u00e7\u00f5es, chegar ao topo do mercado, respeitando e satisfazendo as necessidades dos clientes, sempre foi o foco da montadora. E \u00e9 exatamente isso que oferece a seus clientes: produtos sob medida e um excelente servi\u00e7o de p\u00f3s-vendas. A empresa tamb\u00e9m \u00e9 refer\u00eancia em inova\u00e7\u00f5es tecnol\u00f3gicas, sendo pioneira no desenvolvimento e produ\u00e7\u00e3o de um caminh\u00e3o 100% el\u00e9trico na Am\u00e9rica Latina. A empresa busca sempre solu\u00e7\u00f5es que reduzam o impacto ambiental e ajudem a preservar o meio ambiente. H\u00e1 mais de 40 anos, a fabricante mant\u00e9m seu compromisso de desenvolver ve\u00edculos que superem as exig\u00eancias dos clientes &#8211; onde quer que eles rodem, seja pelas estradas brasileiras, latino-americanas, africanas ou asi\u00e1ticas.<\/p>\n<p><b>Volkswagen Caminh\u00f5es e \u00d4nibus<\/b><br \/><b>Comunica\u00e7\u00e3o <\/b><br \/>(11) 5582-5335 \/ (24) 3381-1063<br \/><a href=\"mailto:comunicacao@volkswagen.com.br\" target=\"_blank\" rel=\"nofollow\">comunicacao@volkswagen.com.br<\/a><\/p>\n<p>Foto &#8211; <a href=\"https:\/\/mma.prnewswire.com\/media\/2968288\/IMAGEM_2.jpg\" target=\"_blank\" rel=\"nofollow\">https:\/\/mma.prnewswire.com\/media\/2968288\/IMAGEM_2.jpg<\/a><\/p>\n<div class=\"PRN_ImbeddedAssetReference\" id=\"DivAssetPlaceHolder0\"><\/div>\n<p id=\"PURL\"><img loading=\"lazy\" decoding=\"async\" title=\"Cision\" width=\"12\" height=\"12\" alt=\"Cision\" src=\"https:\/\/edge.prnewswire.com\/c\/img\/favicon.png?sn=PT45905&amp;sd=2026-04-28\" \/> View original content to download multimedia:<a id=\"PRNURL\" rel=\"nofollow\" href=\"https:\/\/www.prnewswire.com\/br\/comunicados-para-a-imprensa\/vwco-reforca-atuacao-no-agronegocio-durante-a-agrishow-302756166.html\" target=\"_blank\">https:\/\/www.prnewswire.com\/br\/comunicados-para-a-imprensa\/vwco-reforca-atuacao-no-agronegocio-durante-a-agrishow-302756166.html<\/a><\/p>\n<p>FONTE Volkswagen Caminh\u00f5es e \u00d4nibus<\/p>\n<\/div>\n<p>  <img decoding=\"async\" alt=\"\" src=\"https:\/\/rt.prnewswire.com\/rt.gif?NewsItemId=PT45905&amp;Transmission_Id=202604281446PR_NEWS_LATAM____PT45905&amp;DateId=20260428\" style=\"border:0px;width:1px;height:1px\" \/><\/p>\n<p><strong>T\u00f3picos Relacionados:<\/strong> Transporte \/ Caminh\u00f5es \/ Ferrovias, Eventos Futuros, Agricultura<\/p>\n<p>A <b>OESP<\/b> n\u00e3o \u00e9(s\u00e3o) respons\u00e1vel(is) por erros, incorre\u00e7\u00f5es, atrasos ou quaisquer decis\u00f5es tomadas por seus clientes com base nos Conte\u00fados ora disponibilizados, bem como tais Conte\u00fados n\u00e3o representam a opini\u00e3o da <b>OESP<\/b> e s\u00e3o de inteira responsabilidade da <b>PR Newswire Ltda<\/b><\/p>\n","protected":false},"excerpt":{"rendered":"S\u00c3O PAULO, 28 de abril de 2026 \/PRNewswire\/ &#8212; A Volkswagen Caminh\u00f5es e \u00d4nibus marca presen\u00e7a na Agrishow, a maior feira de tecnologia agr\u00edcola do Brasil e uma das maiores do mundo,","protected":false},"author":1,"featured_media":128410,"comment_status":"open","ping_status":"closed","sticky":false,"template":"","format":"standard","meta":{"_acf_changed":false,"inline_featured_image":false,"_monsterinsights_skip_tracking":false,"_monsterinsights_sitenote_active":false,"_monsterinsights_sitenote_note":"","_monsterinsights_sitenote_category":0,"footnotes":""},"categories":[27],"tags":[9168,9167,9170,9169],"class_list":["post-128409","post","type-post","status-publish","format-standard","has-post-thumbnail","hentry","category-prnewswire","tag-a-maior-feira-de-tecnologia-agricola-do-brasil-e-uma-das-maiores-do-mundo","tag-a-volkswagen-caminhoes-e-onibus-marca-presenca-na-agrishow","tag-em-ribeirao-preto","tag-realizada-ate-1o-de-maio"],"acf":[],"_links":{"self":[{"href":"https:\/\/bluestudio.estadao.com.br\/agencia-de-comunicacao\/wp-json\/wp\/v2\/posts\/128409","targetHints":{"allow":["GET"]}}],"collection":[{"href":"https:\/\/bluestudio.estadao.com.br\/agencia-de-comunicacao\/wp-json\/wp\/v2\/posts"}],"about":[{"href":"https:\/\/bluestudio.estadao.com.br\/agencia-de-comunicacao\/wp-json\/wp\/v2\/types\/post"}],"author":[{"embeddable":true,"href":"https:\/\/bluestudio.estadao.com.br\/agencia-de-comunicacao\/wp-json\/wp\/v2\/users\/1"}],"replies":[{"embeddable":true,"href":"https:\/\/bluestudio.estadao.com.br\/agencia-de-comunicacao\/wp-json\/wp\/v2\/comments?post=128409"}],"version-history":[{"count":0,"href":"https:\/\/bluestudio.estadao.com.br\/agencia-de-comunicacao\/wp-json\/wp\/v2\/posts\/128409\/revisions"}],"wp:featuredmedia":[{"embeddable":true,"href":"https:\/\/bluestudio.estadao.com.br\/agencia-de-comunicacao\/wp-json\/wp\/v2\/media\/128410"}],"wp:attachment":[{"href":"https:\/\/bluestudio.estadao.com.br\/agencia-de-comunicacao\/wp-json\/wp\/v2\/media?parent=128409"}],"wp:term":[{"taxonomy":"category","embeddable":true,"href":"https:\/\/bluestudio.estadao.com.br\/agencia-de-comunicacao\/wp-json\/wp\/v2\/categories?post=128409"},{"taxonomy":"post_tag","embeddable":true,"href":"https:\/\/bluestudio.estadao.com.br\/agencia-de-comunicacao\/wp-json\/wp\/v2\/tags?post=128409"}],"curies":[{"name":"wp","href":"https:\/\/api.w.org\/{rel}","templated":true}]}}