{"id":128407,"date":"2026-04-28T14:12:00","date_gmt":"2026-04-28T17:12:00","guid":{"rendered":"https:\/\/bluestudio.estadao.com.br\/agencia-de-comunicacao\/prnewswire\/a-identidade-nacional-como-ativo-estrategico-do-mercado-imobiliario\/"},"modified":"2026-04-28T14:12:00","modified_gmt":"2026-04-28T17:12:00","slug":"a-identidade-nacional-como-ativo-estrategico-do-mercado-imobiliario","status":"publish","type":"post","link":"https:\/\/bluestudio.estadao.com.br\/agencia-de-comunicacao\/prnewswire\/a-identidade-nacional-como-ativo-estrategico-do-mercado-imobiliario\/","title":{"rendered":"A identidade nacional como ativo estrat\u00e9gico do mercado imobili\u00e1rio"},"content":{"rendered":"\n<div class=\"xn-content\">\n<p class=\"prntac\"><span>Paisagismo e design autoral s\u00e3o apostas em empreendimentos de alto padr\u00e3o da Eztec<\/span><\/p>\n<p><span class=\"legendSpanClass\">S\u00c3O PAULO<\/span>, <span class=\"legendSpanClass\">28 de abril de 2026<\/span> \/PRNewswire\/ &#8212; A valoriza\u00e7\u00e3o do design nacional deixou de ser apenas uma escolha est\u00e9tica para se tornar uma das principais e mais valorizadas caracter\u00edsticas do mercado imobili\u00e1rio de alto padr\u00e3o. Hoje, trabalhar com a identidade cultural brasileira tornou-se tend\u00eancia no quesito para atrair os novos consumidores. Ao colocar esses pontos no centro de uma estrat\u00e9gia, \u00e9 poss\u00edvel produzir um projeto que reflete autenticidade e qualidade.<\/p>\n<div class=\"PRN_ImbeddedAssetReference\" id=\"DivAssetPlaceHolder1\">\n<a href=\"https:\/\/mma.prnewswire.com\/media\/2968066\/Casa_Nacional_Eztec_perspectiva_jpg.html\" target=\"_blank\" rel=\"nofollow\">  <img decoding=\"async\" src=\"https:\/\/mma.prnewswire.com\/media\/2968066\/Casa_Nacional_Eztec_perspectiva_jpg.jpg\" title=\"Perspectiva da empreendimento Casa Nacional\" alt=\"Perspectiva da empreendimento Casa Nacional\" \/><\/a>\n <\/p>\n<\/p><\/div>\n<p>O Casa Nacional, novo residencial da Eztec no Brooklin, \u00e9 um exemplo desse movimento. O empreendimento destaca a originalidade e a ess\u00eancia nacionais, onde as linhas arquitet\u00f4nicas, projetadas pelo escrit\u00f3rio de arquitetura LE Arquitetos, e o paisagismo, assinado pelo escrit\u00f3rio Burle Marx, se integram de forma org\u00e2nica e sofisticada. &#8220;O verde abundante e o concreto aparente remetem \u00e0 arquitetura de excel\u00eancia que temos no pa\u00eds; essa eleg\u00e2ncia e a brasilidade s\u00e3o o grande ponto de valoriza\u00e7\u00e3o do Casa Nacional Eztec&#8221;, explica Tellio Totaro, Superintendente Executivo de Incorpora\u00e7\u00e3o da Eztec.<\/p>\n<p>O paisagismo vai al\u00e9m, sendo tratado como uma express\u00e3o art\u00edstica e uma forma de pensar os espa\u00e7os de conviv\u00eancia. Ele funciona em conjunto com a arquitetura, estabelecendo uma conex\u00e3o direta e criando o caminho que permite estar entre esses dois mundos. &#8220;Esse \u00e9 um trabalho que o Burle Marx fazia desde muito tempo. Os desenhos de piso s\u00e3o muito conhecidos no trabalho dele, assim como os pain\u00e9is em relevo presentes no projeto&#8221;, acrescenta Tellio.<\/p>\n<p>Nas \u00e1reas comuns e no apartamento decorado, essa curadoria ganha impulso, mostrando que a brasilidade \u00e9 uma tend\u00eancia consolidada que agrega valor real ao ativo imobili\u00e1rio.<\/p>\n<p>Os interiores, ao encargo de Fernanda Marques, dialogam com o paisagismo concebido pelo escrit\u00f3rio Burle Marx, e refletem para dentro a mesma atmosfera org\u00e2nica. A madeira, em tons quentes que puxam para o avermelhado e evocam a riqueza das esp\u00e9cies brasileiras, e as pedras naturais nacionais, refor\u00e7am esse v\u00ednculo entre natureza e arquitetura. Entre os elementos de mobili\u00e1rio, pe\u00e7as emblem\u00e1ticas do design nacional, como as poltronas Paraty, de Sergio Rodrigues, refor\u00e7am esse olhar atento para a autenticidade e a hist\u00f3ria do design.<\/p>\n<p>&#8220;Ao unir nomes de peso e uma curadoria que valoriza a ess\u00eancia nacional em cada detalhe, o Casa Nacional Eztec atende a um p\u00fablico que busca exclusividade por meio da autenticidade&#8221;, conclui Totaro. <\/p>\n<p>Foto &#8211; <a href=\"https:\/\/mma.prnewswire.com\/media\/2968066\/Casa_Nacional_Eztec_perspectiva_jpg.jpg\" target=\"_blank\" rel=\"nofollow\">https:\/\/mma.prnewswire.com\/media\/2968066\/Casa_Nacional_Eztec_perspectiva_jpg.jpg<\/a><\/p>\n<p id=\"PURL\"><img loading=\"lazy\" decoding=\"async\" title=\"Cision\" width=\"12\" height=\"12\" alt=\"Cision\" src=\"https:\/\/edge.prnewswire.com\/c\/img\/favicon.png?sn=PT45657&amp;sd=2026-04-28\" \/> View original content to download multimedia:<a id=\"PRNURL\" rel=\"nofollow\" href=\"https:\/\/www.prnewswire.com\/br\/comunicados-para-a-imprensa\/a-identidade-nacional-como-ativo-estrategico-do-mercado-imobiliario-302756001.html\" target=\"_blank\">https:\/\/www.prnewswire.com\/br\/comunicados-para-a-imprensa\/a-identidade-nacional-como-ativo-estrategico-do-mercado-imobiliario-302756001.html<\/a><\/p>\n<p>FONTE Eztec<\/p>\n<\/div>\n<p>  <img decoding=\"async\" alt=\"\" src=\"https:\/\/rt.prnewswire.com\/rt.gif?NewsItemId=PT45657&amp;Transmission_Id=202604281300PR_NEWS_LATAM____PT45657&amp;DateId=20260428\" style=\"border:0px;width:1px;height:1px\" \/><\/p>\n<p><strong>T\u00f3picos Relacionados:<\/strong> Novos Produtos\/Servi\u00e7os, Im\u00f3veis no Exterior, Im\u00f3veis<\/p>\n<p>A <b>OESP<\/b> n\u00e3o \u00e9(s\u00e3o) respons\u00e1vel(is) por erros, incorre\u00e7\u00f5es, atrasos ou quaisquer decis\u00f5es tomadas por seus clientes com base nos Conte\u00fados ora disponibilizados, bem como tais Conte\u00fados n\u00e3o representam a opini\u00e3o da <b>OESP<\/b> e s\u00e3o de inteira responsabilidade da <b>PR Newswire Ltda<\/b><\/p>\n","protected":false},"excerpt":{"rendered":"Paisagismo e design autoral s\u00e3o apostas em empreendimentos de alto padr\u00e3o da Eztec S\u00c3O PAULO, 28 de abril de 2026 \/PRNewswire\/ &#8212; A valoriza\u00e7\u00e3o do design nacional deixou de ser apenas uma","protected":false},"author":1,"featured_media":128408,"comment_status":"open","ping_status":"closed","sticky":false,"template":"","format":"standard","meta":{"_acf_changed":false,"inline_featured_image":false,"_monsterinsights_skip_tracking":false,"_monsterinsights_sitenote_active":false,"_monsterinsights_sitenote_note":"","_monsterinsights_sitenote_category":0,"footnotes":""},"categories":[27],"tags":[9166],"class_list":["post-128407","post","type-post","status-publish","format-standard","has-post-thumbnail","hentry","category-prnewswire","tag-a-valorizacao-do-design-nacional-deixou-de-ser-apenas-uma-escolha-estetica-para-se-tornar-uma-das-principais-e-mais-valorizadas-caracteristicas-do-mercado-imobiliario-de-alto-padr"],"acf":[],"_links":{"self":[{"href":"https:\/\/bluestudio.estadao.com.br\/agencia-de-comunicacao\/wp-json\/wp\/v2\/posts\/128407","targetHints":{"allow":["GET"]}}],"collection":[{"href":"https:\/\/bluestudio.estadao.com.br\/agencia-de-comunicacao\/wp-json\/wp\/v2\/posts"}],"about":[{"href":"https:\/\/bluestudio.estadao.com.br\/agencia-de-comunicacao\/wp-json\/wp\/v2\/types\/post"}],"author":[{"embeddable":true,"href":"https:\/\/bluestudio.estadao.com.br\/agencia-de-comunicacao\/wp-json\/wp\/v2\/users\/1"}],"replies":[{"embeddable":true,"href":"https:\/\/bluestudio.estadao.com.br\/agencia-de-comunicacao\/wp-json\/wp\/v2\/comments?post=128407"}],"version-history":[{"count":0,"href":"https:\/\/bluestudio.estadao.com.br\/agencia-de-comunicacao\/wp-json\/wp\/v2\/posts\/128407\/revisions"}],"wp:featuredmedia":[{"embeddable":true,"href":"https:\/\/bluestudio.estadao.com.br\/agencia-de-comunicacao\/wp-json\/wp\/v2\/media\/128408"}],"wp:attachment":[{"href":"https:\/\/bluestudio.estadao.com.br\/agencia-de-comunicacao\/wp-json\/wp\/v2\/media?parent=128407"}],"wp:term":[{"taxonomy":"category","embeddable":true,"href":"https:\/\/bluestudio.estadao.com.br\/agencia-de-comunicacao\/wp-json\/wp\/v2\/categories?post=128407"},{"taxonomy":"post_tag","embeddable":true,"href":"https:\/\/bluestudio.estadao.com.br\/agencia-de-comunicacao\/wp-json\/wp\/v2\/tags?post=128407"}],"curies":[{"name":"wp","href":"https:\/\/api.w.org\/{rel}","templated":true}]}}