{"id":128399,"date":"2026-04-28T14:00:00","date_gmt":"2026-04-28T17:00:00","guid":{"rendered":"https:\/\/bluestudio.estadao.com.br\/agencia-de-comunicacao\/markable-comunicacao-homework\/espanha-enfrenta-envelhecimento-da-populacao-e-abre-mercado-para-imigrantes\/"},"modified":"2026-04-28T14:00:00","modified_gmt":"2026-04-28T17:00:00","slug":"espanha-enfrenta-envelhecimento-da-populacao-e-abre-mercado-para-imigrantes","status":"publish","type":"post","link":"https:\/\/bluestudio.estadao.com.br\/agencia-de-comunicacao\/markable-comunicacao-homework\/espanha-enfrenta-envelhecimento-da-populacao-e-abre-mercado-para-imigrantes\/","title":{"rendered":"Espanha enfrenta envelhecimento da popula\u00e7\u00e3o e abre mercado para imigrantes"},"content":{"rendered":"<p><i>Com a regulariza\u00e7\u00e3o em massa de imigrantes irregulares, o pa\u00eds sinaliza disposi\u00e7\u00e3o para ampliar a entrada de estrangeiros, em um contexto de baixa natalidade<\/i><\/p>\n<p>Em 2025, a Espanha registrou 321.164 nascimentos, alta de 1% em rela\u00e7\u00e3o ao ano anterior, segundo o Instituto Nacional de Estad\u00edstica (INE), mas ainda insuficiente para reverter o saldo negativo entre nascimentos e mortes, que chegou a 122.167 pessoas. O resultado mant\u00e9m a tend\u00eancia de envelhecimento da popula\u00e7\u00e3o, que vem se consolidando ao longo da \u00faltima d\u00e9cada. Para Renata Barbalho, CEO da <a href=\"https:\/\/www.espanhafacil.com\/\" target=\"_blank\"><u>Espanha F\u00e1cil,<\/u><\/a> assessoria especializada em imigra\u00e7\u00e3o para o pa\u00eds, o envelhecimento da pir\u00e2mide et\u00e1ria vem reduzindo a oferta de m\u00e3o de obra em diferentes setores, abrindo espa\u00e7o para trabalhadores qualificados de outros pa\u00edses.<\/p>\n<p>A especialista destaca que este cen\u00e1rio reflete na abertura do pa\u00eds para legalizar imigrantes por meio da regulariza\u00e7\u00e3o em massa aprovada pelo governo espanhol na \u00faltima semana, e que receber\u00e1 solicita\u00e7\u00f5es at\u00e9 30 de junho. \u201cA Espanha est\u00e1 indo na contram\u00e3o do mundo: enquanto muitos pa\u00edses fecham a fronteira, o pa\u00eds entendeu que a <a href=\"https:\/\/www.espanhafacil.com\/blog\/regularizacao-massiva-na-espanha\/\" target=\"_blank\"><u>regulariza\u00e7\u00e3o dos imigrantes<\/u><\/a> vai impulsionar a economia porque essas pessoas j\u00e1 moram e trabalham aqui, o que elas querem agora \u00e9 pagar impostos e ter seguran\u00e7a jur\u00eddica. O governo prev\u00ea inicialmente mais de 500 mil pessoas, mas acredito que poder\u00e1 chegar a 1 milh\u00e3o\u201d, comenta.<\/p>\n<p>De acordo com a CEO da Espanha F\u00e1cil, a medida \u00e9 extremamente ben\u00e9fica e hist\u00f3rica, visto que n\u00e3o acontecia h\u00e1 duas d\u00e9cadas, considerando tamb\u00e9m que a taxa de natalidade no pa\u00eds \u00e9 muito baixa, praticamente um filho por mulher, e isso n\u00e3o \u00e9 suficiente para repor o crescimento vegetativo. Al\u00e9m disso, h\u00e1 muitas profiss\u00f5es em que faltam m\u00e3o de obra, tais como: motorista, eletricista, carpinteiro, mas tamb\u00e9m m\u00e9dicos, enfermeiros e t\u00e9cnicos de enfermagem\u201d, explica a executiva que mora na Espanha desde 2005. Por isso, al\u00e9m de beneficiar os imigrantes que j\u00e1 vivem no pa\u00eds e atuam na economia informal, a nova norma tamb\u00e9m ser\u00e1 importante para a economia espanhola como um todo, na opini\u00e3o da executiva que mora na Espanha desde 2005.<\/p>\n<p><b>Ainda d\u00e1 tempo de ir morar na Espanha? <\/b><\/p>\n<p>A CEO da Espanha F\u00e1cil destaca que a norma prev\u00ea tr\u00eas tipos de benefici\u00e1rios: na ocasi\u00e3o de uma oferta de trabalho formal ou atividades de trabalho por conta pr\u00f3pria na Espanha (empreendedores); v\u00ednculos familiares, por exemplo, filhos menores de idade; e o caso tr\u00eas \u00e9 uma novidade, s\u00e3o pessoas em situa\u00e7\u00f5es de vulnerabilidade social relacionadas \u00e0 situa\u00e7\u00e3o de irregularidade no pa\u00eds. Em todos os casos, os solicitantes devem ter chegado ao pa\u00eds antes de 1\u00ba de janeiro de 2026 e comprovar que moram no pa\u00eds h\u00e1 pelo menos 5 meses.<\/p>\n<p>Para Renata, a regulariza\u00e7\u00e3o reconhece uma realidade j\u00e1 consolidada no pa\u00eds. \u201cEssas pessoas j\u00e1 est\u00e3o no pa\u00eds, j\u00e1 trabalham, mas hoje est\u00e3o na informalidade, sem cobertura do governo. No entanto, tamb\u00e9m observamos que cresceu o interesse de brasileiros que est\u00e3o em outros pa\u00edses da Europa, como Portugal, e at\u00e9 nos Estados Unidos, buscando vir morar na Espanha em busca de um pa\u00eds mais acolhedor em rela\u00e7\u00e3o \u00e0 imigrantes. Pessoas muito qualificadas, prontas para colaborar com o mercado de trabalho\u201d, afirma.<\/p>\n<p><b>Por que escolher a Espanha? <\/b><\/p>\n<p>A CEO ainda conta que, para os brasileiros, o espanhol acaba sendo um idioma mais f\u00e1cil de aprender e at\u00e9 mesmo se virar nos primeiros meses. Em poucos meses, com um curso de idioma, \u00e9 poss\u00edvel alcan\u00e7ar autonomia para trabalhar e estudar no pa\u00eds. N\u00e3o \u00e9 \u00e0 toa que, a executiva relata que muitas pessoas v\u00e3o para fazer um interc\u00e2mbio de poucos meses, mas logo se adaptam \u00e0 l\u00edngua, arrumam um trabalho, j\u00e1 que a legisla\u00e7\u00e3o permite intercambistas a trabalharem at\u00e9 30 horas semanais, recebem uma proposta de efetiva\u00e7\u00e3o e acabam construindo uma vida na Espanha.<\/p>\n<p>Para quem est\u00e1 em outro pa\u00eds ou mesmo ainda no Brasil e pensa em emigrar, a executiva destaca que a not\u00edcia da regulariza\u00e7\u00e3o em massa demonstra que o pa\u00eds est\u00e1 aberto para estrangeiros, mas, para quem pretende chegar agora, \u00e9 poss\u00edvel fazer isso sem cair na informalidade. \u201cO que eu digo \u00e9 que para empreendedores ou pessoas com profiss\u00f5es que est\u00e3o em falta aqui, \u00e9 muito poss\u00edvel conseguir uma oferta de trabalho e chegar ao pa\u00eds legalmente. Basta atender aos crit\u00e9rios exigidos pelas autoridades e buscar os caminhos formais de entrada e regulariza\u00e7\u00e3o no pa\u00eds, ou at\u00e9 mesmo um interc\u00e2mbio. Hoje, existem assessorias especializadas neste servi\u00e7o, e, talvez, este seja o melhor momento dos \u00faltimos 20 anos para tentar\u201d, finaliza Renata Barbalho.<\/p>\n<p>Cr\u00e9ditos: \u201cFreepik\/Wirestock\u201d<\/p>\n<p>A <b>OESP<\/b> n\u00e3o \u00e9(s\u00e3o) respons\u00e1vel(is) por erros, incorre\u00e7\u00f5es, atrasos ou quaisquer decis\u00f5es tomadas por seus clientes com base nos Conte\u00fados ora disponibilizados, bem como tais Conte\u00fados n\u00e3o representam a opini\u00e3o da <b>OESP<\/b> e s\u00e3o de inteira responsabilidade da <b>Markable Comunica\u00e7\u00e3o | Homework<\/b><\/p>\n","protected":false},"excerpt":{"rendered":"Com a regulariza\u00e7\u00e3o em massa de imigrantes irregulares, o pa\u00eds sinaliza disposi\u00e7\u00e3o para ampliar a entrada de estrangeiros, em um contexto de baixa natalidade Em 2025, a Espanha registrou 321.164","protected":false},"author":1,"featured_media":128400,"comment_status":"open","ping_status":"closed","sticky":false,"template":"","format":"standard","meta":{"_acf_changed":false,"inline_featured_image":false,"_monsterinsights_skip_tracking":false,"_monsterinsights_sitenote_active":false,"_monsterinsights_sitenote_note":"","_monsterinsights_sitenote_category":0,"footnotes":""},"categories":[552],"tags":[],"class_list":["post-128399","post","type-post","status-publish","format-standard","has-post-thumbnail","hentry","category-markable-comunicacao-homework"],"acf":[],"_links":{"self":[{"href":"https:\/\/bluestudio.estadao.com.br\/agencia-de-comunicacao\/wp-json\/wp\/v2\/posts\/128399","targetHints":{"allow":["GET"]}}],"collection":[{"href":"https:\/\/bluestudio.estadao.com.br\/agencia-de-comunicacao\/wp-json\/wp\/v2\/posts"}],"about":[{"href":"https:\/\/bluestudio.estadao.com.br\/agencia-de-comunicacao\/wp-json\/wp\/v2\/types\/post"}],"author":[{"embeddable":true,"href":"https:\/\/bluestudio.estadao.com.br\/agencia-de-comunicacao\/wp-json\/wp\/v2\/users\/1"}],"replies":[{"embeddable":true,"href":"https:\/\/bluestudio.estadao.com.br\/agencia-de-comunicacao\/wp-json\/wp\/v2\/comments?post=128399"}],"version-history":[{"count":0,"href":"https:\/\/bluestudio.estadao.com.br\/agencia-de-comunicacao\/wp-json\/wp\/v2\/posts\/128399\/revisions"}],"wp:featuredmedia":[{"embeddable":true,"href":"https:\/\/bluestudio.estadao.com.br\/agencia-de-comunicacao\/wp-json\/wp\/v2\/media\/128400"}],"wp:attachment":[{"href":"https:\/\/bluestudio.estadao.com.br\/agencia-de-comunicacao\/wp-json\/wp\/v2\/media?parent=128399"}],"wp:term":[{"taxonomy":"category","embeddable":true,"href":"https:\/\/bluestudio.estadao.com.br\/agencia-de-comunicacao\/wp-json\/wp\/v2\/categories?post=128399"},{"taxonomy":"post_tag","embeddable":true,"href":"https:\/\/bluestudio.estadao.com.br\/agencia-de-comunicacao\/wp-json\/wp\/v2\/tags?post=128399"}],"curies":[{"name":"wp","href":"https:\/\/api.w.org\/{rel}","templated":true}]}}