{"id":128397,"date":"2026-04-28T14:00:00","date_gmt":"2026-04-28T17:00:00","guid":{"rendered":"https:\/\/bluestudio.estadao.com.br\/agencia-de-comunicacao\/markable-comunicacao-homework\/em-parceria-com-a-secretaria-de-saude-do-rio-de-janeiro-feira-mega-gestante-promove-campanha-de-vacinacao-contra-a-gripe\/"},"modified":"2026-04-28T14:00:00","modified_gmt":"2026-04-28T17:00:00","slug":"em-parceria-com-a-secretaria-de-saude-do-rio-de-janeiro-feira-mega-gestante-promove-campanha-de-vacinacao-contra-a-gripe","status":"publish","type":"post","link":"https:\/\/bluestudio.estadao.com.br\/agencia-de-comunicacao\/markable-comunicacao-homework\/em-parceria-com-a-secretaria-de-saude-do-rio-de-janeiro-feira-mega-gestante-promove-campanha-de-vacinacao-contra-a-gripe\/","title":{"rendered":"Em parceria com a Secretaria de Sa\u00fade do Rio de Janeiro, Feira Mega Gestante promove campanha de vacina\u00e7\u00e3o contra a gripe"},"content":{"rendered":"<p><i>Evento gratuito no Riocentro tamb\u00e9m sortear\u00e1 um \u201cquarto dos sonhos\u201d, em parceria com a Permobili Baby, e reunir\u00e1 140 expositores do setor materno-infantil <\/i><\/p>\n<p>Entre os dias 13 e 17 de maio, o Rio de Janeiro recebe a 2\u00aa edi\u00e7\u00e3o de 2026 da <a href=\"https:\/\/www.instagram.com\/feiradagestante.oficial\/\" target=\"_blank\"><u><b>Feira Mega Gestante<\/b><\/u><\/a>, considerada a maior feira do setor materno-infantil no Brasil. Realizado no Riocentro, na Barra da Tijuca, o evento tem entrada gratuita e traz como destaque uma campanha de vacina\u00e7\u00e3o contra a gripe, realizada em parceria com a Secretaria de Sa\u00fade do Rio de Janeiro, refor\u00e7ando o compromisso com o cuidado e a preven\u00e7\u00e3o para gestantes, beb\u00eas e fam\u00edlias.<\/p>\n<figure>\n  <img decoding=\"async\" src=\"https:\/\/www.estadaoconteudo.com.br\/RSS\/images\/MKB20260428140005974287-emparceriacomase-1.jpg\" alt=\"Divulga\u00e7\u00e3o 1\"><figcaption>Divulga\u00e7\u00e3o 1<\/figcaption><\/figure>\n<p>A vacina\u00e7\u00e3o estar\u00e1 dispon\u00edvel gratuitamente na quarta e quinta-feira, das 14h \u00e0s 18h; na sexta-feira, das 14h \u00e0s 20h; no s\u00e1bado, das 10h \u00e0s 20h; e no domingo, das 10h \u00e0s 16h e tem como objetivo ampliar o acesso do p\u00fablico a servi\u00e7os de sa\u00fade em um ambiente j\u00e1 voltado ao acolhimento e \u00e0 prepara\u00e7\u00e3o para a chegada do beb\u00ea. A iniciativa se soma a outras a\u00e7\u00f5es pensadas para tornar a experi\u00eancia mais completa do p\u00fablico, como o sorteio de um \u201cquarto dos sonhos\u201d, em parceria com a <b> Permobili Baby<\/b>, que inclui ber\u00e7o, c\u00f4moda, roupeiro e kit ber\u00e7o. Para participar, \u00e9 necess\u00e1rio realizar um cadastro pr\u00e9vio no site da feira, que, al\u00e9m do acesso ao evento, tamb\u00e9m garante um voucher de pipoca para os visitantes.<\/p>\n<p>Com cerca de 10 mil metros quadrados de \u00e1rea e 140 expositores, a previs\u00e3o \u00e9 receber aproximadamente 15 mil visitantes durante os 5 dias de evento. Voltada para gestantes e fam\u00edlias com beb\u00eas de zero a dois anos, a feira re\u00fane uma ampla variedade de produtos e servi\u00e7os, com itens a partir de R$ 1,99.<\/p>\n<p>Segundo Eliane Paim, diretora de marketing da Mega Gestante, nesta edi\u00e7\u00e3o, o evento aposta em uma experi\u00eancia mais pr\u00f3xima e sensorial para o p\u00fablico, valorizando o contato direto com os produtos. A proposta \u00e9 resgatar o aspecto emocional da escolha, permitindo que os visitantes toquem, comparem e se conectem com cada item do enxoval. \u201cQueremos proporcionar uma experi\u00eancia mais humana para as fam\u00edlias. A feira permite esse contato direto, sentir o produto, escolher com calma e afeto, algo que muitas vezes se perde nas compras online. \u00c9 um momento especial, e buscamos valorizar cada etapa dessa jornada\u201d, afirma. Neste contexto, Eliane destaca que os produtos que agregam valor afetivo \u00e0 experi\u00eancia de compra devem ter forte procura nesta edi\u00e7\u00e3o. Entre os destaques, est\u00e3o itens sob medida, como sa\u00eddas de maternidade bordadas na hora e produtos de puericultura customizados, al\u00e9m de carrinhos de beb\u00ea e itens como beb\u00ea conforto. Na categoria de decora\u00e7\u00e3o, ganham espa\u00e7o as pe\u00e7as artesanais desenvolvidas de acordo com o projeto do quarto do beb\u00ea, refletindo uma tend\u00eancia crescente de consumo mais autoral no setor. \u201cPercebemos que as fam\u00edlias est\u00e3o buscando cada vez mais produtos que traduzam identidade e afeto. N\u00e3o \u00e9 apenas sobre comprar, mas sobre construir mem\u00f3rias desde os primeiros momentos. A feira acompanha esse movimento ao reunir op\u00e7\u00f5es que permitem essa conex\u00e3o mais pr\u00f3xima com cada escolha\u201d, finaliza Eliane.<\/p>\n<p><b>Servi\u00e7o:Feira Mega Gestante<\/b><\/p>\n<p>Data: 13 a 17 de maio de 2026<\/p>\n<p>Local: Riocentro, Pavilh\u00e3o 2 &#8211; Avenida Salvador Allende, 6555 &#8211; Barra da Tijuca,<\/p>\n<p>RJHor\u00e1rios:  de quarta a sexta-feira: das 14h \u00e0s 21h; de s\u00e1bado, das 10h \u00e0s 21h e de domingo, das 10h \u00e0s 20h.<\/p>\n<p>Entrada gratuita: necess\u00e1rio pr\u00e9-cadastro, clique aqui <a href=\"https:\/\/feiradagestante.com\/#rio-de-janeiro\" target=\"_blank\"><u>link<\/u><\/a> para o site<\/p>\n<p>A <b>OESP<\/b> n\u00e3o \u00e9(s\u00e3o) respons\u00e1vel(is) por erros, incorre\u00e7\u00f5es, atrasos ou quaisquer decis\u00f5es tomadas por seus clientes com base nos Conte\u00fados ora disponibilizados, bem como tais Conte\u00fados n\u00e3o representam a opini\u00e3o da <b>OESP<\/b> e s\u00e3o de inteira responsabilidade da <b>Markable Comunica\u00e7\u00e3o | Homework<\/b><\/p>\n","protected":false},"excerpt":{"rendered":"Evento gratuito no Riocentro tamb\u00e9m sortear\u00e1 um \u201cquarto dos sonhos\u201d, em parceria com a Permobili Baby, e reunir\u00e1 140 expositores do setor materno-infantil Entre os dias 13 e 17 de maio, o Rio","protected":false},"author":1,"featured_media":128398,"comment_status":"open","ping_status":"closed","sticky":false,"template":"","format":"standard","meta":{"_acf_changed":false,"inline_featured_image":false,"_monsterinsights_skip_tracking":false,"_monsterinsights_sitenote_active":false,"_monsterinsights_sitenote_note":"","_monsterinsights_sitenote_category":0,"footnotes":""},"categories":[552],"tags":[],"class_list":["post-128397","post","type-post","status-publish","format-standard","has-post-thumbnail","hentry","category-markable-comunicacao-homework"],"acf":[],"_links":{"self":[{"href":"https:\/\/bluestudio.estadao.com.br\/agencia-de-comunicacao\/wp-json\/wp\/v2\/posts\/128397","targetHints":{"allow":["GET"]}}],"collection":[{"href":"https:\/\/bluestudio.estadao.com.br\/agencia-de-comunicacao\/wp-json\/wp\/v2\/posts"}],"about":[{"href":"https:\/\/bluestudio.estadao.com.br\/agencia-de-comunicacao\/wp-json\/wp\/v2\/types\/post"}],"author":[{"embeddable":true,"href":"https:\/\/bluestudio.estadao.com.br\/agencia-de-comunicacao\/wp-json\/wp\/v2\/users\/1"}],"replies":[{"embeddable":true,"href":"https:\/\/bluestudio.estadao.com.br\/agencia-de-comunicacao\/wp-json\/wp\/v2\/comments?post=128397"}],"version-history":[{"count":0,"href":"https:\/\/bluestudio.estadao.com.br\/agencia-de-comunicacao\/wp-json\/wp\/v2\/posts\/128397\/revisions"}],"wp:featuredmedia":[{"embeddable":true,"href":"https:\/\/bluestudio.estadao.com.br\/agencia-de-comunicacao\/wp-json\/wp\/v2\/media\/128398"}],"wp:attachment":[{"href":"https:\/\/bluestudio.estadao.com.br\/agencia-de-comunicacao\/wp-json\/wp\/v2\/media?parent=128397"}],"wp:term":[{"taxonomy":"category","embeddable":true,"href":"https:\/\/bluestudio.estadao.com.br\/agencia-de-comunicacao\/wp-json\/wp\/v2\/categories?post=128397"},{"taxonomy":"post_tag","embeddable":true,"href":"https:\/\/bluestudio.estadao.com.br\/agencia-de-comunicacao\/wp-json\/wp\/v2\/tags?post=128397"}],"curies":[{"name":"wp","href":"https:\/\/api.w.org\/{rel}","templated":true}]}}