{"id":128396,"date":"2026-04-28T13:42:00","date_gmt":"2026-04-28T16:42:00","guid":{"rendered":"https:\/\/bluestudio.estadao.com.br\/agencia-de-comunicacao\/releases\/releases-geral\/cada-minuto-conta-eaaci-pede-acao-urgente-para-tornar-as-escolas-seguras-para-criancas-em-risco-de-anafilaxia\/"},"modified":"2026-04-28T13:42:00","modified_gmt":"2026-04-28T16:42:00","slug":"cada-minuto-conta-eaaci-pede-acao-urgente-para-tornar-as-escolas-seguras-para-criancas-em-risco-de-anafilaxia","status":"publish","type":"post","link":"https:\/\/bluestudio.estadao.com.br\/agencia-de-comunicacao\/releases\/releases-geral\/cada-minuto-conta-eaaci-pede-acao-urgente-para-tornar-as-escolas-seguras-para-criancas-em-risco-de-anafilaxia\/","title":{"rendered":"Cada minuto conta: EAACI pede a\u00e7\u00e3o urgente para tornar as escolas seguras para crian\u00e7as em risco de anafilaxia"},"content":{"rendered":"<p>ZURIQUE, April  28, 2026  (GLOBE NEWSWIRE) &#8212; <strong>Crian\u00e7as em risco de anafilaxia ainda n\u00e3o est\u00e3o protegidas de forma consistente nas escolas<\/strong>, apesar de orienta\u00e7\u00f5es m\u00e9dicas claras.<\/p>\n<p>Esse foi o alerta feito no Congresso dos Deputados da Espanha durante o evento <em>Cada minuto conta: escolas seguras contra a anafilaxia<\/em> onde a Associa\u00e7\u00e3o Espanhola de Pessoas com Alergias Alimentares e a L\u00e1tex (AEPNAA), a Sociedade Espanhola de Alergologia e Imunologia Cl\u00ednica (SEAIC), a Sociedade Espanhola de Imunologia Cl\u00ednica Pedi\u00e1trica, Alergologia e Asma (SEICAP) e a European Academy of Allergy and Clinical Immunology (EAACI) <strong>endossaram um manifesto conjunto pedindo salvaguardas mais fortes em ambientes escolares<\/strong>.<\/p>\n<p align=\"center\"><img decoding=\"async\" height=\"415.74px\" src=\"https:\/\/ml-eu.globenewswire.com\/Resource\/Download\/28fd2af7-c688-492e-a5c0-bdb566bfec27\/image1.jpeg\" width=\"624.0px\" data-dpi=\"96\" data-filename=\"image1.jpeg\" \/><\/p>\n<p>Representando a EAACI, a Presidente Mar\u00eda Jos\u00e9 Torres disse que a resposta \u00e0 anafilaxia permanece inconsistente, <strong>com a seguran\u00e7a das crian\u00e7as dependente do acaso<\/strong> &#8212; de se a equipe reconhece os sintomas, se a medica\u00e7\u00e3o \u00e9 acess\u00edvel e se os protocolos existem.<\/p>\n<p>A anafilaxia \u00e9 uma rea\u00e7\u00e3o al\u00e9rgica grave e r\u00e1pida que pode se tornar fatal em poucos minutos. Para muitas fam\u00edlias, esse risco faz parte da vida cotidiana &#8211; especialmente durante o hor\u00e1rio escolar, quando as crian\u00e7as est\u00e3o fora do alcance imediato dos pais ou cuidadores.<\/p>\n<p>O manifesto estabelece medidas pr\u00e1ticas para preencher essas lacunas: <strong>um protocolo comum para as escolas, treinamento obrigat\u00f3rio da equipe, autoinjetores de adrenalina acess\u00edveis, planos de cuidados individualizados e uma coordena\u00e7\u00e3o mais forte entre os sistemas de sa\u00fade e educa\u00e7\u00e3o<\/strong>.<\/p>\n<p><strong>Para muitas crian\u00e7as, a anafilaxia n\u00e3o \u00e9 um risco hipot\u00e9tico &#8211; faz parte da vida di\u00e1ria<\/strong>, disse Mar\u00eda Jos\u00e9 Torres, Presidente da EAACI. <strong>Diante uma rea\u00e7\u00e3o grave a resposta deve ser imediata. N\u00e3o pode haver atrasos ou incertezas sobre quem deve agir.<\/strong><\/p>\n<p>Ela acrescentou que n\u00edveis desiguais de prote\u00e7\u00e3o nas escolas s\u00e3o inaceit\u00e1veis. <strong>As crian\u00e7as n\u00e3o devem estar mais seguras em uma escola do que em outra. Precisamos de protocolos claros, equipe treinada e acesso imediato a tratamento de emerg\u00eancia &#8211; antes que o tempo seja perdido.<\/strong><\/p>\n<p align=\"center\"><img decoding=\"async\" height=\"415.74px\" src=\"https:\/\/ml-eu.globenewswire.com\/Resource\/Download\/1033b1cd-09c0-4626-ab27-cbc72e2bbd6c\/image2.jpeg\" width=\"624.0px\" data-dpi=\"96\" data-filename=\"image2.jpeg\" \/><\/p>\n<p>O evento reuniu organiza\u00e7\u00f5es de pacientes, sociedades cient\u00edficas, profissionais de sa\u00fade, fam\u00edlias e institui\u00e7\u00f5es p\u00fablicas, <strong>destacando a incerteza di\u00e1ria enfrentada pelas fam\u00edlias<\/strong> que n\u00e3o sabem se as escolas est\u00e3o preparadas para responder.<\/p>\n<p>Para a EAACI, isso \u00e9 muito claro. <strong>A prioridade agora \u00e9 a implementa\u00e7\u00e3o<\/strong> &#8212; garantir que as crian\u00e7as em risco sejam protegidas na pr\u00e1tica, n\u00e3o apenas no papel.<\/p>\n<p>Ao apoiar esta iniciativa, a EAACI reafirma o seu compromisso de promover medidas baseadas em evid\u00eancias que aumentem a seguran\u00e7a do paciente e protejam as crian\u00e7as e as fam\u00edlias onde mais precisarem.<\/p>\n<p><strong>Sobre a EAACI<\/strong><\/p>\n<p>A European Academy of Allergy and Clinical Immunology (EAACI) \u00e9 a principal organiza\u00e7\u00e3o profissional da Europa no campo da alergia e imunologia cl\u00ednica. A EAACI conta com m\u00e9dicos, pesquisadores e profissionais de sa\u00fade aliados para melhorar a sa\u00fade e o atendimento das pessoas afetadas pelas doen\u00e7as al\u00e9rgicas e imunol\u00f3gicas, por meio da pesquisa, educa\u00e7\u00e3o e advocacia.<\/p>\n<p>Contato: communications@eaaci.org \/ +41 44 205 55 33<\/p>\n<p>Fotos deste comunicado podem ser encontradas em:<\/p>\n<p><a href=\"https:\/\/www.globenewswire.com\/Tracker?data=cHoLsZSCr_Xc2x0MTkTlqzweiSRa92FefkyAWE1qesf-3zl5W9hcuCeMKdVbLnitJaxvibAKAajlj3jiVgHO2C9efkEOOBWAGuwUQIi-ym0aCG3LiFCdQ5IEhK_aVnQW8cXQcop5QXkPqq1wpkyx9_oQn_ynxLJj_fWr_77esKW-rbu_3WKTjxfGLGn41OVf21bOdq5vDL0l_Fgf2c1nT1XSKAmCzh13zwF4aAEn5RVpF9vxD4kzvpReQhcPupBkBaJyhjskCFcYxCpFciEZ-g==\" rel=\"nofollow\" target=\"_blank\">http:\/\/www.globenewswire.com\/NewsRoom\/AttachmentNg\/ca605fbb-0ff4-40ba-be81-fbfc0b45538c<\/a><\/p>\n<p><a href=\"https:\/\/www.globenewswire.com\/Tracker?data=cHoLsZSCr_Xc2x0MTkTlqzweiSRa92FefkyAWE1qesf-3zl5W9hcuCeMKdVbLnitJaxvibAKAajlj3jiVgHO2PoMbUyjVnSL2gt9MtxwsYz1-c26Na2yqMT9YmGWEVL0zqgslhH5rqOolyls58nwEI-yt9SVUD2iyKvgTxr_vBKh-Krf2VhsPkm6KjxGR1-vEFakjNvNff7lnPj047iTEaifwIosuAqFuX1nDKTBwM15f_h7g-KOZ_8QnDX8-DmhkXRHkkfcVWMgg0p7q5k-rQ==\" rel=\"nofollow\" target=\"_blank\">http:\/\/www.globenewswire.com\/NewsRoom\/AttachmentNg\/e7eba67f-15f6-4f73-85ae-503e18d6036a<\/a><\/p>\n<p> <img decoding=\"async\" alt=\"\" class=\"__GNW8366DE3E__IMG\" src=\"https:\/\/www.globenewswire.com\/newsroom\/ti?nf=MTAwMTE3ODU5MSM0MDIzODA2NTQjMjI2MTMzNw==\" \/> <br \/><img decoding=\"async\" alt=\"\" src=\"https:\/\/ml-eu.globenewswire.com\/media\/MDA2NDViMGMtNmQyZC00NDZmLThiMmQtZGM1ZGVlN2JiZTY3LTEyNzI4ODctMjAyNi0wNC0yOC1wdA==\/tiny\/European-Academy-of-Allergy-an.png\" \/><br \/>\n<a href=\"https:\/\/www.globenewswire.com\/NewsRoom\/AttachmentNg\/f4b92ae8-0022-43fa-b8a3-bbe4246a45cd\"><img loading=\"lazy\" decoding=\"async\" src=\"https:\/\/ml-eu.globenewswire.com\/media\/f4b92ae8-0022-43fa-b8a3-bbe4246a45cd\/small\/eaaci-logo-png.png\" border=\"0\" width=\"150\" height=\"34\" alt=\"Primary Logo\" \/><\/a><\/p>\n<p>A <b>OESP<\/b> nao e(sao) responsavel(is) por erros, incorrecoes, atrasos ou quaisquer decisoes tomadas por seus clientes com base nos Conteudos ora disponibilizados, bem como tais Conteudos nao representam a opiniao da <b>OESP<\/b> e sao de inteira responsabilidade da <b>GlobeNewswire<\/b><\/p>\n","protected":false},"excerpt":{"rendered":"ZURIQUE, April  28, 2026  (GLOBE NEWSWIRE) &#8212; Crian\u00e7as em risco de anafilaxia ainda n\u00e3o est\u00e3o protegidas de forma consistente nas escolas, apesar de orienta\u00e7\u00f5es m\u00e9dicas cla","protected":false},"author":1,"featured_media":0,"comment_status":"open","ping_status":"closed","sticky":false,"template":"","format":"standard","meta":{"_acf_changed":false,"inline_featured_image":false,"_monsterinsights_skip_tracking":false,"_monsterinsights_sitenote_active":false,"_monsterinsights_sitenote_note":"","_monsterinsights_sitenote_category":0,"footnotes":""},"categories":[34],"tags":[],"class_list":["post-128396","post","type-post","status-publish","format-standard","hentry","category-releases-geral"],"acf":[],"_links":{"self":[{"href":"https:\/\/bluestudio.estadao.com.br\/agencia-de-comunicacao\/wp-json\/wp\/v2\/posts\/128396","targetHints":{"allow":["GET"]}}],"collection":[{"href":"https:\/\/bluestudio.estadao.com.br\/agencia-de-comunicacao\/wp-json\/wp\/v2\/posts"}],"about":[{"href":"https:\/\/bluestudio.estadao.com.br\/agencia-de-comunicacao\/wp-json\/wp\/v2\/types\/post"}],"author":[{"embeddable":true,"href":"https:\/\/bluestudio.estadao.com.br\/agencia-de-comunicacao\/wp-json\/wp\/v2\/users\/1"}],"replies":[{"embeddable":true,"href":"https:\/\/bluestudio.estadao.com.br\/agencia-de-comunicacao\/wp-json\/wp\/v2\/comments?post=128396"}],"version-history":[{"count":0,"href":"https:\/\/bluestudio.estadao.com.br\/agencia-de-comunicacao\/wp-json\/wp\/v2\/posts\/128396\/revisions"}],"wp:attachment":[{"href":"https:\/\/bluestudio.estadao.com.br\/agencia-de-comunicacao\/wp-json\/wp\/v2\/media?parent=128396"}],"wp:term":[{"taxonomy":"category","embeddable":true,"href":"https:\/\/bluestudio.estadao.com.br\/agencia-de-comunicacao\/wp-json\/wp\/v2\/categories?post=128396"},{"taxonomy":"post_tag","embeddable":true,"href":"https:\/\/bluestudio.estadao.com.br\/agencia-de-comunicacao\/wp-json\/wp\/v2\/tags?post=128396"}],"curies":[{"name":"wp","href":"https:\/\/api.w.org\/{rel}","templated":true}]}}