{"id":128388,"date":"2026-04-28T12:12:00","date_gmt":"2026-04-28T15:12:00","guid":{"rendered":"https:\/\/bluestudio.estadao.com.br\/agencia-de-comunicacao\/prnewswire\/kitchenaid-convida-os-filhos-para-serem-os-grandes-anfitrioes-em-campanha-de-dia-das-maes\/"},"modified":"2026-04-28T12:12:00","modified_gmt":"2026-04-28T15:12:00","slug":"kitchenaid-convida-os-filhos-para-serem-os-grandes-anfitrioes-em-campanha-de-dia-das-maes","status":"publish","type":"post","link":"https:\/\/bluestudio.estadao.com.br\/agencia-de-comunicacao\/prnewswire\/kitchenaid-convida-os-filhos-para-serem-os-grandes-anfitrioes-em-campanha-de-dia-das-maes\/","title":{"rendered":"KitchenAid convida os filhos para serem os grandes anfitri\u00f5es em Campanha de Dia das M\u00e3es"},"content":{"rendered":"\n<div class=\"xn-content\">\n<p class=\"prntac\"><i>Com foco na invers\u00e3o de pap\u00e9is na cozinha, a marca refor\u00e7a squad de influenciadores e anuncia patroc\u00ednio in\u00e9dito em corrida no dia 10 de maio.<\/i><\/p>\n<div class=\"PRN_ImbeddedAssetReference\" id=\"DivAssetPlaceHolder2808\">\n<a href=\"https:\/\/mma.prnewswire.com\/media\/2968013\/KitchenAid.html\" target=\"_blank\" rel=\"nofollow\"><img decoding=\"async\" src=\"https:\/\/mma.prnewswire.com\/media\/2968013\/KitchenAid.jpg\" title=\"\" alt=\"\" \/><\/a><\/p>\n<\/div>\n<p><span class=\"legendSpanClass\">S\u00c3O PAULO<\/span>, <span class=\"legendSpanClass\">28 de abril de 2026<\/span> \/PRNewswire\/ &#8212; Sob o conceito <b>&#8220;Seja o melhor anfitri\u00e3o para quem foi o seu a vida toda&#8221;<\/b>, a KitchenAid Brasil apresenta sua campanha para o Dia das M\u00e3es. A marca traz uma mudan\u00e7a emocionante na din\u00e2mica da data: um convite para que os filhos assumam o protagonismo da cozinha, utilizando a alta performance dos produtos para que as m\u00e3es desfrutem do momento em fam\u00edlia sem preocupa\u00e7\u00f5es.<\/p>\n<p><i>&#8220;Esta campanha traduz exatamente o nosso prop\u00f3sito de que a cozinha \u00e9 o cora\u00e7\u00e3o da casa. Queremos que ela seja o centro da celebra\u00e7\u00e3o e mem\u00f3rias felizes. Quando o filho assume o controle com a ajuda da KitchenAid, ele est\u00e1 retribuindo todo o cuidado que recebeu ao longo da vida. O verdadeiro presente n\u00e3o \u00e9 apenas o produto, mas a liberdade e a conex\u00e3o que ele proporciona para estarmos juntos de quem mais amamos&#8221;, <\/i>comenta Jessica Gonzalez, Diretora de Estrat\u00e9gia de Vendas e Opera\u00e7\u00f5es para a Am\u00e9rica Latina da KitchenAid.<\/p>\n<p><b>Praticidade e Tradi\u00e7\u00e3o Familiar<br \/><\/b>Para garantir que o almo\u00e7o de celebra\u00e7\u00e3o seja especial e sem complica\u00e7\u00f5es, a KitchenAid destaca o protagonismo dos seus \u00edcones: a <b>Batedeira Artisan<\/b>, o <b>Liquidificador Pure Power<\/b> e o Forno Multifun\u00e7\u00f5es com Air Fryer. Por meio da praticidade e versatilidade deles, a marca transforma o preparo de receitas que s\u00e3o verdadeiras <b>tradi\u00e7\u00f5es familiares<\/b> em momentos leves. O objetivo \u00e9 que o anfitri\u00e3o entregue pratos feitos com carinho, enquanto prioriza o que realmente importa: o tempo de qualidade com a fam\u00edlia.<\/p>\n<p><b>Receitas de Afeto<\/b><br \/>Para dar vida \u00e0 narrativa, a KitchenAid mobiliza os seus embaixadores fixos (<b>Deborah Werneck, Julio Dessoy, Luisa Akemi e Laura Melo)<\/b>, al\u00e9m de influenciadores parceiros que compartilham a mesma paix\u00e3o pela culin\u00e1ria. No conte\u00fado, eles ir\u00e3o preparar receitas especiais para a celebra\u00e7\u00e3o da data, utilizando os queridinhos da marca e destacando toda a praticidade e versatilidade que s\u00f3 o portf\u00f3lio KitchenAid oferece para transformar o ato de cozinhar em um gesto de afeto.<\/p>\n<p><b>Patroc\u00ednio In\u00e9dito: Corrida Pli\u00e9<\/b> <br \/>Como parte da estrat\u00e9gia da campanha, a KitchenAid anuncia o patroc\u00ednio da <b>Corrida Pli\u00e9<\/b>, que ocorre no pr\u00f3prio domingo de Dia das M\u00e3es, dia 10 de maio, no Parque do Povo, em S\u00e3o Paulo. A iniciativa conecta o cuidado na cozinha ao bem-estar e \u00e0 for\u00e7a feminina, refor\u00e7ando seu compromisso em estar presente na rotina de quem sempre cuidou de n\u00f3s, seja em casa ou incentivando momentos de autocuidado.<\/p>\n<p><b>Sobre KitchenAid<br \/><\/b>Desde a introdu\u00e7\u00e3o da sua lend\u00e1ria batedeira em 1919, a KitchenAid, marca de eletrodom\u00e9sticos premium da Whirlpool Corporation, tem se baseado neste legado para criar uma linha completa de eletroport\u00e1teis feitos para quem tem paix\u00e3o pela cozinha. Atualmente, a marca KitchenAid oferece batedeiras, liquidificadores, mixers e outros utens\u00edlios essenciais para uma cozinha bem equipada. Para saber mais, visite o site oficial da KitchenAid Brasil ou siga-nos no Instagram, @KitchenAidbrasil.<\/p>\n<p>Foto &#8211; <a href=\"https:\/\/mma.prnewswire.com\/media\/2968013\/KitchenAid.jpg\" target=\"_blank\" rel=\"nofollow\">https:\/\/mma.prnewswire.com\/media\/2968013\/KitchenAid.jpg<\/a><\/p>\n<div class=\"PRN_ImbeddedAssetReference\" id=\"DivAssetPlaceHolder0\"><\/div>\n<p id=\"PURL\"><img loading=\"lazy\" decoding=\"async\" title=\"Cision\" width=\"12\" height=\"12\" alt=\"Cision\" src=\"https:\/\/edge.prnewswire.com\/c\/img\/favicon.png?sn=PT45578&amp;sd=2026-04-28\" \/> View original content to download multimedia:<a id=\"PRNURL\" rel=\"nofollow\" href=\"https:\/\/www.prnewswire.com\/br\/comunicados-para-a-imprensa\/kitchenaid-convida-os-filhos-para-serem-os-grandes-anfitrioes-em-campanha-de-dia-das-maes-302755894.html\" target=\"_blank\">https:\/\/www.prnewswire.com\/br\/comunicados-para-a-imprensa\/kitchenaid-convida-os-filhos-para-serem-os-grandes-anfitrioes-em-campanha-de-dia-das-maes-302755894.html<\/a><\/p>\n<p>FONTE KitchenAid<\/p>\n<\/div>\n<p>  <img decoding=\"async\" alt=\"\" src=\"https:\/\/rt.prnewswire.com\/rt.gif?NewsItemId=PT45578&amp;Transmission_Id=202604281030PR_NEWS_LATAM____PT45578&amp;DateId=20260428\" style=\"border:0px;width:1px;height:1px\" \/><\/p>\n<p><strong>T\u00f3picos Relacionados:<\/strong> Produtos Dom\u00e9sticos, Eventos Futuros, Varejo, Eletr\u00f4nicos de Consumo, Dom\u00e9stico\/Consumidor\/Cosm\u00e9ticos, Computador\/Eletr\u00f4nica<\/p>\n<p>A <b>OESP<\/b> n\u00e3o \u00e9(s\u00e3o) respons\u00e1vel(is) por erros, incorre\u00e7\u00f5es, atrasos ou quaisquer decis\u00f5es tomadas por seus clientes com base nos Conte\u00fados ora disponibilizados, bem como tais Conte\u00fados n\u00e3o representam a opini\u00e3o da <b>OESP<\/b> e s\u00e3o de inteira responsabilidade da <b>PR Newswire Ltda<\/b><\/p>\n","protected":false},"excerpt":{"rendered":"Com foco na invers\u00e3o de pap\u00e9is na cozinha, a marca refor\u00e7a squad de influenciadores e anuncia patroc\u00ednio in\u00e9dito em corrida no dia 10 de maio. S\u00c3O PAULO, 28 de abril de 2026 \/PRNewswire\/ &#8212;","protected":false},"author":1,"featured_media":128389,"comment_status":"open","ping_status":"closed","sticky":false,"template":"","format":"standard","meta":{"_acf_changed":false,"inline_featured_image":false,"_monsterinsights_skip_tracking":false,"_monsterinsights_sitenote_active":false,"_monsterinsights_sitenote_note":"","_monsterinsights_sitenote_category":0,"footnotes":""},"categories":[27],"tags":[9157,9156],"class_list":["post-128388","post","type-post","status-publish","format-standard","has-post-thumbnail","hentry","category-prnewswire","tag-a-marca-reforca-squad-de-influenciadores-e-anuncia-patrocinio-inedito-em-corrida-no-dia-10-de-maio","tag-com-foco-na-inversao-de-papeis-na-cozinha"],"acf":[],"_links":{"self":[{"href":"https:\/\/bluestudio.estadao.com.br\/agencia-de-comunicacao\/wp-json\/wp\/v2\/posts\/128388","targetHints":{"allow":["GET"]}}],"collection":[{"href":"https:\/\/bluestudio.estadao.com.br\/agencia-de-comunicacao\/wp-json\/wp\/v2\/posts"}],"about":[{"href":"https:\/\/bluestudio.estadao.com.br\/agencia-de-comunicacao\/wp-json\/wp\/v2\/types\/post"}],"author":[{"embeddable":true,"href":"https:\/\/bluestudio.estadao.com.br\/agencia-de-comunicacao\/wp-json\/wp\/v2\/users\/1"}],"replies":[{"embeddable":true,"href":"https:\/\/bluestudio.estadao.com.br\/agencia-de-comunicacao\/wp-json\/wp\/v2\/comments?post=128388"}],"version-history":[{"count":0,"href":"https:\/\/bluestudio.estadao.com.br\/agencia-de-comunicacao\/wp-json\/wp\/v2\/posts\/128388\/revisions"}],"wp:featuredmedia":[{"embeddable":true,"href":"https:\/\/bluestudio.estadao.com.br\/agencia-de-comunicacao\/wp-json\/wp\/v2\/media\/128389"}],"wp:attachment":[{"href":"https:\/\/bluestudio.estadao.com.br\/agencia-de-comunicacao\/wp-json\/wp\/v2\/media?parent=128388"}],"wp:term":[{"taxonomy":"category","embeddable":true,"href":"https:\/\/bluestudio.estadao.com.br\/agencia-de-comunicacao\/wp-json\/wp\/v2\/categories?post=128388"},{"taxonomy":"post_tag","embeddable":true,"href":"https:\/\/bluestudio.estadao.com.br\/agencia-de-comunicacao\/wp-json\/wp\/v2\/tags?post=128388"}],"curies":[{"name":"wp","href":"https:\/\/api.w.org\/{rel}","templated":true}]}}