{"id":128374,"date":"2026-04-28T10:12:00","date_gmt":"2026-04-28T13:12:00","guid":{"rendered":"https:\/\/bluestudio.estadao.com.br\/agencia-de-comunicacao\/prnewswire\/indrive-integra-comunidade-de-unicornios-do-forum-economico-mundial\/"},"modified":"2026-04-28T10:12:00","modified_gmt":"2026-04-28T13:12:00","slug":"indrive-integra-comunidade-de-unicornios-do-forum-economico-mundial","status":"publish","type":"post","link":"https:\/\/bluestudio.estadao.com.br\/agencia-de-comunicacao\/prnewswire\/indrive-integra-comunidade-de-unicornios-do-forum-economico-mundial\/","title":{"rendered":"inDrive integra Comunidade de Unic\u00f3rnios do F\u00f3rum Econ\u00f4mico Mundial"},"content":{"rendered":"\n<div class=\"xn-content\">\n<p class=\"prntac\"><i>Plataforma global passa a colaborar diretamente com l\u00edderes mundiais na busca por novas solu\u00e7\u00f5es para mobilidade urbana e inclus\u00e3o econ\u00f4mica, levando a perspectiva e a pauta dos mercados emergentes <\/i><\/p>\n<div class=\"PRN_ImbeddedAssetReference\" id=\"DivAssetPlaceHolder6526\">\n<a href=\"https:\/\/mma.prnewswire.com\/media\/2967906\/IMG_8322__2.html\" target=\"_blank\" rel=\"nofollow\"><img decoding=\"async\" src=\"https:\/\/mma.prnewswire.com\/media\/2967906\/IMG_8322__2.jpg\" title=\"\" alt=\"\" \/><\/a><\/p>\n<\/div>\n<p><span class=\"legendSpanClass\">S\u00c3O PAULO<\/span>, <span class=\"legendSpanClass\">28 de abril de 2026<\/span> \/PRNewswire\/ &#8212; A inDrive, plataforma global de mobilidade e entregas, passa a integrar a Comunidade de Unic\u00f3rnios do F\u00f3rum Econ\u00f4mico Mundial (WEF), um grupo exclusivo, composto por empresas de alto crescimento reconhecidas por impulsionar inova\u00e7\u00e3o e gerar impacto positivo em escala global. A entrada refor\u00e7a o papel da plataforma na constru\u00e7\u00e3o de uma economia digital mais justa, em que a tecnologia funciona a favor das pessoas. O WEF \u00e9 uma organiza\u00e7\u00e3o internacional voltada \u00e0 coopera\u00e7\u00e3o entre os setores p\u00fablico e privado, promovendo di\u00e1logo qualificado para melhorar o estado do mundo por meio da inova\u00e7\u00e3o, do empreendedorismo e da colabora\u00e7\u00e3o. A Comunidade de Unic\u00f3rnios integra um dos tr\u00eas grupos de Inovadores Globais do WEF, criando um espa\u00e7o para que empresas contribuam com solu\u00e7\u00f5es para desafios atuais e para o fortalecimento da resili\u00eancia global.<\/p>\n<p>&#8220;Fazer parte da Comunidade de Unic\u00f3rnios do F\u00f3rum Econ\u00f4mico Mundial \u00e9 um marco importante para a inDrive \u00e0 medida que ampliamos nossa atua\u00e7\u00e3o global e fortalecemos nosso impacto&#8221;, afirma Arsen Tomsky, fundador e CEO da plataforma. &#8220;Nossa miss\u00e3o sempre foi desafiar as injusti\u00e7as, oferecendo \u00e0s pessoas mais autonomia sobre suas escolhas. Estamos entusiasmados em contribuir para o debate sobre como construir economias digitais mais inclusivas, transparentes e equilibradas, especialmente em mercados emergentes, de r\u00e1pido crescimento e com pouca oferta de servi\u00e7os.&#8221;<\/p>\n<p>Presente em 48 pa\u00edses e 1.065 cidades, a inDrive est\u00e1 entre os aplicativos de mobilidade mais baixados do mundo, com forte presen\u00e7a em mercados emergentes, incluindo o Brasil. Seu modelo peer-to-peer permite que motoristas parceiros e passageiros combinem diretamente os valores das corridas, ampliando o acesso \u00e0 mobilidade e promovendo ganhos mais justos para os prestadores de servi\u00e7o. Com a participa\u00e7\u00e3o na Comunidade de Unic\u00f3rnios, a inDrive passa a colaborar com l\u00edderes globais na busca por novas solu\u00e7\u00f5es para mobilidade urbana e inclus\u00e3o econ\u00f4mica, levando a perspectiva de mercados emergentes para discuss\u00f5es globais.<\/p>\n<p><b>Sobre o F\u00f3rum Econ\u00f4mico Mundial<\/b><\/p>\n<p>O F\u00f3rum Econ\u00f4mico Mundial, comprometido em melhorar o estado do mundo, \u00e9 a Organiza\u00e7\u00e3o Internacional para a Coopera\u00e7\u00e3o P\u00fablico-Privada. A institui\u00e7\u00e3o re\u00fane os principais l\u00edderes pol\u00edticos, empresariais e de outros setores da sociedade para definir e impulsionar agendas globais, regionais e da ind\u00fastria. (<a href=\"http:\/\/www.weforum.org\/\" target=\"_blank\" rel=\"nofollow\">www.weforum.org<\/a>)<\/p>\n<p><b>The Innovator Communities <\/b>s\u00e3o algumas das startups e scale-ups mais promissoras do mundo, que est\u00e3o na vanguarda da inova\u00e7\u00e3o tecnol\u00f3gica e de modelos de neg\u00f3cio. Compostas por tr\u00eas subcomunidades &#8212; Technology Pioneers, Global Innovators e Unicorns &#8211;, essas iniciativas acompanham as empresas ao longo de sua jornada de crescimento. O F\u00f3rum Econ\u00f4mico Mundial oferece a essas subcomunidades uma plataforma para intera\u00e7\u00e3o com l\u00edderes dos setores p\u00fablico e privado, al\u00e9m de contribuir com novas solu\u00e7\u00f5es para enfrentar os desafios atuais e fortalecer a resili\u00eancia no futuro. As empresas integrantes passam a se conectar com um ou mais centros do F\u00f3rum, conforme sua \u00e1rea de atua\u00e7\u00e3o, colaborando na defini\u00e7\u00e3o de agendas globais sobre temas cr\u00edticos.<\/p>\n<p><b>Sobre a inDrive<\/b><\/p>\n<p>A inDrive \u00e9 uma plataforma global de intermedia\u00e7\u00e3o de mobilidade e de entregas. Seu aplicativo foi baixado mais de 400 milh\u00f5es de vezes e foi o segundo de mobilidade com mais downloads pelo quarto ano consecutivo. Al\u00e9m da intermedia\u00e7\u00e3o de transporte individual de passageiros por aplicativo, a inDrive oferece uma lista crescente de servi\u00e7os urbanos, incluindo intermedia\u00e7\u00e3o de transporte individual de passageiros intermunicipal e de entregas. Em 2023, a empresa lan\u00e7ou o New Ventures, um bra\u00e7o de empreendimentos e fus\u00f5es e aquisi\u00e7\u00f5es.<\/p>\n<p>A inDrive opera em 1065 cidades em 48 pa\u00edses. Impulsionada por sua miss\u00e3o de combater as injusti\u00e7as, a empresa est\u00e1 comprometida em causar um impacto positivo na vida de um bilh\u00e3o de pessoas at\u00e9 2030. Ela busca atingir esse objetivo tanto por meio de seu neg\u00f3cio principal, que apoia comunidades locais com um modelo de pre\u00e7os justos, quanto pelo trabalho de seus programas de impacto.<\/p>\n<p><b>Para mais informa\u00e7\u00f5es, visite <\/b><a href=\"https:\/\/indrive.com\/pt-br\" target=\"_blank\" rel=\"nofollow\">https:\/\/indrive.com\/pt-br<\/a><\/p>\n<p><b>Siga-nos:<\/b><br \/>Facebook: <a href=\"https:\/\/www.facebook.com\/indrive.brasil\" target=\"_blank\" rel=\"nofollow\">https:\/\/www.facebook.com\/indrive.brasil<\/a><br \/>Instagram:<a href=\"https:\/\/www.instagram.com\/indrive.br\/\" target=\"_blank\" rel=\"nofollow\">https:\/\/www.instagram.com\/indrive.br\/<\/a><br \/>TikTok:  <a href=\"https:\/\/www.tiktok.com\/@indrive.br\" target=\"_blank\" rel=\"nofollow\">https:\/\/www.tiktok.com\/@indrive.br<\/a><br \/>X: <a href=\"https:\/\/twitter.com\/inDriveBrasil\" target=\"_blank\" rel=\"nofollow\">https:\/\/twitter.com\/inDriveBrasil<\/a><\/p>\n<p>Foto &#8211; <a href=\"https:\/\/mma.prnewswire.com\/media\/2967906\/IMG_8322__2.jpg\" target=\"_blank\" rel=\"nofollow\">https:\/\/mma.prnewswire.com\/media\/2967906\/IMG_8322__2.jpg<\/a><\/p>\n<\/p>\n<div class=\"PRN_ImbeddedAssetReference\" id=\"DivAssetPlaceHolder0\"><\/div>\n<p id=\"PURL\"><img loading=\"lazy\" decoding=\"async\" title=\"Cision\" width=\"12\" height=\"12\" alt=\"Cision\" src=\"https:\/\/edge.prnewswire.com\/c\/img\/favicon.png?sn=PT45460&amp;sd=2026-04-28\" \/> View original content to download multimedia:<a id=\"PRNURL\" rel=\"nofollow\" href=\"https:\/\/www.prnewswire.com\/br\/comunicados-para-a-imprensa\/indrive-integra-comunidade-de-unicornios-do-forum-economico-mundial-302755743.html\" target=\"_blank\">https:\/\/www.prnewswire.com\/br\/comunicados-para-a-imprensa\/indrive-integra-comunidade-de-unicornios-do-forum-economico-mundial-302755743.html<\/a><\/p>\n<p>FONTE inDrive<\/p>\n<\/div>\n<p>  <img decoding=\"async\" alt=\"\" src=\"https:\/\/rt.prnewswire.com\/rt.gif?NewsItemId=PT45460&amp;Transmission_Id=202604280850PR_NEWS_LATAM____PT45460&amp;DateId=20260428\" style=\"border:0px;width:1px;height:1px\" \/><\/p>\n<p><strong>T\u00f3picos Relacionados:<\/strong> Not\u00edcias Econ\u00f4micas, Tend\u00eancias, An\u00e1lises, Transporte \/ Caminh\u00f5es \/ Ferrovias, Automotivo, Telecomunica\u00e7\u00f5es, Dispositivos M\u00f3veis\/Aplicativos, Entretenimento<\/p>\n<p>A <b>OESP<\/b> n\u00e3o \u00e9(s\u00e3o) respons\u00e1vel(is) por erros, incorre\u00e7\u00f5es, atrasos ou quaisquer decis\u00f5es tomadas por seus clientes com base nos Conte\u00fados ora disponibilizados, bem como tais Conte\u00fados n\u00e3o representam a opini\u00e3o da <b>OESP<\/b> e s\u00e3o de inteira responsabilidade da <b>PR Newswire Ltda<\/b><\/p>\n","protected":false},"excerpt":{"rendered":"Plataforma global passa a colaborar diretamente com l\u00edderes mundiais na busca por novas solu\u00e7\u00f5es para mobilidade urbana e inclus\u00e3o econ\u00f4mica, levando a perspectiva e a pauta dos mercados","protected":false},"author":1,"featured_media":128375,"comment_status":"open","ping_status":"closed","sticky":false,"template":"","format":"standard","meta":{"_acf_changed":false,"inline_featured_image":false,"_monsterinsights_skip_tracking":false,"_monsterinsights_sitenote_active":false,"_monsterinsights_sitenote_note":"","_monsterinsights_sitenote_category":0,"footnotes":""},"categories":[27],"tags":[9142,9141],"class_list":["post-128374","post","type-post","status-publish","format-standard","has-post-thumbnail","hentry","category-prnewswire","tag-levando-a-perspectiva-e-a-pauta-dos-mercados-emergentes","tag-plataforma-global-passa-a-colaborar-diretamente-com-lideres-mundiais-na-busca-por-novas-solucoes-para-mobilidade-urbana-e-inclusao-economica"],"acf":[],"_links":{"self":[{"href":"https:\/\/bluestudio.estadao.com.br\/agencia-de-comunicacao\/wp-json\/wp\/v2\/posts\/128374","targetHints":{"allow":["GET"]}}],"collection":[{"href":"https:\/\/bluestudio.estadao.com.br\/agencia-de-comunicacao\/wp-json\/wp\/v2\/posts"}],"about":[{"href":"https:\/\/bluestudio.estadao.com.br\/agencia-de-comunicacao\/wp-json\/wp\/v2\/types\/post"}],"author":[{"embeddable":true,"href":"https:\/\/bluestudio.estadao.com.br\/agencia-de-comunicacao\/wp-json\/wp\/v2\/users\/1"}],"replies":[{"embeddable":true,"href":"https:\/\/bluestudio.estadao.com.br\/agencia-de-comunicacao\/wp-json\/wp\/v2\/comments?post=128374"}],"version-history":[{"count":0,"href":"https:\/\/bluestudio.estadao.com.br\/agencia-de-comunicacao\/wp-json\/wp\/v2\/posts\/128374\/revisions"}],"wp:featuredmedia":[{"embeddable":true,"href":"https:\/\/bluestudio.estadao.com.br\/agencia-de-comunicacao\/wp-json\/wp\/v2\/media\/128375"}],"wp:attachment":[{"href":"https:\/\/bluestudio.estadao.com.br\/agencia-de-comunicacao\/wp-json\/wp\/v2\/media?parent=128374"}],"wp:term":[{"taxonomy":"category","embeddable":true,"href":"https:\/\/bluestudio.estadao.com.br\/agencia-de-comunicacao\/wp-json\/wp\/v2\/categories?post=128374"},{"taxonomy":"post_tag","embeddable":true,"href":"https:\/\/bluestudio.estadao.com.br\/agencia-de-comunicacao\/wp-json\/wp\/v2\/tags?post=128374"}],"curies":[{"name":"wp","href":"https:\/\/api.w.org\/{rel}","templated":true}]}}