{"id":128349,"date":"2026-04-27T20:12:00","date_gmt":"2026-04-27T23:12:00","guid":{"rendered":"https:\/\/bluestudio.estadao.com.br\/agencia-de-comunicacao\/prnewswire\/gerdau-s-a-informacoes-consolidadas-21\/"},"modified":"2026-04-27T20:12:00","modified_gmt":"2026-04-27T23:12:00","slug":"gerdau-s-a-informacoes-consolidadas-21","status":"publish","type":"post","link":"https:\/\/bluestudio.estadao.com.br\/agencia-de-comunicacao\/prnewswire\/gerdau-s-a-informacoes-consolidadas-21\/","title":{"rendered":"GERDAU S.A. &#8211; INFORMA\u00c7\u00d5ES CONSOLIDADAS"},"content":{"rendered":"\n<div class=\"xn-content\">\n<span class=\"legendSpanClass\">S\u00c3O PAULO<\/span>, <span class=\"legendSpanClass\">27 de abril de 2026<\/span> \/PRNewswire\/ &#8212;<\/p>\n<p><b>Destaques do 1\u00ba trimestre de 2026<\/b><\/p>\n<ul type=\"disc\">\n<li><b>EBITDA Ajustado<\/b> (lucro antes de juros, impostos, deprecia\u00e7\u00f5es e amortiza\u00e7\u00f5es) de R$ 3,0 bilh\u00f5es no 1T26, 25% superior ao 4T25. Destaque para o EBITDA da Am\u00e9rica do Norte, que representou 75% do EBITDA Consolidado da Companhia no primeiro trimestre de 2026.<\/li>\n<li><b>Investimentos (CAPEX)<\/b> de R$ 1,1 bilh\u00e3o no 1T26, 27% a menos do que no 4T25, em linha com o guidance de R$ 4,7 bilh\u00f5es para 2026.<\/li>\n<li><b>Retorno aos acionistas: <\/b>a Companhia aprovou a<b> distribui\u00e7\u00e3o de dividendos de R$ 0,18 por a\u00e7\u00e3o<\/b>, totalizando R$354,1 milh\u00f5es, a serem pagos em 9 de junho de 2026. Al\u00e9m disso, avan\u00e7ou com o <b>Programa de Recompra 2026<\/b>, com aquisi\u00e7\u00e3o de 21% das a\u00e7\u00f5es autorizadas na Gerdau S.A.<\/li>\n<li><b>Inaugura\u00e7\u00e3o do Complexo Solar de Barro Alto<\/b>, em Goi\u00e1s, com capacidade instalada de ~111MWm, marca um passo importante para a Companhia na busca por maior <b>competitividade e sustentabilidade<\/b> de suas opera\u00e7\u00f5es no Brasil;<\/li>\n<\/ul>\n<p><b>Informa\u00e7\u00f5es adicionais<\/b><\/p>\n<p>A Gerdau S.A. comunica que est\u00e1 arquivando hoje o documento contendo os Resultados do 1T26 na <i>Securities and Exchange Commission<\/i> (SEC) e na Comiss\u00e3o de Valores Mobili\u00e1rios (CVM) e se encontra dispon\u00edvel em nosso site. Para acessar o referido documento clique em: <a href=\"https:\/\/ri.gerdau.com\/divulgacao-e-resultados\/central-de-resultados\/\" target=\"_blank\" rel=\"nofollow\">https:\/\/ri.gerdau.com\/divulgacao-e-resultados\/central-de-resultados\/<\/a>.<\/p>\n<p>O Guia de Modelagem referente ao 1T26 tamb\u00e9m se encontra dispon\u00edvel no site da Gerdau. <a href=\"https:\/\/ri.gerdau.com\/informacoes-financeiras\/guia-de-modelagem\/\" target=\"_blank\" rel=\"nofollow\">https:\/\/ri.gerdau.com\/informacoes-financeiras\/guia-de-modelagem\/<\/a><\/p>\n<p><b>Rela\u00e7\u00f5es com Investidores<br \/><\/b><a href=\"mailto:inform@gerdau.com.br\" target=\"_blank\" rel=\"nofollow\">inform@gerdau.com<\/a><\/p>\n<p id=\"PURL\"><img loading=\"lazy\" decoding=\"async\" title=\"Cision\" width=\"12\" height=\"12\" alt=\"Cision\" src=\"https:\/\/edge.prnewswire.com\/c\/img\/favicon.png?sn=PT44957&amp;sd=2026-04-27\" \/> View original content:<a id=\"PRNURL\" rel=\"nofollow\" href=\"https:\/\/www.prnewswire.com\/br\/comunicados-para-a-imprensa\/gerdau-sa--informacoes-consolidadas-302754887.html\" target=\"_blank\">https:\/\/www.prnewswire.com\/br\/comunicados-para-a-imprensa\/gerdau-sa&#8211;informacoes-consolidadas-302754887.html<\/a><\/p>\n<p>FONTE GERDAU S.A.<\/p>\n<\/div>\n<p>  <img decoding=\"async\" alt=\"\" src=\"https:\/\/rt.prnewswire.com\/rt.gif?NewsItemId=PT44957&amp;Transmission_Id=202604271903PR_NEWS_LATAM____PT44957&amp;DateId=20260427\" style=\"border:0px;width:1px;height:1px\" \/><\/p>\n<p><strong>T\u00f3picos Relacionados:<\/strong> Ganhos, Minera\u00e7\u00e3o\/Metais<\/p>\n<p>A <b>OESP<\/b> n\u00e3o \u00e9(s\u00e3o) respons\u00e1vel(is) por erros, incorre\u00e7\u00f5es, atrasos ou quaisquer decis\u00f5es tomadas por seus clientes com base nos Conte\u00fados ora disponibilizados, bem como tais Conte\u00fados n\u00e3o representam a opini\u00e3o da <b>OESP<\/b> e s\u00e3o de inteira responsabilidade da <b>PR Newswire Ltda<\/b><\/p>\n","protected":false},"excerpt":{"rendered":"S\u00c3O PAULO, 27 de abril de 2026 \/PRNewswire\/ &#8212; Destaques do 1\u00ba trimestre de 2026 EBITDA Ajustado (lucro antes de juros, impostos, deprecia\u00e7\u00f5es e amortiza\u00e7\u00f5es) de R$ 3,0 bilh\u00f5es no 1T26,","protected":false},"author":1,"featured_media":128350,"comment_status":"open","ping_status":"closed","sticky":false,"template":"","format":"standard","meta":{"_acf_changed":false,"inline_featured_image":false,"_monsterinsights_skip_tracking":false,"_monsterinsights_sitenote_active":false,"_monsterinsights_sitenote_note":"","_monsterinsights_sitenote_category":0,"footnotes":""},"categories":[27],"tags":[9125,9126,9124,9123,3934],"class_list":["post-128349","post","type-post","status-publish","format-standard","has-post-thumbnail","hentry","category-prnewswire","tag-0-bilhoes-no-1t26","tag-25-superior-ao-4t2","tag-depreciacoes-e-amortizacoes-de-r-3","tag-destaques-do-1o-trimestre-de-2026ebitda-ajustado-lucro-antes-de-juros","tag-impostos"],"acf":[],"_links":{"self":[{"href":"https:\/\/bluestudio.estadao.com.br\/agencia-de-comunicacao\/wp-json\/wp\/v2\/posts\/128349","targetHints":{"allow":["GET"]}}],"collection":[{"href":"https:\/\/bluestudio.estadao.com.br\/agencia-de-comunicacao\/wp-json\/wp\/v2\/posts"}],"about":[{"href":"https:\/\/bluestudio.estadao.com.br\/agencia-de-comunicacao\/wp-json\/wp\/v2\/types\/post"}],"author":[{"embeddable":true,"href":"https:\/\/bluestudio.estadao.com.br\/agencia-de-comunicacao\/wp-json\/wp\/v2\/users\/1"}],"replies":[{"embeddable":true,"href":"https:\/\/bluestudio.estadao.com.br\/agencia-de-comunicacao\/wp-json\/wp\/v2\/comments?post=128349"}],"version-history":[{"count":0,"href":"https:\/\/bluestudio.estadao.com.br\/agencia-de-comunicacao\/wp-json\/wp\/v2\/posts\/128349\/revisions"}],"wp:featuredmedia":[{"embeddable":true,"href":"https:\/\/bluestudio.estadao.com.br\/agencia-de-comunicacao\/wp-json\/wp\/v2\/media\/128350"}],"wp:attachment":[{"href":"https:\/\/bluestudio.estadao.com.br\/agencia-de-comunicacao\/wp-json\/wp\/v2\/media?parent=128349"}],"wp:term":[{"taxonomy":"category","embeddable":true,"href":"https:\/\/bluestudio.estadao.com.br\/agencia-de-comunicacao\/wp-json\/wp\/v2\/categories?post=128349"},{"taxonomy":"post_tag","embeddable":true,"href":"https:\/\/bluestudio.estadao.com.br\/agencia-de-comunicacao\/wp-json\/wp\/v2\/tags?post=128349"}],"curies":[{"name":"wp","href":"https:\/\/api.w.org\/{rel}","templated":true}]}}