{"id":128340,"date":"2026-04-27T15:30:00","date_gmt":"2026-04-27T18:30:00","guid":{"rendered":"https:\/\/bluestudio.estadao.com.br\/agencia-de-comunicacao\/markable-comunicacao-homework\/mais-de-2-milhoes-de-novos-negocios-liderados-por-mulheres-reforcam-avanco-do-empreendedorismo-feminino\/"},"modified":"2026-04-27T15:30:00","modified_gmt":"2026-04-27T18:30:00","slug":"mais-de-2-milhoes-de-novos-negocios-liderados-por-mulheres-reforcam-avanco-do-empreendedorismo-feminino","status":"publish","type":"post","link":"https:\/\/bluestudio.estadao.com.br\/agencia-de-comunicacao\/markable-comunicacao-homework\/mais-de-2-milhoes-de-novos-negocios-liderados-por-mulheres-reforcam-avanco-do-empreendedorismo-feminino\/","title":{"rendered":"Mais de 2 milh\u00f5es de novos neg\u00f3cios liderados por mulheres refor\u00e7am avan\u00e7o do empreendedorismo feminino"},"content":{"rendered":"<p><i>Com recorde em 2025, mulheres representam 42% dos pequenos neg\u00f3cios no Brasil, aponta o Sebrae, com avan\u00e7o em estados como RS, MG e PR<\/i><\/p>\n<p>Cada vez mais mulheres t\u00eam trocado a estabilidade do emprego tradicional pela possibilidade de construir algo pr\u00f3prio. Em 2025, esse caminho ganhou for\u00e7a no Brasil, com mais de 2 milh\u00f5es de novos neg\u00f3cios liderados por mulheres, de acordo com o Sebrae. No ano anterior, esse n\u00famero girava em torno de 1,6 milh\u00e3o. Hoje, elas j\u00e1 representam cerca de 42% dos pequenos neg\u00f3cios no pa\u00eds. Esse crescimento tamb\u00e9m aparece na distribui\u00e7\u00e3o regional. Estados como Rio Grande do Sul, Minas Gerais e Paran\u00e1 concentram uma participa\u00e7\u00e3o expressiva de mulheres na abertura de empresas, mostrando que essa mudan\u00e7a n\u00e3o est\u00e1 restrita aos grandes centros, mas se espalha por diferentes regi\u00f5es.<\/p>\n<p>Na pr\u00e1tica, esse avan\u00e7o ganha forma em hist\u00f3rias reais. A <a href=\"https:\/\/lypedepyl.com.br\/\" target=\"_blank\"><u>LypeDepyl,<\/u><\/a> rede especializada em depila\u00e7\u00e3o a laser e despigmenta\u00e7\u00e3o de tatuagens e sobrancelhas, \u00e9 uma delas e traduz esse movimento tamb\u00e9m dentro da pr\u00f3pria opera\u00e7\u00e3o: hoje, mais de 92% das unidades da rede s\u00e3o lideradas por mulheres. A marca tem forte presen\u00e7a no Sul, com unidades em cidades como Canoas, Novo Hamburgo, Caxias do Sul, Santa Cruz do Sul, Lajeado e Cap\u00e3o da Canoa, no Rio Grande do Sul. Tamb\u00e9m est\u00e1 presente em Minas Gerais, com unidades em Belo Horizonte e Contagem, e no Paran\u00e1, em Ponta Grossa. Mais do que uma alternativa ao emprego tradicional, abrir um neg\u00f3cio pr\u00f3prio passou a representar independ\u00eancia e flexibilidade. Para muitas mulheres, \u00e9 tamb\u00e9m uma forma de construir renda de maneira mais alinhada \u00e0 pr\u00f3pria rotina, mas, no caso da rede LypeDepyl, essa escolha veio acompanhada de planejamento e vis\u00e3o de longo prazo.<\/p>\n<p>A trajet\u00f3ria das irm\u00e3s Leyde e Jhosy Ludwig Pereira come\u00e7ou de forma simples, no interior de Santa Catarina, marcada por dificuldades e aprendizados desde cedo. Crescer em uma casa humilde, lidar com limita\u00e7\u00f5es e assumir responsabilidades ainda jovens ajudou a moldar a forma como enxergam trabalho, dinheiro e oportunidades. Foi nesse contexto que surgiu o primeiro contato com o empreendedorismo. Antes mesmo da empresa, j\u00e1 buscavam formas de gerar renda, assumindo diferentes atividades e desenvolvendo uma mentalidade pr\u00e1tica e estrat\u00e9gica sobre como crescer. \u201cQuando decidimos empreender juntas, j\u00e1 t\u00ednhamos outras experi\u00eancias e entend\u00edamos bem o que quer\u00edamos construir. N\u00e3o foi uma decis\u00e3o impulsiva, foi pensada, com foco em criar algo estruturado e com potencial d e crescimento no longo prazo\u201d, afirma Leyde Ludwig Pereira, s\u00f3cia-fundadora e CEO da marca.<\/p>\n<p>A virada veio com a leitura atenta do mercado, ao estudarem o setor de est\u00e9tica, perceberam que, apesar da presen\u00e7a de grandes marcas, o potencial ainda era pouco explorado, especialmente na depila\u00e7\u00e3o a laser. A partir da\u00ed, decidiram investir em um modelo que unisse tecnologia, padroniza\u00e7\u00e3o e experi\u00eancia do cliente. \u201cPercebemos que n\u00e3o era s\u00f3 sobre abrir um neg\u00f3cio, mas sobre criar algo que pudesse crescer e tamb\u00e9m abrir caminho para outras mulheres empreenderem com mais seguran\u00e7a\u201d, completa Jhosy Ludwig Pereira, s\u00f3cia-fundadora e diretora de opera\u00e7\u00f5es. Hoje, com faturamento de R$ 25 milh\u00f5es em 2025, a rede j\u00e1 soma 30 unidades em opera\u00e7\u00e3o, com um plano de expans\u00e3o estruturado para os pr\u00f3ximos anos.<\/p>\n<p><b>Por que o empreendedorismo feminino cresce agora?<\/b><\/p>\n<p>A decis\u00e3o de abrir um neg\u00f3cio pr\u00f3prio est\u00e1 ligada \u00e0 busca por flexibilidade, autonomia e maior controle sobre a renda. Diferentemente do modelo corporativo tradicional, empreender permite adaptar a rotina e construir uma trajet\u00f3ria mais personalizada. Outro fator importante \u00e9 o avan\u00e7o do franchising, que tem facilitado a entrada de novos empreendedores ao oferecer suporte, padroniza\u00e7\u00e3o e menor risco. Segundo a Associa\u00e7\u00e3o Brasileira de Franchising (ABF), o segmento de Sa\u00fade, Beleza e Bem-Estar faturou R$ 74,3 bilh\u00f5es em 2025, com crescimento de 14,6% em rela\u00e7\u00e3o ao ano anterior.<\/p>\n<p>Na pr\u00e1tica, esses dois movimentos caminham juntos: de um lado, mulheres em busca de independ\u00eancia; de outro, um setor em crescimento que oferece caminhos mais estruturados para come\u00e7ar. A combina\u00e7\u00e3o tem impulsionado a presen\u00e7a feminina em \u00e1reas como servi\u00e7os e est\u00e9tica.<\/p>\n<p>A <b>OESP<\/b> n\u00e3o \u00e9(s\u00e3o) respons\u00e1vel(is) por erros, incorre\u00e7\u00f5es, atrasos ou quaisquer decis\u00f5es tomadas por seus clientes com base nos Conte\u00fados ora disponibilizados, bem como tais Conte\u00fados n\u00e3o representam a opini\u00e3o da <b>OESP<\/b> e s\u00e3o de inteira responsabilidade da <b>Markable Comunica\u00e7\u00e3o | Homework<\/b><\/p>\n","protected":false},"excerpt":{"rendered":"Com recorde em 2025, mulheres representam 42% dos pequenos neg\u00f3cios no Brasil, aponta o Sebrae, com avan\u00e7o em estados como RS, MG e PR Cada vez mais mulheres t\u00eam trocado a estabilidade do emprego","protected":false},"author":1,"featured_media":128341,"comment_status":"open","ping_status":"closed","sticky":false,"template":"","format":"standard","meta":{"_acf_changed":false,"inline_featured_image":false,"_monsterinsights_skip_tracking":false,"_monsterinsights_sitenote_active":false,"_monsterinsights_sitenote_note":"","_monsterinsights_sitenote_category":0,"footnotes":""},"categories":[552],"tags":[],"class_list":["post-128340","post","type-post","status-publish","format-standard","has-post-thumbnail","hentry","category-markable-comunicacao-homework"],"acf":[],"_links":{"self":[{"href":"https:\/\/bluestudio.estadao.com.br\/agencia-de-comunicacao\/wp-json\/wp\/v2\/posts\/128340","targetHints":{"allow":["GET"]}}],"collection":[{"href":"https:\/\/bluestudio.estadao.com.br\/agencia-de-comunicacao\/wp-json\/wp\/v2\/posts"}],"about":[{"href":"https:\/\/bluestudio.estadao.com.br\/agencia-de-comunicacao\/wp-json\/wp\/v2\/types\/post"}],"author":[{"embeddable":true,"href":"https:\/\/bluestudio.estadao.com.br\/agencia-de-comunicacao\/wp-json\/wp\/v2\/users\/1"}],"replies":[{"embeddable":true,"href":"https:\/\/bluestudio.estadao.com.br\/agencia-de-comunicacao\/wp-json\/wp\/v2\/comments?post=128340"}],"version-history":[{"count":0,"href":"https:\/\/bluestudio.estadao.com.br\/agencia-de-comunicacao\/wp-json\/wp\/v2\/posts\/128340\/revisions"}],"wp:featuredmedia":[{"embeddable":true,"href":"https:\/\/bluestudio.estadao.com.br\/agencia-de-comunicacao\/wp-json\/wp\/v2\/media\/128341"}],"wp:attachment":[{"href":"https:\/\/bluestudio.estadao.com.br\/agencia-de-comunicacao\/wp-json\/wp\/v2\/media?parent=128340"}],"wp:term":[{"taxonomy":"category","embeddable":true,"href":"https:\/\/bluestudio.estadao.com.br\/agencia-de-comunicacao\/wp-json\/wp\/v2\/categories?post=128340"},{"taxonomy":"post_tag","embeddable":true,"href":"https:\/\/bluestudio.estadao.com.br\/agencia-de-comunicacao\/wp-json\/wp\/v2\/tags?post=128340"}],"curies":[{"name":"wp","href":"https:\/\/api.w.org\/{rel}","templated":true}]}}