{"id":128338,"date":"2026-04-27T15:35:00","date_gmt":"2026-04-27T18:35:00","guid":{"rendered":"https:\/\/bluestudio.estadao.com.br\/agencia-de-comunicacao\/markable-comunicacao-homework\/estacoes-frias-acendem-alerta-para-gripe-e-impulsiona-vacinacao-nas-empresas\/"},"modified":"2026-04-27T15:35:00","modified_gmt":"2026-04-27T18:35:00","slug":"estacoes-frias-acendem-alerta-para-gripe-e-impulsiona-vacinacao-nas-empresas","status":"publish","type":"post","link":"https:\/\/bluestudio.estadao.com.br\/agencia-de-comunicacao\/markable-comunicacao-homework\/estacoes-frias-acendem-alerta-para-gripe-e-impulsiona-vacinacao-nas-empresas\/","title":{"rendered":"Esta\u00e7\u00f5es frias acendem alerta para gripe e impulsiona vacina\u00e7\u00e3o nas empresas"},"content":{"rendered":"<p><i>Especialista em imuniza\u00e7\u00e3o da <\/i> <a href=\"https:\/\/saudelivrevacinas.com.br\/\" target=\"_blank\"><u><i>Sa\u00fade Livre Vacinas<\/i><\/u><\/a> <i> explica os benef\u00edcios das campanhas de vacina\u00e7\u00e3o para a sa\u00fade preventiva contra doen\u00e7as respirat\u00f3rias <\/i><\/p>\n<p>A campanha de vacina\u00e7\u00e3o contra a gripe da Sa\u00fade Livre Vacinas, rede especialista em imuniza\u00e7\u00e3o, intitulada de <i>\u2018Vacina Ativada. Gripe Cancelada\u2019<\/i>, come\u00e7ou, e d\u00e1 continuidade ao legado criado em 2024 com a proposta de fortalecer a conscientiza\u00e7\u00e3o sobre a import\u00e2ncia da vacina. Em 2026, o projeto retorna com uma abordagem ampliada: tratar a gripe como o primeiro sinal de alerta para um conjunto de doen\u00e7as respirat\u00f3rias que impactam diretamente a rotina de escolas, empresas e fam\u00edlias. Mais do que evitar alguns dias de febre ou mal-estar, o conceito de \u201cGripe Cancelada\u201d passa a representar a interrup\u00e7\u00e3o de um ciclo de contamina\u00e7\u00f5es, afastamentos e complica\u00e7\u00f5es respirat\u00f3rias.<\/p>\n<p>\u201cA escolha do per\u00edodo \u00e9 estrat\u00e9gica. Diante do outono e inverno, quando as temperaturas caem e os casos de doen\u00e7as respirat\u00f3rias tendem a aumentar, como gripe, pneumonia e tuberculose, as esta\u00e7\u00f5es refor\u00e7am a import\u00e2ncia da conscientiza\u00e7\u00e3o, preven\u00e7\u00e3o e cuidado com a sa\u00fade respirat\u00f3ria. Nesse contexto, \u00e9 importante chamar aten\u00e7\u00e3o para a gripe, que vai muito al\u00e9m de um simples resfriado. Trata-se de uma infec\u00e7\u00e3o viral aguda causada pelos v\u00edrus influenza, que afeta o sistema respirat\u00f3rio e pode trazer complica\u00e7\u00f5es, especialmente entre os grupos de maior risco, como crian\u00e7as, idosos, gestantes e pessoas com comorbidades\u201d, explica o Dr. F\u00e1bio Argenta, s\u00f3cio-fundador e diretor m\u00e9dico da empresa.<\/p>\n<p>Com o objetivo de ampliar a conscientiza\u00e7\u00e3o acerca da sa\u00fade preventiva em todo o pa\u00eds, a Sa\u00fade Livre Vacinas atua, al\u00e9m das unidades pr\u00f3prias e franqueadas, em resid\u00eancias por meio do atendimento em domic\u00edlio e, tamb\u00e9m, em ambientes corporativos, onde tem ades\u00e3o recorrente. A exemplo, o franqueado Ricardo Dias Gon\u00e7alves, respons\u00e1vel por uma cl\u00ednica da rede em Serra Talhada (PE), firmou uma parceria s\u00f3lida com uma empresa do setor de energia. O franqueado explica que a parceria envolve criar uma proposta de vacina\u00e7\u00e3o de acordo com o n\u00famero de colaboradores que a empresa deseja imunizar. Em seguida, a unidade realiza todo o planejamento log\u00edstico, incluindo deslocamento, organiza\u00e7\u00e3o das doses e aquisi\u00e7\u00e3o dos imunizantes. Com a aprova\u00e7\u00e3o da empresa, \u00e9 definido o agendamento da a\u00e7\u00e3o, com data e hor\u00e1rio para a vacina\u00e7\u00e3o no local.<\/p>\n<p>\u201cToda a log\u00edstica \u00e9 conduzida pela unidade da Sa\u00fade Livre Vacinas, que se responsabiliza pela conserva\u00e7\u00e3o adequada das vacinas, incluindo refrigera\u00e7\u00e3o, transporte e acondicionamento at\u00e9 o local da aplica\u00e7\u00e3o. No dia da a\u00e7\u00e3o, a equipe realiza a vacina\u00e7\u00e3o dos colaboradores e registra todos os atendimentos no sistema. J\u00e1 no dia seguinte, \u00e9 feito o acompanhamento p\u00f3s-vacina\u00e7\u00e3o para monitorar os imunizados e garantir a seguran\u00e7a do processo\u201d, esclarece Ricardo.<\/p>\n<p>O franqueado da Sa\u00fade Livre Vacinas revela que em suas a\u00e7\u00f5es, a equipe da unidade de Serra Talhada (PE) est\u00e1 sempre preparada para contribuir com o acesso \u00e0 informa\u00e7\u00e3o, por isso, levam materiais informativos sobre vacina\u00e7\u00e3o para adultos, com o objetivo de orientar e conscientizar. \u201cMuitas pessoas aproveitam o momento para tirar d\u00favidas sobre outras vacinas e fazemos esse trabalho de esclarecimento ali mesmo, incentivando que tamb\u00e9m atualizem a caderneta de vacina\u00e7\u00e3o. \u00c9 uma oportunidade importante para refor\u00e7ar a preven\u00e7\u00e3o e estimular h\u00e1bitos que contribuem para mais sa\u00fade e qualidade de vida\u201d, destaca.<\/p>\n<p><b>Balan\u00e7o da vacina\u00e7\u00e3o e proje\u00e7\u00f5es para 2026<\/b><\/p>\n<p>No ano passado, a rede aplicou 80 mil doses da vacina influenza contra a gripe, reafirmando o seu compromisso como refer\u00eancia nacional em vacina\u00e7\u00e3o para fam\u00edlias e empresas. Para 2026, a Sa\u00fade Livre Vacinas estima aplicar ao menos 100 mil doses deste imunizante, sendo 20% para empresas.<\/p>\n<p>A campanha de vacina\u00e7\u00e3o \u00e9 direcionada a todos, mas alguns grupos est\u00e3o em maior risco e n\u00e3o podem deixar de receber a vacina anualmente. S\u00e3o eles:<\/p>\n<li>Crian\u00e7as com menos de 5 anos, principalmente as menores de 6 meses<\/li>\n<li>Gr\u00e1vidas em qualquer idade gestacional<\/li>\n<li>Pu\u00e9rperas at\u00e9 duas semanas ap\u00f3s o parto<\/li>\n<li>Adultos com 60 anos ou mais<\/li>\n<li>Pessoas com doen\u00e7as cr\u00f4nicas, como asma, diabetes, insufici\u00eancia card\u00edaca, tuberculose, pneumopatias, nefropatias, hepatopatias, doen\u00e7as hematol\u00f3gicas<\/li>\n<li>Pessoas com transtornos neurol\u00f3gicos ou do desenvolvimento<\/li>\n<li>Popula\u00e7\u00e3o ind\u00edgena aldeada ou com dificuldade de acesso<\/li>\n<p>A <b>OESP<\/b> n\u00e3o \u00e9(s\u00e3o) respons\u00e1vel(is) por erros, incorre\u00e7\u00f5es, atrasos ou quaisquer decis\u00f5es tomadas por seus clientes com base nos Conte\u00fados ora disponibilizados, bem como tais Conte\u00fados n\u00e3o representam a opini\u00e3o da <b>OESP<\/b> e s\u00e3o de inteira responsabilidade da <b>Markable Comunica\u00e7\u00e3o | Homework<\/b><\/p>\n","protected":false},"excerpt":{"rendered":"Especialista em imuniza\u00e7\u00e3o da Sa\u00fade Livre Vacinas explica os benef\u00edcios das campanhas de vacina\u00e7\u00e3o para a sa\u00fade preventiva contra doen\u00e7as respirat\u00f3rias A campanha de vacina\u00e7\u00e3o contra a","protected":false},"author":1,"featured_media":128339,"comment_status":"open","ping_status":"closed","sticky":false,"template":"","format":"standard","meta":{"_acf_changed":false,"inline_featured_image":false,"_monsterinsights_skip_tracking":false,"_monsterinsights_sitenote_active":false,"_monsterinsights_sitenote_note":"","_monsterinsights_sitenote_category":0,"footnotes":""},"categories":[552],"tags":[],"class_list":["post-128338","post","type-post","status-publish","format-standard","has-post-thumbnail","hentry","category-markable-comunicacao-homework"],"acf":[],"_links":{"self":[{"href":"https:\/\/bluestudio.estadao.com.br\/agencia-de-comunicacao\/wp-json\/wp\/v2\/posts\/128338","targetHints":{"allow":["GET"]}}],"collection":[{"href":"https:\/\/bluestudio.estadao.com.br\/agencia-de-comunicacao\/wp-json\/wp\/v2\/posts"}],"about":[{"href":"https:\/\/bluestudio.estadao.com.br\/agencia-de-comunicacao\/wp-json\/wp\/v2\/types\/post"}],"author":[{"embeddable":true,"href":"https:\/\/bluestudio.estadao.com.br\/agencia-de-comunicacao\/wp-json\/wp\/v2\/users\/1"}],"replies":[{"embeddable":true,"href":"https:\/\/bluestudio.estadao.com.br\/agencia-de-comunicacao\/wp-json\/wp\/v2\/comments?post=128338"}],"version-history":[{"count":0,"href":"https:\/\/bluestudio.estadao.com.br\/agencia-de-comunicacao\/wp-json\/wp\/v2\/posts\/128338\/revisions"}],"wp:featuredmedia":[{"embeddable":true,"href":"https:\/\/bluestudio.estadao.com.br\/agencia-de-comunicacao\/wp-json\/wp\/v2\/media\/128339"}],"wp:attachment":[{"href":"https:\/\/bluestudio.estadao.com.br\/agencia-de-comunicacao\/wp-json\/wp\/v2\/media?parent=128338"}],"wp:term":[{"taxonomy":"category","embeddable":true,"href":"https:\/\/bluestudio.estadao.com.br\/agencia-de-comunicacao\/wp-json\/wp\/v2\/categories?post=128338"},{"taxonomy":"post_tag","embeddable":true,"href":"https:\/\/bluestudio.estadao.com.br\/agencia-de-comunicacao\/wp-json\/wp\/v2\/tags?post=128338"}],"curies":[{"name":"wp","href":"https:\/\/api.w.org\/{rel}","templated":true}]}}