{"id":128334,"date":"2026-04-27T15:40:00","date_gmt":"2026-04-27T18:40:00","guid":{"rendered":"https:\/\/bluestudio.estadao.com.br\/agencia-de-comunicacao\/saftec-digital\/yuri-silva-portela-aponta-o-impacto-do-envelhecimento-populacional-na-eficiencia-e-nos-custos-do-sistema-de-saude\/"},"modified":"2026-04-27T15:40:00","modified_gmt":"2026-04-27T18:40:00","slug":"yuri-silva-portela-aponta-o-impacto-do-envelhecimento-populacional-na-eficiencia-e-nos-custos-do-sistema-de-saude","status":"publish","type":"post","link":"https:\/\/bluestudio.estadao.com.br\/agencia-de-comunicacao\/saftec-digital\/yuri-silva-portela-aponta-o-impacto-do-envelhecimento-populacional-na-eficiencia-e-nos-custos-do-sistema-de-saude\/","title":{"rendered":"Yuri Silva Portela aponta o impacto do envelhecimento populacional na efici\u00eancia e nos custos do sistema de sa\u00fade"},"content":{"rendered":"<p><b>Crescimento da demanda por cuidados cont\u00ednuos exige reorganiza\u00e7\u00e3o operacional e maior integra\u00e7\u00e3o de servi\u00e7os.<\/b><\/p>\n<p>Yuri Silva Portela avalia que o avan\u00e7o do envelhecimento populacional no Brasil tem gerado impactos diretos na estrutura de custos e na efici\u00eancia do sistema de sa\u00fade. O aumento da expectativa de vida, combinado \u00e0 maior preval\u00eancia de doen\u00e7as cr\u00f4nicas, amplia a demanda por servi\u00e7os cont\u00ednuos e pressiona tanto o setor p\u00fablico quanto o privado.<\/p>\n<p>Esse movimento ocorre em um contexto de limita\u00e7\u00e3o de recursos e necessidade crescente de produtividade, o que tem levado gestores a buscar modelos mais eficientes de atendimento. A reorganiza\u00e7\u00e3o dos fluxos assistenciais passa a ser um elemento central para garantir sustentabilidade no longo prazo.<\/p>\n<p><b>Aumento da demanda e press\u00e3o sobre custos<\/b><\/p>\n<p>O perfil de consumo da popula\u00e7\u00e3o idosa difere significativamente das demais faixas et\u00e1rias. Pacientes mais velhos tendem a utilizar mais servi\u00e7os, demandar acompanhamento frequente e apresentar maior complexidade cl\u00ednica. Segundo o doutor Yuri Silva Portela, p\u00f3s-graduado em Geriatria com bastante expertise, esse cen\u00e1rio eleva os custos operacionais, especialmente quando o sistema atua de forma fragmentada. <\/p>\n<p>A falta de coordena\u00e7\u00e3o entre servi\u00e7os pode gerar redund\u00e2ncias e aumentar a incid\u00eancia de interna\u00e7\u00f5es evit\u00e1veis. Al\u00e9m disso, o crescimento da demanda ocorre de forma cont\u00ednua, o que exige planejamento estruturado para evitar sobrecarga e perda de efici\u00eancia.<\/p>\n<p><b>Efici\u00eancia operacional como eixo estrat\u00e9gico<\/b><\/p>\n<p>A busca por efici\u00eancia tem levado o setor a revisar seus modelos de atendimento. A transi\u00e7\u00e3o de um modelo reativo para um modelo baseado em acompanhamento cont\u00ednuo \u00e9 apontada como uma das principais estrat\u00e9gias. De acordo com Yuri Silva Portela, a gest\u00e3o estruturada de doen\u00e7as cr\u00f4nicas permite reduzir eventos agudos e melhorar a previsibilidade dos custos. <\/p>\n<p>Esse tipo de abordagem favorece uma opera\u00e7\u00e3o mais organizada e menos dependente de interven\u00e7\u00f5es emergenciais. A efici\u00eancia operacional passa, portanto, a depender n\u00e3o apenas da capacidade de atendimento, mas da forma como os processos s\u00e3o estruturados.<\/p>\n<p><b>Integra\u00e7\u00e3o de servi\u00e7os e redu\u00e7\u00e3o de desperd\u00edcios<\/b><\/p>\n<p>A fragmenta\u00e7\u00e3o do sistema ainda \u00e9 um dos principais fatores de inefici\u00eancia. A aus\u00eancia de integra\u00e7\u00e3o entre diferentes n\u00edveis de atendimento dificulta o acompanhamento dos pacientes e compromete a continuidade do cuidado. O doutor Yuri Silva Portela ressalta que a coordena\u00e7\u00e3o entre unidades b\u00e1sicas, especialistas e hospitais \u00e9 fundamental para reduzir desperd\u00edcios e melhorar resultados. A integra\u00e7\u00e3o permite maior controle sobre o percurso do paciente e evita retrabalho.<\/p>\n<p><b>Tecnologia e gest\u00e3o de dados como alavancas de produtividade<\/b><\/p>\n<p>A incorpora\u00e7\u00e3o de tecnologia tem sido uma das principais ferramentas para melhorar a efici\u00eancia do sistema. O uso de dados permite monitorar pacientes, identificar padr\u00f5es de risco e orientar decis\u00f5es de forma mais precisa. Yuri Silva Portela destaca que a digitaliza\u00e7\u00e3o contribui para ampliar a produtividade, ao reduzir falhas operacionais e melhorar a integra\u00e7\u00e3o entre servi\u00e7os. Ferramentas de acompanhamento remoto tamb\u00e9m permitem maior controle sobre pacientes cr\u00f4nicos.<\/p>\n<p><b>Perspectivas para o setor<\/b><\/p>\n<p>A tend\u00eancia \u00e9 de intensifica\u00e7\u00e3o das mudan\u00e7as estruturais no sistema de sa\u00fade, impulsionadas pelo envelhecimento da popula\u00e7\u00e3o. A necessidade de equilibrar custos e qualidade deve orientar decis\u00f5es estrat\u00e9gicas nos pr\u00f3ximos anos. Segundo o doutor Yuri Silva Portela, o avan\u00e7o de modelos mais integrados e eficientes ser\u00e1 determinante para garantir sustentabilidade. Assim, a capacidade de adapta\u00e7\u00e3o do sistema ser\u00e1 fundamental diante do crescimento cont\u00ednuo da demanda.<\/p>\n<p>A <b>OESP<\/b> n\u00e3o \u00e9(s\u00e3o) respons\u00e1vel(is) por erros, incorre\u00e7\u00f5es, atrasos ou quaisquer decis\u00f5es tomadas por seus clientes com base nos Conte\u00fados ora disponibilizados, bem como tais Conte\u00fados n\u00e3o representam a opini\u00e3o da <b>OESP<\/b> e s\u00e3o de inteira responsabilidade da <b>Ag\u00eancia Saftec<\/b><\/p>\n","protected":false},"excerpt":{"rendered":"Crescimento da demanda por cuidados cont\u00ednuos exige reorganiza\u00e7\u00e3o operacional e maior integra\u00e7\u00e3o de servi\u00e7os. Yuri Silva Portela avalia que o avan\u00e7o do envelhecimento populacional no Brasil tem","protected":false},"author":1,"featured_media":128335,"comment_status":"open","ping_status":"closed","sticky":false,"template":"","format":"standard","meta":{"_acf_changed":false,"inline_featured_image":false,"_monsterinsights_skip_tracking":false,"_monsterinsights_sitenote_active":false,"_monsterinsights_sitenote_note":"","_monsterinsights_sitenote_category":0,"footnotes":""},"categories":[525],"tags":[],"class_list":["post-128334","post","type-post","status-publish","format-standard","has-post-thumbnail","hentry","category-saftec-digital"],"acf":[],"_links":{"self":[{"href":"https:\/\/bluestudio.estadao.com.br\/agencia-de-comunicacao\/wp-json\/wp\/v2\/posts\/128334","targetHints":{"allow":["GET"]}}],"collection":[{"href":"https:\/\/bluestudio.estadao.com.br\/agencia-de-comunicacao\/wp-json\/wp\/v2\/posts"}],"about":[{"href":"https:\/\/bluestudio.estadao.com.br\/agencia-de-comunicacao\/wp-json\/wp\/v2\/types\/post"}],"author":[{"embeddable":true,"href":"https:\/\/bluestudio.estadao.com.br\/agencia-de-comunicacao\/wp-json\/wp\/v2\/users\/1"}],"replies":[{"embeddable":true,"href":"https:\/\/bluestudio.estadao.com.br\/agencia-de-comunicacao\/wp-json\/wp\/v2\/comments?post=128334"}],"version-history":[{"count":0,"href":"https:\/\/bluestudio.estadao.com.br\/agencia-de-comunicacao\/wp-json\/wp\/v2\/posts\/128334\/revisions"}],"wp:featuredmedia":[{"embeddable":true,"href":"https:\/\/bluestudio.estadao.com.br\/agencia-de-comunicacao\/wp-json\/wp\/v2\/media\/128335"}],"wp:attachment":[{"href":"https:\/\/bluestudio.estadao.com.br\/agencia-de-comunicacao\/wp-json\/wp\/v2\/media?parent=128334"}],"wp:term":[{"taxonomy":"category","embeddable":true,"href":"https:\/\/bluestudio.estadao.com.br\/agencia-de-comunicacao\/wp-json\/wp\/v2\/categories?post=128334"},{"taxonomy":"post_tag","embeddable":true,"href":"https:\/\/bluestudio.estadao.com.br\/agencia-de-comunicacao\/wp-json\/wp\/v2\/tags?post=128334"}],"curies":[{"name":"wp","href":"https:\/\/api.w.org\/{rel}","templated":true}]}}