{"id":128332,"date":"2026-04-27T15:40:00","date_gmt":"2026-04-27T18:40:00","guid":{"rendered":"https:\/\/bluestudio.estadao.com.br\/agencia-de-comunicacao\/saftec-digital\/os-desafios-do-envelhecimento-populacional-e-o-impacto-nas-politicas-publicas-de-saude-no-brasil-segundo-yuri-silva-portela\/"},"modified":"2026-04-27T15:40:00","modified_gmt":"2026-04-27T18:40:00","slug":"os-desafios-do-envelhecimento-populacional-e-o-impacto-nas-politicas-publicas-de-saude-no-brasil-segundo-yuri-silva-portela","status":"publish","type":"post","link":"https:\/\/bluestudio.estadao.com.br\/agencia-de-comunicacao\/saftec-digital\/os-desafios-do-envelhecimento-populacional-e-o-impacto-nas-politicas-publicas-de-saude-no-brasil-segundo-yuri-silva-portela\/","title":{"rendered":"Os desafios do envelhecimento populacional e o impacto nas pol\u00edticas p\u00fablicas de sa\u00fade no Brasil, segundo Yuri Silva Portela"},"content":{"rendered":"<p><b>Crescimento da popula\u00e7\u00e3o idosa exige reorganiza\u00e7\u00e3o do sistema, integra\u00e7\u00e3o de servi\u00e7os e foco em preven\u00e7\u00e3o.<\/b><\/p>\n<p>Yuri Silva Portela observa que o envelhecimento acelerado da popula\u00e7\u00e3o brasileira tem imposto novos desafios ao sistema de sa\u00fade, exigindo uma reavalia\u00e7\u00e3o das pol\u00edticas p\u00fablicas e da forma como os servi\u00e7os s\u00e3o organizados. O aumento da expectativa de vida, aliado \u00e0 maior incid\u00eancia de doen\u00e7as cr\u00f4nicas, tem ampliado a demanda por atendimento cont\u00ednuo e estruturado.<\/p>\n<p>Esse cen\u00e1rio coloca a geriatria no centro do debate sobre a sustentabilidade do sistema de sa\u00fade, uma vez que o modelo atual, ainda fortemente baseado em interven\u00e7\u00f5es pontuais, mostra sinais de limita\u00e7\u00e3o diante de uma popula\u00e7\u00e3o que demanda acompanhamento prolongado.<\/p>\n<p><b>Transi\u00e7\u00e3o demogr\u00e1fica e press\u00e3o sobre o sistema<\/b><\/p>\n<p>O Brasil atravessa uma transi\u00e7\u00e3o demogr\u00e1fica r\u00e1pida, com crescimento significativo da popula\u00e7\u00e3o idosa em um curto intervalo de tempo. Esse movimento reduz o per\u00edodo de adapta\u00e7\u00e3o das pol\u00edticas p\u00fablicas e aumenta a press\u00e3o sobre a estrutura existente. Segundo Yuri Silva Portela, p\u00f3s-graduado em Geriatria com bastante expertise, a amplia\u00e7\u00e3o da demanda por servi\u00e7os de sa\u00fade ocorre de forma simult\u00e2nea \u00e0 necessidade de reorganiza\u00e7\u00e3o do atendimento. <\/p>\n<p>A estrutura atual, muitas vezes fragmentada, dificulta a continuidade do cuidado e compromete a efici\u00eancia do sistema. Al\u00e9m disso, a distribui\u00e7\u00e3o desigual de recursos entre regi\u00f5es agrava o desafio, limitando o acesso em determinadas localidades.<\/p>\n<p><b>A import\u00e2ncia da preven\u00e7\u00e3o nas pol\u00edticas p\u00fablicas<\/b><\/p>\n<p>A incorpora\u00e7\u00e3o da preven\u00e7\u00e3o como eixo central das pol\u00edticas p\u00fablicas \u00e9 apontada como uma das principais estrat\u00e9gias para enfrentar o envelhecimento populacional. Al\u00e9m disso, a atua\u00e7\u00e3o precoce permite reduzir a incid\u00eancia de complica\u00e7\u00f5es e melhora a qualidade de vida dos pacientes.<\/p>\n<p>De acordo com Yuri Silva Portela, o fortalecimento da aten\u00e7\u00e3o b\u00e1sica e o acompanhamento cont\u00ednuo s\u00e3o fundamentais para reduzir a sobrecarga em servi\u00e7os de maior complexidade. A preven\u00e7\u00e3o contribui para organizar o fluxo de atendimento e otimizar o uso de recursos. No entanto, a implementa\u00e7\u00e3o dessas pol\u00edticas ainda enfrenta desafios relacionados \u00e0 prioriza\u00e7\u00e3o de investimentos e \u00e0 integra\u00e7\u00e3o entre diferentes n\u00edveis de gest\u00e3o.<\/p>\n<p><b>Integra\u00e7\u00e3o entre servi\u00e7os e continuidade do cuidado<\/b><\/p>\n<p>Um dos principais entraves para a efici\u00eancia do sistema est\u00e1 na fragmenta\u00e7\u00e3o do atendimento. A falta de integra\u00e7\u00e3o entre unidades b\u00e1sicas, servi\u00e7os especializados e hospitais dificulta o acompanhamento do paciente ao longo do tempo. Yuri Silva Portela destaca que a continuidade do cuidado \u00e9 essencial na geriatria, uma vez que o tratamento de pacientes idosos envolve m\u00faltiplas especialidades e acompanhamento constante. <\/p>\n<p>A aus\u00eancia de coordena\u00e7\u00e3o pode resultar em redund\u00e2ncias, falhas no atendimento e aumento de custos. A constru\u00e7\u00e3o de fluxos mais integrados \u00e9 apontada como caminho para melhorar a qualidade assistencial e a efici\u00eancia operacional.<\/p>\n<p><b>Tecnologia e gest\u00e3o como ferramentas estrat\u00e9gicas<\/b><\/p>\n<p>A utiliza\u00e7\u00e3o de tecnologia tem potencial para apoiar a reorganiza\u00e7\u00e3o do sistema de sa\u00fade, especialmente na integra\u00e7\u00e3o de informa\u00e7\u00f5es e no monitoramento de pacientes. Sistemas digitais permitem maior controle sobre o hist\u00f3rico cl\u00ednico e facilitam a tomada de decis\u00e3o. Yuri Silva Portela ressalta que a digitaliza\u00e7\u00e3o pode contribuir para reduzir falhas e melhorar a coordena\u00e7\u00e3o entre servi\u00e7os, desde que acompanhada de planejamento e capacita\u00e7\u00e3o.<\/p>\n<p><b>Perspectivas para o futuro da sa\u00fade p\u00fablica<\/b><\/p>\n<p>A evolu\u00e7\u00e3o do sistema de sa\u00fade brasileiro depender\u00e1 da capacidade de adapta\u00e7\u00e3o \u00e0s mudan\u00e7as demogr\u00e1ficas. O envelhecimento da popula\u00e7\u00e3o exige pol\u00edticas p\u00fablicas mais estruturadas, com foco em preven\u00e7\u00e3o, integra\u00e7\u00e3o e sustentabilidade. Por fim, Yuri Silva Portela enfatiza que o desafio est\u00e1 em transformar diretrizes em pr\u00e1ticas efetivas, garantindo que o sistema consiga atender \u00e0 crescente demanda com qualidade e efici\u00eancia.<\/p>\n<p>A <b>OESP<\/b> n\u00e3o \u00e9(s\u00e3o) respons\u00e1vel(is) por erros, incorre\u00e7\u00f5es, atrasos ou quaisquer decis\u00f5es tomadas por seus clientes com base nos Conte\u00fados ora disponibilizados, bem como tais Conte\u00fados n\u00e3o representam a opini\u00e3o da <b>OESP<\/b> e s\u00e3o de inteira responsabilidade da <b>Ag\u00eancia Saftec<\/b><\/p>\n","protected":false},"excerpt":{"rendered":"Crescimento da popula\u00e7\u00e3o idosa exige reorganiza\u00e7\u00e3o do sistema, integra\u00e7\u00e3o de servi\u00e7os e foco em preven\u00e7\u00e3o. Yuri Silva Portela observa que o envelhecimento acelerado da popula\u00e7\u00e3o brasileira","protected":false},"author":1,"featured_media":128333,"comment_status":"open","ping_status":"closed","sticky":false,"template":"","format":"standard","meta":{"_acf_changed":false,"inline_featured_image":false,"_monsterinsights_skip_tracking":false,"_monsterinsights_sitenote_active":false,"_monsterinsights_sitenote_note":"","_monsterinsights_sitenote_category":0,"footnotes":""},"categories":[525],"tags":[],"class_list":["post-128332","post","type-post","status-publish","format-standard","has-post-thumbnail","hentry","category-saftec-digital"],"acf":[],"_links":{"self":[{"href":"https:\/\/bluestudio.estadao.com.br\/agencia-de-comunicacao\/wp-json\/wp\/v2\/posts\/128332","targetHints":{"allow":["GET"]}}],"collection":[{"href":"https:\/\/bluestudio.estadao.com.br\/agencia-de-comunicacao\/wp-json\/wp\/v2\/posts"}],"about":[{"href":"https:\/\/bluestudio.estadao.com.br\/agencia-de-comunicacao\/wp-json\/wp\/v2\/types\/post"}],"author":[{"embeddable":true,"href":"https:\/\/bluestudio.estadao.com.br\/agencia-de-comunicacao\/wp-json\/wp\/v2\/users\/1"}],"replies":[{"embeddable":true,"href":"https:\/\/bluestudio.estadao.com.br\/agencia-de-comunicacao\/wp-json\/wp\/v2\/comments?post=128332"}],"version-history":[{"count":0,"href":"https:\/\/bluestudio.estadao.com.br\/agencia-de-comunicacao\/wp-json\/wp\/v2\/posts\/128332\/revisions"}],"wp:featuredmedia":[{"embeddable":true,"href":"https:\/\/bluestudio.estadao.com.br\/agencia-de-comunicacao\/wp-json\/wp\/v2\/media\/128333"}],"wp:attachment":[{"href":"https:\/\/bluestudio.estadao.com.br\/agencia-de-comunicacao\/wp-json\/wp\/v2\/media?parent=128332"}],"wp:term":[{"taxonomy":"category","embeddable":true,"href":"https:\/\/bluestudio.estadao.com.br\/agencia-de-comunicacao\/wp-json\/wp\/v2\/categories?post=128332"},{"taxonomy":"post_tag","embeddable":true,"href":"https:\/\/bluestudio.estadao.com.br\/agencia-de-comunicacao\/wp-json\/wp\/v2\/tags?post=128332"}],"curies":[{"name":"wp","href":"https:\/\/api.w.org\/{rel}","templated":true}]}}