{"id":128327,"date":"2026-04-27T14:49:06","date_gmt":"2026-04-27T17:49:06","guid":{"rendered":"https:\/\/bluestudio.estadao.com.br\/agencia-de-comunicacao\/?p=128327"},"modified":"2026-04-27T14:49:07","modified_gmt":"2026-04-27T17:49:07","slug":"sustentabilidade-empresas-brasileiras-pesquisa-2026","status":"publish","type":"post","link":"https:\/\/bluestudio.estadao.com.br\/agencia-de-comunicacao\/agencia-minera-brasil\/sustentabilidade-empresas-brasileiras-pesquisa-2026\/","title":{"rendered":"87% das empresas brasileiras atuam em a\u00e7\u00f5es de sustentabilidade, aponta pesquisa"},"content":{"rendered":"\n<p><strong>Estudo com 587 executivos demonstra ainda que 59% das companhias integram sustentabilidade \u00e0 governan\u00e7a e tomada de decis\u00e3o empresarial<\/strong><\/p>\n\n\n\n<p>A sustentabilidade n\u00e3o \u00e9 mais apenas um valor a ser alcan\u00e7ado, mas a realidade na estrat\u00e9gia corporativa de mais da metade das empresas brasileiras. \u00c9 o que revela pesquisa da C\u00e2mara Americana de Com\u00e9rcio para o Brasil (Amcham) e da startup Humanizadas.<\/p>\n\n\n\n<p>Segundo o estudo, 87% das empresas atuam no tema, com 59% incorporando a sustentabilidade \u00e0 estrat\u00e9gia corporativa, enquanto 57% integram as novas regulamenta\u00e7\u00f5es de sustentabilidade diretamente em suas decis\u00f5es de investimentos e processos comerciais.<\/p>\n\n\n\n<p>O levantamento de 2026 aponta que a maior parcela das empresas (48%) j\u00e1 possui a\u00e7\u00f5es de sustentabilidade em desenvolvimento. Outras 22% das organiza\u00e7\u00f5es j\u00e1 se posicionam como refer\u00eancias e pioneiras no tema, enquanto 17% est\u00e3o dando os primeiros passos na implementa\u00e7\u00e3o de suas agendas<\/p>\n\n\n\n<p>A pesquisa foi realizada com 587 executivos dos setores de servi\u00e7os, ind\u00fastria, tecnologia, agroneg\u00f3cio e varejo. Entre eles, 71% s\u00e3o representantes de empresas de m\u00e9dio e grande porte e 84% ocupam cargos de lideran\u00e7a. O estudo revela ainda que 37% aproveitaram a COP 30, realizada em Bel\u00e9m (PA) no fim do ano passado, para fortalecer o posicionamento institucional em sustentabilidade, estabelecer parcerias e acessar novos mercados.<\/p>\n\n\n\n<figure class=\"wp-block-image size-full\"><img loading=\"lazy\" decoding=\"async\" width=\"1000\" height=\"557\" src=\"https:\/\/bluestudio.estadao.com.br\/agencia-de-comunicacao\/wp-content\/uploads\/2026\/04\/desafios-sustentabilidade-empresas-brasil.jpg\" alt=\"\" class=\"wp-image-128328\" srcset=\"https:\/\/bluestudio.estadao.com.br\/agencia-de-comunicacao\/wp-content\/uploads\/2026\/04\/desafios-sustentabilidade-empresas-brasil.jpg 1000w, https:\/\/bluestudio.estadao.com.br\/agencia-de-comunicacao\/wp-content\/uploads\/2026\/04\/desafios-sustentabilidade-empresas-brasil-300x167.jpg 300w, https:\/\/bluestudio.estadao.com.br\/agencia-de-comunicacao\/wp-content\/uploads\/2026\/04\/desafios-sustentabilidade-empresas-brasil-768x428.jpg 768w\" sizes=\"auto, (max-width: 1000px) 100vw, 1000px\" \/><figcaption class=\"wp-element-caption\"><strong>Foto: Marisa Cesar.<\/strong><\/figcaption><\/figure>\n\n\n\n<p>Segundo Abr\u00e3o Neto, presidente da Amcham Brasil, a pesquisa traz um retrato qualificado da agenda de sustentabilidade no pa\u00eds. <strong>\u201cEstamos falando de lideran\u00e7as respons\u00e1veis por organiza\u00e7\u00f5es que movimentam R$ 671 bilh\u00f5es e empregam mais de 666 mil pessoas, ou seja, quem de fato toma decis\u00e3o e molda o futuro dessa agenda\u201d<\/strong>, destaca<\/p>\n\n\n\n<p>Apesar de 57% j\u00e1 incorporarem regula\u00e7\u00f5es de sustentabilidade \u00e0 estrat\u00e9gia empresarial, apenas 26% das empresas se consideram totalmente preparadas para atender \u00e0s novas exig\u00eancias regulat\u00f3rias e de reporte em sustentabilidade.<\/p>\n\n\n\n<p>De acordo com Neto, essa lacuna reflete um desafio maior.<strong> \u201cSe antes a pergunta era \u2018por que fazer?\u2019, agora \u00e9 \u2018como capturar valor?\u2019. O principal gap est\u00e1 justamente em traduzir sustentabilidade em retorno financeiro mensur\u00e1vel \u2014 seja em crescimento, efici\u00eancia ou gest\u00e3o de riscos&#8221;<\/strong>, afirma.<\/p>\n\n\n\n<p>Segundo 44% dos executivos que participaram da pesquisa, provar retorno financeiro oriundo da sustentabilidade \u00e9 um dos principais desafios. Apesar de 74% reconhecerem valor efetivo da agenda, apenas 34% das empresas afirmam conseguir medir retorno financeiro de maneira estruturada.<\/p>\n\n\n\n<p><strong>Desafios estruturais<\/strong><\/p>\n\n\n\n<p>Apesar dos avan\u00e7os na agenda, 71% das empresas ainda n\u00e3o reduzem nem compensam suas emiss\u00f5es de carbono, enquanto temas como biodiversidade e mudan\u00e7as clim\u00e1ticas permanecem como prioridades secund\u00e1rias. Em contraste, a inova\u00e7\u00e3o e tecnologia lideram o foco material, com 59% de aten\u00e7\u00e3o do mercado.<\/p>\n\n\n\n<p>Segundo a pesquisa, esse destaque ocorre porque a inova\u00e7\u00e3o estabelece uma conex\u00e3o mais direta com a redu\u00e7\u00e3o de custos, o aumento da efici\u00eancia, a abertura de novos mercados e a amplia\u00e7\u00e3o da escala operacional.<\/p>\n\n\n\n<p>Em rela\u00e7\u00e3o \u00e0 gest\u00e3o de dados, 73% das empresas n\u00e3o atualizam sua Matriz de Materialidade, 68% n\u00e3o publicam Relat\u00f3rios de Sustentabilidade, e 61% n\u00e3o realizam benchmarking. Essa aus\u00eancia compromete a capacidade de transformar informa\u00e7\u00f5es em dados financeiros concretos, dificultando a materializa\u00e7\u00e3o do valor da sustentabilidade. Benchmarking e avalia\u00e7\u00f5es internas, seguido por certifica\u00e7\u00f5es externas s\u00e3o listados como principais ferramentas de gest\u00e3o.<\/p>\n\n\n\n<p>Al\u00e9m disso, apenas 31% das empresas monitoram riscos e 28% verificam oportunidades relacionadas \u00e0 sustentabilidade. Entre as iniciativas, 40% dos que responderam apontam a Inova\u00e7\u00e3o em produtos sustent\u00e1veis como a mais fr\u00e1gil, enquanto privacidade e seguran\u00e7a de dados (67%) e projetos sociais e voluntariado (61%) s\u00e3o consideradas as pr\u00e1ticas mais consolidadas pelas organiza\u00e7\u00f5es.<\/p>\n\n\n\n<p>Esses dados revelam o predom\u00ednio de a\u00e7\u00f5es de governan\u00e7a e de car\u00e1ter social em compara\u00e7\u00e3o com a\u00e7\u00f5es ambientais. O estudo aponta que a regula\u00e7\u00e3o que mais mobiliza em 2026 n\u00e3o \u00e9 a clim\u00e1tica, e sim a de pessoas. NR-01 lidera com<\/p>\n\n\n\n<p>42%, \u00e0 frente de economia circular (34%) e<\/p>\n\n\n\n<p>mercado de carbono (25%).<\/p>\n\n\n\n<p><strong>Impactos e fatores para ampliar a sustentabilidade<\/strong><\/p>\n\n\n\n<p>Provar retorno financeiro, acesso a capital (38%) e&nbsp; engajamento de lideran\u00e7as (35%) s\u00e3o apontados como fatores cr\u00edticos para o sucesso da agenda, enquanto medidas de car\u00e1ter infraestrutural, segundo a pesquisa, incluem produ\u00e7\u00e3o de dados, mapeamento de riscos e oportunidades, e quantifica\u00e7\u00e3o do impacto financeiro.<\/p>\n\n\n\n<p>O fortalecimento da reputa\u00e7\u00e3o (74%), a maior efici\u00eancia de recursos (65%), a redu\u00e7\u00e3o de custos (60%) e o crescimento da receita (49) s\u00e3o apontados como principais impactos.<\/p>\n\n\n\n<p>A\u00a0<strong>OESP\u00a0<\/strong>n\u00e3o \u00e9 respons\u00e1vel por erros, incorre\u00e7\u00f5es, atrasos ou quaisquer decis\u00f5es tomadas por seus clientes com base nos Conte\u00fados ora disponibilizados, bem como tais Conte\u00fados n\u00e3o representam a opini\u00e3o da\u00a0<strong>OESP\u00a0<\/strong>e s\u00e3o de inteira responsabilidade da\u00a0<strong>Ag\u00eancia Minera Brasil<\/strong>.<\/p>\n\n\n\n<p><\/p>\n","protected":false},"excerpt":{"rendered":"Estudo com 587 executivos demonstra ainda que 59% das companhias integram sustentabilidade \u00e0 governan\u00e7a e tomada de decis\u00e3o empresarial","protected":false},"author":16,"featured_media":128329,"comment_status":"open","ping_status":"closed","sticky":false,"template":"","format":"standard","meta":{"_acf_changed":false,"inline_featured_image":false,"_monsterinsights_skip_tracking":false,"_monsterinsights_sitenote_active":false,"_monsterinsights_sitenote_note":"","_monsterinsights_sitenote_category":0,"footnotes":""},"categories":[351],"tags":[],"class_list":["post-128327","post","type-post","status-publish","format-standard","has-post-thumbnail","hentry","category-agencia-minera-brasil"],"acf":[],"_links":{"self":[{"href":"https:\/\/bluestudio.estadao.com.br\/agencia-de-comunicacao\/wp-json\/wp\/v2\/posts\/128327","targetHints":{"allow":["GET"]}}],"collection":[{"href":"https:\/\/bluestudio.estadao.com.br\/agencia-de-comunicacao\/wp-json\/wp\/v2\/posts"}],"about":[{"href":"https:\/\/bluestudio.estadao.com.br\/agencia-de-comunicacao\/wp-json\/wp\/v2\/types\/post"}],"author":[{"embeddable":true,"href":"https:\/\/bluestudio.estadao.com.br\/agencia-de-comunicacao\/wp-json\/wp\/v2\/users\/16"}],"replies":[{"embeddable":true,"href":"https:\/\/bluestudio.estadao.com.br\/agencia-de-comunicacao\/wp-json\/wp\/v2\/comments?post=128327"}],"version-history":[{"count":1,"href":"https:\/\/bluestudio.estadao.com.br\/agencia-de-comunicacao\/wp-json\/wp\/v2\/posts\/128327\/revisions"}],"predecessor-version":[{"id":128330,"href":"https:\/\/bluestudio.estadao.com.br\/agencia-de-comunicacao\/wp-json\/wp\/v2\/posts\/128327\/revisions\/128330"}],"wp:featuredmedia":[{"embeddable":true,"href":"https:\/\/bluestudio.estadao.com.br\/agencia-de-comunicacao\/wp-json\/wp\/v2\/media\/128329"}],"wp:attachment":[{"href":"https:\/\/bluestudio.estadao.com.br\/agencia-de-comunicacao\/wp-json\/wp\/v2\/media?parent=128327"}],"wp:term":[{"taxonomy":"category","embeddable":true,"href":"https:\/\/bluestudio.estadao.com.br\/agencia-de-comunicacao\/wp-json\/wp\/v2\/categories?post=128327"},{"taxonomy":"post_tag","embeddable":true,"href":"https:\/\/bluestudio.estadao.com.br\/agencia-de-comunicacao\/wp-json\/wp\/v2\/tags?post=128327"}],"curies":[{"name":"wp","href":"https:\/\/api.w.org\/{rel}","templated":true}]}}