{"id":128301,"date":"2026-04-27T08:40:00","date_gmt":"2026-04-27T11:40:00","guid":{"rendered":"https:\/\/bluestudio.estadao.com.br\/agencia-de-comunicacao\/saftec-digital\/inteligencia-estrategica-na-gestao-de-ativos-problematicos-conforme-felipe-rassi\/"},"modified":"2026-04-27T08:40:00","modified_gmt":"2026-04-27T11:40:00","slug":"inteligencia-estrategica-na-gestao-de-ativos-problematicos-conforme-felipe-rassi","status":"publish","type":"post","link":"https:\/\/bluestudio.estadao.com.br\/agencia-de-comunicacao\/saftec-digital\/inteligencia-estrategica-na-gestao-de-ativos-problematicos-conforme-felipe-rassi\/","title":{"rendered":"Intelig\u00eancia estrat\u00e9gica na gest\u00e3o de ativos problem\u00e1ticos, conforme Felipe Rassi"},"content":{"rendered":"<p><b>Como an\u00e1lise t\u00e9cnica, vis\u00e3o estrat\u00e9gica e estrutura multidisciplinar redefinem a administra\u00e7\u00e3o de ativos deteriorados no mercado financeiro.<\/b><\/p>\n<p>De acordo com o empres\u00e1rio Felipe Rassi, a gest\u00e3o de ativos problem\u00e1ticos deixou de ser tratada como uma atividade puramente operacional para assumir papel cada vez mais estrat\u00e9gico dentro de estruturas financeiras sofisticadas. O tratamento eficiente desses ativos depende menos de respostas autom\u00e1ticas e mais da capacidade de interpretar contextos, avaliar cen\u00e1rios e construir estrat\u00e9gias compat\u00edveis com a realidade espec\u00edfica de cada opera\u00e7\u00e3o. <\/p>\n<p>Em vez de buscar apenas solu\u00e7\u00f5es imediatas de cobran\u00e7a ou recupera\u00e7\u00e3o, operadores especializados passaram a analisar esses ativos sob uma l\u00f3gica mais abrangente de risco, retorno e efici\u00eancia patrimonial. Nesse contexto, administrar ativos problem\u00e1ticos passou a significar tamb\u00e9m identificar potencial econ\u00f4mico, mapear alternativas de estrutura\u00e7\u00e3o e compreender como cada decis\u00e3o interfere no valor global da opera\u00e7\u00e3o ao longo do tempo. Acompanhe a an\u00e1lise a seguir para entender melhor sobre o tema.<\/p>\n<p><b>O que diferencia uma gest\u00e3o estrat\u00e9gica de ativos problem\u00e1ticos?<\/b><\/p>\n<p>Uma gest\u00e3o verdadeiramente estrat\u00e9gica parte do princ\u00edpio de que ativos deteriorados n\u00e3o podem ser tratados de forma uniforme ou padronizada. Cada opera\u00e7\u00e3o possui caracter\u00edsticas pr\u00f3prias relacionadas ao perfil do devedor, \u00e0 robustez das garantias, \u00e0 estrutura patrimonial envolvida e ao contexto jur\u00eddico aplic\u00e1vel. Por essa raz\u00e3o, a an\u00e1lise individualizada torna-se etapa indispens\u00e1vel antes da defini\u00e7\u00e3o de qualquer medida concreta de atua\u00e7\u00e3o.<\/p>\n<p>Felipe Rassi, especialista em cr\u00e9ditos estressados, destaca que a efici\u00eancia na gest\u00e3o desses ativos depende da capacidade de compreender a recuperabilidade efetiva do ativo dentro do cen\u00e1rio real em que est\u00e1 inserido. Muitas vezes, a melhor decis\u00e3o n\u00e3o consiste em acelerar mecanismos de cobran\u00e7a, mas em reavaliar a estrutura da opera\u00e7\u00e3o, renegociar termos ou reposicionar a estrat\u00e9gia de recupera\u00e7\u00e3o.<\/p>\n<p>Al\u00e9m disso, uma gest\u00e3o estrat\u00e9gica exige vis\u00e3o de longo prazo. Operadores sofisticados analisam n\u00e3o apenas o impacto imediato de cada medida, mas tamb\u00e9m seus efeitos futuros sobre liquidez, previsibilidade, tempo de recupera\u00e7\u00e3o e valor patrimonial agregado da opera\u00e7\u00e3o como um todo. \u00c9 essa leitura ampliada que diferencia decis\u00f5es t\u00e1ticas de estrat\u00e9gias verdadeiramente eficientes.<\/p>\n<p><b>Por que a an\u00e1lise t\u00e9cnica deve anteceder qualquer medida de execu\u00e7\u00e3o?<\/b><\/p>\n<p>A ado\u00e7\u00e3o de medidas precipitadas costuma comprometer a efici\u00eancia de opera\u00e7\u00f5es envolvendo ativos problem\u00e1ticos, especialmente quando decis\u00f5es s\u00e3o tomadas sem avalia\u00e7\u00e3o aprofundada do contexto. Executar garantias, iniciar lit\u00edgios ou pressionar renegocia\u00e7\u00f5es sem an\u00e1lise pr\u00e9via pode gerar custos desnecess\u00e1rios, ampliar o tempo de recupera\u00e7\u00e3o e at\u00e9 reduzir o valor econ\u00f4mico do ativo ao longo do processo.<\/p>\n<p>Na avalia\u00e7\u00e3o de Felipe Rassi, como especialista jur\u00eddico, a an\u00e1lise t\u00e9cnica pr\u00e9via \u00e9 essencial para identificar qual estrat\u00e9gia oferece melhor rela\u00e7\u00e3o entre risco, tempo, custo e potencial de retorno. Em muitos casos, o melhor caminho depende de fatores que ultrapassam a mera possibilidade formal de execu\u00e7\u00e3o.<\/p>\n<p>Tamb\u00e9m \u00e9 importante considerar que a forma como determinada medida \u00e9 conduzida influencia diretamente o comportamento do devedor, o ambiente negocial e a din\u00e2mica entre os envolvidos na opera\u00e7\u00e3o. Dessa maneira, planejamento pr\u00e9vio e leitura t\u00e9cnica aprofundada fortalecem n\u00e3o apenas a estrat\u00e9gia jur\u00eddica, mas toda a condu\u00e7\u00e3o pr\u00e1tica da recupera\u00e7\u00e3o ou reestrutura\u00e7\u00e3o do ativo.<\/p>\n<p><b>Como a intelig\u00eancia estrat\u00e9gica transforma risco em oportunidade?<\/b><\/p>\n<p>Ativos problem\u00e1ticos frequentemente s\u00e3o analisados apenas sob a \u00f3tica do risco e da dificuldade de recupera\u00e7\u00e3o. Entretanto, uma abordagem estrat\u00e9gica permite enxergar al\u00e9m da deteriora\u00e7\u00e3o aparente e identificar oportunidades relevantes de cria\u00e7\u00e3o de valor mesmo em estruturas inicialmente desfavor\u00e1veis. <\/p>\n<p>Felipe Rassi comenta que a intelig\u00eancia estrat\u00e9gica permite compreender de que maneira um ativo pode ser reorganizado, renegociado ou reposicionado para gerar melhor resultado econ\u00f4mico. Em determinadas situa\u00e7\u00f5es, ativos com baixa perspectiva de recupera\u00e7\u00e3o imediata podem adquirir relev\u00e2ncia estrat\u00e9gica quando integrados a reestrutura\u00e7\u00f5es empresariais, negocia\u00e7\u00f5es patrimoniais mais amplas ou composi\u00e7\u00f5es espec\u00edficas entre credores e devedores.<\/p>\n<p>Esse tipo de leitura exige repert\u00f3rio t\u00e9cnico, experi\u00eancia pr\u00e1tica e vis\u00e3o integrada sobre diferentes vari\u00e1veis da opera\u00e7\u00e3o. Afinal, o potencial de uma oportunidade raramente est\u00e1 evidente na superf\u00edcie do ativo, especialmente em estruturas mais complexas, nas quais o verdadeiro valor depende da capacidade de estruturar caminhos que an\u00e1lises convencionais normalmente n\u00e3o captam.<\/p>\n<p>A <b>OESP<\/b> n\u00e3o \u00e9(s\u00e3o) respons\u00e1vel(is) por erros, incorre\u00e7\u00f5es, atrasos ou quaisquer decis\u00f5es tomadas por seus clientes com base nos Conte\u00fados ora disponibilizados, bem como tais Conte\u00fados n\u00e3o representam a opini\u00e3o da <b>OESP<\/b> e s\u00e3o de inteira responsabilidade da <b>Ag\u00eancia Saftec<\/b><\/p>\n","protected":false},"excerpt":{"rendered":"Como an\u00e1lise t\u00e9cnica, vis\u00e3o estrat\u00e9gica e estrutura multidisciplinar redefinem a administra\u00e7\u00e3o de ativos deteriorados no mercado financeiro. De acordo com o empres\u00e1rio Felipe Rassi, a gest\u00e3o","protected":false},"author":1,"featured_media":128302,"comment_status":"open","ping_status":"closed","sticky":false,"template":"","format":"standard","meta":{"_acf_changed":false,"inline_featured_image":false,"_monsterinsights_skip_tracking":false,"_monsterinsights_sitenote_active":false,"_monsterinsights_sitenote_note":"","_monsterinsights_sitenote_category":0,"footnotes":""},"categories":[525],"tags":[],"class_list":["post-128301","post","type-post","status-publish","format-standard","has-post-thumbnail","hentry","category-saftec-digital"],"acf":[],"_links":{"self":[{"href":"https:\/\/bluestudio.estadao.com.br\/agencia-de-comunicacao\/wp-json\/wp\/v2\/posts\/128301","targetHints":{"allow":["GET"]}}],"collection":[{"href":"https:\/\/bluestudio.estadao.com.br\/agencia-de-comunicacao\/wp-json\/wp\/v2\/posts"}],"about":[{"href":"https:\/\/bluestudio.estadao.com.br\/agencia-de-comunicacao\/wp-json\/wp\/v2\/types\/post"}],"author":[{"embeddable":true,"href":"https:\/\/bluestudio.estadao.com.br\/agencia-de-comunicacao\/wp-json\/wp\/v2\/users\/1"}],"replies":[{"embeddable":true,"href":"https:\/\/bluestudio.estadao.com.br\/agencia-de-comunicacao\/wp-json\/wp\/v2\/comments?post=128301"}],"version-history":[{"count":0,"href":"https:\/\/bluestudio.estadao.com.br\/agencia-de-comunicacao\/wp-json\/wp\/v2\/posts\/128301\/revisions"}],"wp:featuredmedia":[{"embeddable":true,"href":"https:\/\/bluestudio.estadao.com.br\/agencia-de-comunicacao\/wp-json\/wp\/v2\/media\/128302"}],"wp:attachment":[{"href":"https:\/\/bluestudio.estadao.com.br\/agencia-de-comunicacao\/wp-json\/wp\/v2\/media?parent=128301"}],"wp:term":[{"taxonomy":"category","embeddable":true,"href":"https:\/\/bluestudio.estadao.com.br\/agencia-de-comunicacao\/wp-json\/wp\/v2\/categories?post=128301"},{"taxonomy":"post_tag","embeddable":true,"href":"https:\/\/bluestudio.estadao.com.br\/agencia-de-comunicacao\/wp-json\/wp\/v2\/tags?post=128301"}],"curies":[{"name":"wp","href":"https:\/\/api.w.org\/{rel}","templated":true}]}}