{"id":128296,"date":"2026-04-27T08:27:00","date_gmt":"2026-04-27T11:27:00","guid":{"rendered":"https:\/\/bluestudio.estadao.com.br\/agencia-de-comunicacao\/prnewswire\/a-dreame-apresentara-suas-mais-recentes-inovacoes-em-aspiradores-para-solidos-e-liquidos-no-vale-do-silicio-aproveitando-o-rapido-crescimento-que-vem-registrando-em-todo-o-mundo\/"},"modified":"2026-04-27T08:27:00","modified_gmt":"2026-04-27T11:27:00","slug":"a-dreame-apresentara-suas-mais-recentes-inovacoes-em-aspiradores-para-solidos-e-liquidos-no-vale-do-silicio-aproveitando-o-rapido-crescimento-que-vem-registrando-em-todo-o-mundo","status":"publish","type":"post","link":"https:\/\/bluestudio.estadao.com.br\/agencia-de-comunicacao\/prnewswire\/a-dreame-apresentara-suas-mais-recentes-inovacoes-em-aspiradores-para-solidos-e-liquidos-no-vale-do-silicio-aproveitando-o-rapido-crescimento-que-vem-registrando-em-todo-o-mundo\/","title":{"rendered":"A Dreame apresentar\u00e1 suas mais recentes inova\u00e7\u00f5es em aspiradores para s\u00f3lidos e l\u00edquidos no Vale do Sil\u00edcio, aproveitando o r\u00e1pido crescimento que vem registrando em todo o mundo"},"content":{"rendered":"\n<div class=\"xn-content\">\n<span class=\"legendSpanClass\">S\u00c3O FRANCISCO<\/span>, <span class=\"legendSpanClass\">27 de abril de 2026<\/span> \/PRNewswire\/ &#8212; Como parte do DREAME NEXT, o pr\u00f3ximo evento de lan\u00e7amento da Dreame no Vale do Sil\u00edcio, o aspirador para s\u00f3lidos e l\u00edquidos da Dreame ser\u00e1 o destaque no dia 28 de abril (hor\u00e1rio do Pac\u00edfico), com a apresenta\u00e7\u00e3o de seus mais recentes produtos e tecnologias. A apresenta\u00e7\u00e3o destacar\u00e1 os mais recentes avan\u00e7os da marca em limpeza a vapor, cuidados inteligentes com o piso e desempenho de limpeza multifuncional para resid\u00eancias modernas, sinalizando o pr\u00f3ximo passo da Dreame na evolu\u00e7\u00e3o da inova\u00e7\u00e3o em cuidados com o piso.<\/p>\n<div class=\"PRN_ImbeddedAssetReference\" id=\"DivAssetPlaceHolder1618\">\n<a href=\"https:\/\/mma.prnewswire.com\/media\/2965653\/20260424_123545.html\" target=\"_blank\" rel=\"nofollow\"><img decoding=\"async\" src=\"https:\/\/mma.prnewswire.com\/media\/2965653\/20260424_123545.jpg\" title=\"Convidado especial no lan\u00e7amento do aspirador de s\u00f3lidos e l\u00edquidos da Dreame (PRNewsfoto\/Dreame)\" alt=\"Convidado especial no lan\u00e7amento do aspirador de s\u00f3lidos e l\u00edquidos da Dreame (PRNewsfoto\/Dreame)\" \/><\/a><\/p>\n<\/div>\n<p>No lan\u00e7amento, a Dreame apresentar\u00e1 dois aspiradores premium para s\u00f3lidos e l\u00edquidos, Aero Ultra Steam e Aero Pro Steam, ampliando ainda mais o papel da limpeza dom\u00e9stica com vapor higi\u00eanico de alta temperatura. Desenvolvida com base na mais recente solu\u00e7\u00e3o de limpeza Tri-Force da Dreame, l\u00edder do setor, que combina vapor, \u00e1gua quente e espuma, a nova linha foi projetada para oferecer uma remo\u00e7\u00e3o de manchas mais eficaz, higieniza\u00e7\u00e3o mais completa e uma experi\u00eancia de limpeza geral mais avan\u00e7ada. Com pot\u00eancia de suc\u00e7\u00e3o de at\u00e9 30.000 Pa e um corpo ultrafino de 3,88 polegadas, os produtos foram concebidos para aliar uma poderosa efici\u00eancia de limpeza \u00e0 leveza e manobrabilidade, al\u00e9m de uma maior cobertura em ambientes dom\u00e9sticos complexos. O evento tamb\u00e9m apresentar\u00e1 em primeira m\u00e3o as mais recentes inova\u00e7\u00f5es exclusivas da Dreame, incluindo o sistema de esfregamento EdgeHunter(TM) e a tecnologia AirHydro Separation(TM), oferecendo ao p\u00fablico uma amostra da pr\u00f3xima gera\u00e7\u00e3o de inova\u00e7\u00f5es em cuidados com o piso.<\/p>\n<p>Al\u00e9m da apresenta\u00e7\u00e3o do produto, espera-se que uma lenda do basquete participe do lan\u00e7amento para uma conversa ao vivo no palco e uma experi\u00eancia pr\u00e1tica com o produto. De 27 a 30 de abril, o DREAME NEXT tamb\u00e9m reunir\u00e1 cientistas de renome, fundadores, celebridades internacionais e investidores para debates sobre tecnologias emergentes, tend\u00eancias do setor e o futuro da inova\u00e7\u00e3o em estilo de vida.<\/p>\n<p>A Dreame j\u00e1 tem um forte crescimento no mercado. Na Am\u00e9rica do Norte, o v\u00e1cuo seco \u00famido Dreame sustentou um crescimento de mais de 100% por 16 meses consecutivos. O Aero Pro, apresentado na CES 2026, rapidamente alcan\u00e7ou o topo do ranking de mais vendidos da Amazon e de v\u00e1rias listas de vendas do com\u00e9rcio eletr\u00f4nico, enquanto no TikTok manteve mais de 70% de participa\u00e7\u00e3o de mercado por seis meses consecutivos.<\/p>\n<p>Atualmente, o aspirador de s\u00f3lidos e l\u00edquidos Dreame \u00e9 l\u00edder em participa\u00e7\u00e3o de mercado em quase 20 pa\u00edses, contando com a confian\u00e7a de mais de 42 milh\u00f5es de fam\u00edlias em todo o mundo, e a marca conquistou importantes reconhecimentos, incluindo o ouro no New York Product Design Awards, o Pr\u00eamio de Inova\u00e7\u00e3o da CES 2026 e o Pr\u00eamio de Ouro da AWE, entre outros. Como l\u00edder em limpeza profunda instant\u00e2nea, o aspirador de s\u00f3lidos e l\u00edquidos da Dreame se empenha em continuar liderando o setor com inova\u00e7\u00f5es cada vez mais avan\u00e7adas.<\/p>\n<p>Foto &#8211; <a href=\"https:\/\/mma.prnewswire.com\/media\/2965653\/20260424_123545.jpg\" target=\"_blank\" rel=\"nofollow\">https:\/\/mma.prnewswire.com\/media\/2965653\/20260424_123545.jpg<\/a><\/p>\n<div class=\"PRN_ImbeddedAssetReference\" id=\"DivAssetPlaceHolder0\"><\/div>\n<p id=\"PURL\"><img loading=\"lazy\" decoding=\"async\" title=\"Cision\" width=\"12\" height=\"12\" alt=\"Cision\" src=\"https:\/\/edge.prnewswire.com\/c\/img\/favicon.png?sn=PT43375&amp;sd=2026-04-27\" \/> View original content to download multimedia:<a id=\"PRNURL\" rel=\"nofollow\" href=\"https:\/\/www.prnewswire.com\/br\/comunicados-para-a-imprensa\/a-dreame-apresentara-suas-mais-recentes-inovacoes-em-aspiradores-para-solidos-e-liquidos-no-vale-do-silicio-aproveitando-o-rapido-crescimento-que-vem-registrando-em-todo-o-mundo-302754164.html\" target=\"_blank\">https:\/\/www.prnewswire.com\/br\/comunicados-para-a-imprensa\/a-dreame-apresentara-suas-mais-recentes-inovacoes-em-aspiradores-para-solidos-e-liquidos-no-vale-do-silicio-aproveitando-o-rapido-crescimento-que-vem-registrando-em-todo-o-mundo-302754164.html<\/a><\/p>\n<p>FONTE Dreame<\/p>\n<\/div>\n<p>  <img decoding=\"async\" alt=\"\" src=\"https:\/\/rt.prnewswire.com\/rt.gif?NewsItemId=PT43375&amp;Transmission_Id=202604270713PR_NEWS_LATAM____PT43375&amp;DateId=20260427\" style=\"border:0px;width:1px;height:1px\" \/><\/p>\n<p><strong>T\u00f3picos Relacionados:<\/strong> Novos Produtos\/Servi\u00e7os, Produtos Dom\u00e9sticos, Eletr\u00f4nicos de Consumo, Computador\/Eletr\u00f4nica, Dom\u00e9stico\/Consumidor\/Cosm\u00e9ticos<\/p>\n<p>A <b>OESP<\/b> n\u00e3o \u00e9(s\u00e3o) respons\u00e1vel(is) por erros, incorre\u00e7\u00f5es, atrasos ou quaisquer decis\u00f5es tomadas por seus clientes com base nos Conte\u00fados ora disponibilizados, bem como tais Conte\u00fados n\u00e3o representam a opini\u00e3o da <b>OESP<\/b> e s\u00e3o de inteira responsabilidade da <b>PR Newswire Ltda<\/b><\/p>\n","protected":false},"excerpt":{"rendered":"S\u00c3O FRANCISCO, 27 de abril de 2026 \/PRNewswire\/ &#8212; Como parte do DREAME NEXT, o pr\u00f3ximo evento de lan\u00e7amento da Dreame no Vale do Sil\u00edcio, o aspirador para s\u00f3lidos e l\u00edquidos da Dreame","protected":false},"author":1,"featured_media":128297,"comment_status":"open","ping_status":"closed","sticky":false,"template":"","format":"standard","meta":{"_acf_changed":false,"inline_featured_image":false,"_monsterinsights_skip_tracking":false,"_monsterinsights_sitenote_active":false,"_monsterinsights_sitenote_note":"","_monsterinsights_sitenote_category":0,"footnotes":""},"categories":[27],"tags":[9102,9104,9103],"class_list":["post-128296","post","type-post","status-publish","format-standard","has-post-thumbnail","hentry","category-prnewswire","tag-como-parte-do-dreame-next","tag-o-aspirador-para-solidos-e-liquidos-da-dreame-sera-o-destaque-no-dia-28-de-abril-horario-d","tag-o-proximo-evento-de-lancamento-da-dreame-no-vale-do-silicio"],"acf":[],"_links":{"self":[{"href":"https:\/\/bluestudio.estadao.com.br\/agencia-de-comunicacao\/wp-json\/wp\/v2\/posts\/128296","targetHints":{"allow":["GET"]}}],"collection":[{"href":"https:\/\/bluestudio.estadao.com.br\/agencia-de-comunicacao\/wp-json\/wp\/v2\/posts"}],"about":[{"href":"https:\/\/bluestudio.estadao.com.br\/agencia-de-comunicacao\/wp-json\/wp\/v2\/types\/post"}],"author":[{"embeddable":true,"href":"https:\/\/bluestudio.estadao.com.br\/agencia-de-comunicacao\/wp-json\/wp\/v2\/users\/1"}],"replies":[{"embeddable":true,"href":"https:\/\/bluestudio.estadao.com.br\/agencia-de-comunicacao\/wp-json\/wp\/v2\/comments?post=128296"}],"version-history":[{"count":0,"href":"https:\/\/bluestudio.estadao.com.br\/agencia-de-comunicacao\/wp-json\/wp\/v2\/posts\/128296\/revisions"}],"wp:featuredmedia":[{"embeddable":true,"href":"https:\/\/bluestudio.estadao.com.br\/agencia-de-comunicacao\/wp-json\/wp\/v2\/media\/128297"}],"wp:attachment":[{"href":"https:\/\/bluestudio.estadao.com.br\/agencia-de-comunicacao\/wp-json\/wp\/v2\/media?parent=128296"}],"wp:term":[{"taxonomy":"category","embeddable":true,"href":"https:\/\/bluestudio.estadao.com.br\/agencia-de-comunicacao\/wp-json\/wp\/v2\/categories?post=128296"},{"taxonomy":"post_tag","embeddable":true,"href":"https:\/\/bluestudio.estadao.com.br\/agencia-de-comunicacao\/wp-json\/wp\/v2\/tags?post=128296"}],"curies":[{"name":"wp","href":"https:\/\/api.w.org\/{rel}","templated":true}]}}