{"id":128292,"date":"2026-04-27T07:27:00","date_gmt":"2026-04-27T10:27:00","guid":{"rendered":"https:\/\/bluestudio.estadao.com.br\/agencia-de-comunicacao\/prnewswire\/liderando-uma-nova-era-de-mobilidade-familiar-chery-tiggo-v-o-veiculo-da-familia-3-em-1-estreia-na-autochina2026\/"},"modified":"2026-04-27T07:27:00","modified_gmt":"2026-04-27T10:27:00","slug":"liderando-uma-nova-era-de-mobilidade-familiar-chery-tiggo-v-o-veiculo-da-familia-3-em-1-estreia-na-autochina2026","status":"publish","type":"post","link":"https:\/\/bluestudio.estadao.com.br\/agencia-de-comunicacao\/prnewswire\/liderando-uma-nova-era-de-mobilidade-familiar-chery-tiggo-v-o-veiculo-da-familia-3-em-1-estreia-na-autochina2026\/","title":{"rendered":"Liderando uma nova era de mobilidade familiar! CHERY Tiggo V, o ve\u00edculo da fam\u00edlia 3 em 1, estreia na AutoChina2026"},"content":{"rendered":"\n<div class=\"xn-content\">\n<span class=\"legendSpanClass\">PEQUIM<\/span>, <span class=\"legendSpanClass\">27 de abril de 2026<\/span> \/PRNewswire\/ &#8212; Em 24 de abril, o 18\u00ba AutoChina2026 come\u00e7ou oficialmente. A MARCA CHERY fez uma estreia impressionante com o Tiggo V, o primeiro SUV familiar multifuncional transform\u00e1vel da fam\u00edlia Tiggo. Como um modelo inovador que preenche a lacuna no segmento global de ve\u00edculos multiuso, o Tiggo V oferece solu\u00e7\u00f5es de mobilidade mais flex\u00edveis e pr\u00e1ticas para usu\u00e1rios familiares em todo o mundo.<\/p>\n<p>O CEO da CHERY Brand, Jeff ZHANG, afirmou que todas as inova\u00e7\u00f5es da marca est\u00e3o enraizadas na aspira\u00e7\u00e3o original da For Family. Este n\u00e3o \u00e9 um slogan, mas um compromisso de proteger as viagens em fam\u00edlia com qualidade confi\u00e1vel e tecnologia calorosa, e o Tiggo V \u00e9 a realiza\u00e7\u00e3o concreta dessa promessa. A letra &#8220;V&#8221; no nome do modelo carrega tr\u00eas significados principais: Versatilidade, Valor e Vit\u00f3ria, representando que este \u00fanico ve\u00edculo se adapta a todos os cen\u00e1rios para toda a fam\u00edlia, alivia os encargos para as fam\u00edlias e acompanha as fam\u00edlias em dire\u00e7\u00e3o a uma vida melhor.<\/p>\n<div class=\"PRN_ImbeddedAssetReference\" id=\"DivAssetPlaceHolder6311\">\n<a href=\"https:\/\/mma.prnewswire.com\/media\/2965748\/1.html\" target=\"_blank\" rel=\"nofollow\"><img decoding=\"async\" src=\"https:\/\/mma.prnewswire.com\/media\/2965748\/1.jpg\" title=\"Jeff ZHANG, CEO da CHERY Brand revela o Tiggo V (PRNewsfoto\/Chery Automobile Co., Ltd.)\" alt=\"Jeff ZHANG, CEO da CHERY Brand revela o Tiggo V (PRNewsfoto\/Chery Automobile Co., Ltd.)\" \/><\/a><\/p>\n<\/div>\n<p>O Tiggo V pode alternar livremente entre tr\u00eas modos: SUV, MPV e PUP. No modo SUV, ele tem uma dist\u00e2ncia ao solo de 220 mm. A vers\u00e3o PHEV tem uma profundidade de passagem de 700 mm, enquanto a vers\u00e3o ICE tem 650 mm. Emparelhado com a tecnologia de estacionamento inteligente APA (Automatic Parking Assist) e RPA (Remote Parking Assist), ele equilibra alta passabilidade e mobilidade inteligente. No modo MPV, a dist\u00e2ncia entre eixos de 2800 mm cria um verdadeiro layout de 3 linhas e 7 lugares. Os 42 espa\u00e7os de arruma\u00e7\u00e3o e a cabine saud\u00e1vel N95 garantem conforto total. No modo PUP, a barreira de desprendimento r\u00e1pido expande a capacidade de carga e os kits originais da f\u00e1brica podem se adaptar a cen\u00e1rios externos e de carga sem modifica\u00e7\u00f5es adicionais.<\/p>\n<p>Alimentado pelo sistema h\u00edbrido eficiente <b>CHERY Super Hybrid (CSH)<\/b> de sexta gera\u00e7\u00e3o da Chery, o Tiggo V atinge um equil\u00edbrio ideal entre pot\u00eancia forte e baixo consumo de combust\u00edvel, enquanto o chassi de alta folga se adapta a todas as condi\u00e7\u00f5es da estrada. Como o primeiro modelo completo orientado para a fam\u00edlia lan\u00e7ado ap\u00f3s o &#8220;<b>Plano de Dez Milh\u00f5es de Cartas Familiares 2030<\/b>&#8220;, o Tiggo V pratica a filosofia For Family por meio de inova\u00e7\u00e3o baseada em cen\u00e1rios, ajudando a CHERY a consolidar ainda mais sua presen\u00e7a no mercado global de mobilidade familiar.<\/p>\n<p>Foto &#8211; <a href=\"https:\/\/mma.prnewswire.com\/media\/2965748\/1.jpg\" target=\"_blank\" rel=\"nofollow\">https:\/\/mma.prnewswire.com\/media\/2965748\/1.jpg<\/a><\/p>\n<div class=\"PRN_ImbeddedAssetReference\" id=\"DivAssetPlaceHolder0\"><\/div>\n<p id=\"PURL\"><img loading=\"lazy\" decoding=\"async\" title=\"Cision\" width=\"12\" height=\"12\" alt=\"Cision\" src=\"https:\/\/edge.prnewswire.com\/c\/img\/favicon.png?sn=PT43589&amp;sd=2026-04-27\" \/> View original content to download multimedia:<a id=\"PRNURL\" rel=\"nofollow\" href=\"https:\/\/www.prnewswire.com\/br\/comunicados-para-a-imprensa\/liderando-uma-nova-era-de-mobilidade-familiar-chery-tiggo-v-o-veiculo-da-familia-3-em-1-estreia-na-autochina2026-302754129.html\" target=\"_blank\">https:\/\/www.prnewswire.com\/br\/comunicados-para-a-imprensa\/liderando-uma-nova-era-de-mobilidade-familiar-chery-tiggo-v-o-veiculo-da-familia-3-em-1-estreia-na-autochina2026-302754129.html<\/a><\/p>\n<p>FONTE Chery Automobile Co., Ltd.<\/p>\n<\/div>\n<p>  <img decoding=\"async\" alt=\"\" src=\"https:\/\/rt.prnewswire.com\/rt.gif?NewsItemId=PT43589&amp;Transmission_Id=202604270621PR_NEWS_LATAM____PT43589&amp;DateId=20260427\" style=\"border:0px;width:1px;height:1px\" \/><\/p>\n<p><strong>T\u00f3picos Relacionados:<\/strong> Novos Produtos\/Servi\u00e7os, Not\u00edcias de Feiras Comerciais, Transporte \/ Caminh\u00f5es \/ Ferrovias, Automotivo<\/p>\n<p>A <b>OESP<\/b> n\u00e3o \u00e9(s\u00e3o) respons\u00e1vel(is) por erros, incorre\u00e7\u00f5es, atrasos ou quaisquer decis\u00f5es tomadas por seus clientes com base nos Conte\u00fados ora disponibilizados, bem como tais Conte\u00fados n\u00e3o representam a opini\u00e3o da <b>OESP<\/b> e s\u00e3o de inteira responsabilidade da <b>PR Newswire Ltda<\/b><\/p>\n","protected":false},"excerpt":{"rendered":"PEQUIM, 27 de abril de 2026 \/PRNewswire\/ &#8212; Em 24 de abril, o 18\u00ba AutoChina2026 come\u00e7ou oficialmente. A MARCA CHERY fez uma estreia impressionante com o Tiggo V, o primeiro SUV familiar","protected":false},"author":1,"featured_media":128293,"comment_status":"open","ping_status":"closed","sticky":false,"template":"","format":"standard","meta":{"_acf_changed":false,"inline_featured_image":false,"_monsterinsights_skip_tracking":false,"_monsterinsights_sitenote_active":false,"_monsterinsights_sitenote_note":"","_monsterinsights_sitenote_category":0,"footnotes":""},"categories":[27],"tags":[9081,9100,9101],"class_list":["post-128292","post","type-post","status-publish","format-standard","has-post-thumbnail","hentry","category-prnewswire","tag-em-24-de-abril","tag-o-18o-autochina2026-comecou-oficialmente-a-marca-chery-fez-uma-estreia-impressionante-com-o-tiggo-v","tag-o-primeiro-suv-familiar-multifuncional-transformavel-da-famil"],"acf":[],"_links":{"self":[{"href":"https:\/\/bluestudio.estadao.com.br\/agencia-de-comunicacao\/wp-json\/wp\/v2\/posts\/128292","targetHints":{"allow":["GET"]}}],"collection":[{"href":"https:\/\/bluestudio.estadao.com.br\/agencia-de-comunicacao\/wp-json\/wp\/v2\/posts"}],"about":[{"href":"https:\/\/bluestudio.estadao.com.br\/agencia-de-comunicacao\/wp-json\/wp\/v2\/types\/post"}],"author":[{"embeddable":true,"href":"https:\/\/bluestudio.estadao.com.br\/agencia-de-comunicacao\/wp-json\/wp\/v2\/users\/1"}],"replies":[{"embeddable":true,"href":"https:\/\/bluestudio.estadao.com.br\/agencia-de-comunicacao\/wp-json\/wp\/v2\/comments?post=128292"}],"version-history":[{"count":0,"href":"https:\/\/bluestudio.estadao.com.br\/agencia-de-comunicacao\/wp-json\/wp\/v2\/posts\/128292\/revisions"}],"wp:featuredmedia":[{"embeddable":true,"href":"https:\/\/bluestudio.estadao.com.br\/agencia-de-comunicacao\/wp-json\/wp\/v2\/media\/128293"}],"wp:attachment":[{"href":"https:\/\/bluestudio.estadao.com.br\/agencia-de-comunicacao\/wp-json\/wp\/v2\/media?parent=128292"}],"wp:term":[{"taxonomy":"category","embeddable":true,"href":"https:\/\/bluestudio.estadao.com.br\/agencia-de-comunicacao\/wp-json\/wp\/v2\/categories?post=128292"},{"taxonomy":"post_tag","embeddable":true,"href":"https:\/\/bluestudio.estadao.com.br\/agencia-de-comunicacao\/wp-json\/wp\/v2\/tags?post=128292"}],"curies":[{"name":"wp","href":"https:\/\/api.w.org\/{rel}","templated":true}]}}