{"id":128287,"date":"2026-04-26T21:57:00","date_gmt":"2026-04-27T00:57:00","guid":{"rendered":"https:\/\/bluestudio.estadao.com.br\/agencia-de-comunicacao\/prnewswire\/auto-china-2026-a-gac-aprimora-sua-estrategia-global-e-acelera-sua-ascensao-a-vanguarda-das-potencias-exportadoras-de-automoveis-da-china\/"},"modified":"2026-04-26T21:57:00","modified_gmt":"2026-04-27T00:57:00","slug":"auto-china-2026-a-gac-aprimora-sua-estrategia-global-e-acelera-sua-ascensao-a-vanguarda-das-potencias-exportadoras-de-automoveis-da-china","status":"publish","type":"post","link":"https:\/\/bluestudio.estadao.com.br\/agencia-de-comunicacao\/prnewswire\/auto-china-2026-a-gac-aprimora-sua-estrategia-global-e-acelera-sua-ascensao-a-vanguarda-das-potencias-exportadoras-de-automoveis-da-china\/","title":{"rendered":"Auto China 2026: A GAC aprimora sua estrat\u00e9gia global e acelera sua ascens\u00e3o \u00e0 vanguarda das pot\u00eancias exportadoras de autom\u00f3veis da China"},"content":{"rendered":"\n<div class=\"xn-content\">\n<span class=\"legendSpanClass\">PEQUIM<\/span>, <span class=\"legendSpanClass\">26 de abril de 2026<\/span> \/PRNewswire\/ &#8212; No dia 24 de abril, no Auto China 2026, a GAC International realizou seu primeiro evento global dedicado ao lan\u00e7amento, revelando um sistema de estrat\u00e9gia global aprimorado. O evento atraiu um p\u00fablico maior do que nunca, com aproximadamente 330 participantes &#8211; incluindo representantes de concession\u00e1rias, parceiros-chave e m\u00eddia nacional e internacional &#8211; reunidos no estande da GAC para abrir conjuntamente um novo cap\u00edtulo na jornada global da empresa. O evento de lan\u00e7amento utilizou quatro palavras-chave &#8211; Artesanato, Confian\u00e7a, Tecnologia e Ecossistema &#8211; para delinear o roteiro global de atua\u00e7\u00e3o da GAC, explicando sistematicamente sua dire\u00e7\u00e3o estrat\u00e9gica de integra\u00e7\u00e3o ao mundo por meio da globaliza\u00e7\u00e3o de cadeia completa, e estabelecendo a meta de se tornar uma das l\u00edderes entre as exportadoras automotivas da China at\u00e9 2030.<\/p>\n<div id=\"prni_dvprnejpg701dleft\" dir=\"ltr\" style=\"width: 100%;text-align: left\"><img decoding=\"async\" id=\"prnejpg701dleft\" title=\"\" src=\"https:\/\/mma.prnewswire.com\/media\/2965162\/1.jpg\" alt=\"\" align=\"middle\" \/><\/div>\n<p>Tr\u00eas modelos principais destinados aos mercados globais &#8211; GAC YUE7, AION i60 e AION N60 &#8211; ocuparam o centro das aten\u00e7\u00f5es, atraindo multid\u00f5es de visitantes estrangeiros, m\u00eddia e convidados que pararam para conferir a exposi\u00e7\u00e3o, dando ao evento um verdadeiro clima internacional. A apresenta\u00e7\u00e3o desses tr\u00eas modelos marca o in\u00edcio oficial da era global de mobilidade &#8220;categoria completa, motoriza\u00e7\u00e3o completa e todos os cen\u00e1rios&#8221; da GAC. Em 2026, a GAC International continuar\u00e1 mantendo uma vis\u00e3o de longo prazo, impulsionando a mobilidade com tecnologia, garantindo confian\u00e7a por meio da qualidade e criando um futuro melhor com a\u00e7\u00f5es.<\/p>\n<p>O setor automotivo global enfrenta atualmente oportunidades hist\u00f3ricas provenientes da converg\u00eancia tecnol\u00f3gica e da transforma\u00e7\u00e3o energ\u00e9tica. Para a GAC, a internacionaliza\u00e7\u00e3o \u00e9 o &#8220;salto cr\u00edtico&#8221; que determinar\u00e1 seu futuro patamar &#8211; uma escolha estrat\u00e9gica para passar de &#8220;lideran\u00e7a na China&#8221; para &#8220;classe mundial&#8221;, e o segundo motor de crescimento para &#8220;Reconstruindo uma Nova GAC&#8221;. A verdadeira globaliza\u00e7\u00e3o n\u00e3o \u00e9 simplesmente exportar produtos, mas integrar-se e servir o mundo com um conceito de &#8220;globaliza\u00e7\u00e3o sistem\u00e1tica&#8221;.<\/p>\n<p>De &#8220;Manufatura Inteligente na China&#8221; para &#8220;Confi\u00e1vel Globalmente&#8221;, a GAC est\u00e1 acelerando sua integra\u00e7\u00e3o ao novo cen\u00e1rio do setor automotivo global com determina\u00e7\u00e3o estrat\u00e9gica, bases tecnol\u00f3gicas s\u00f3lidas e profunda atua\u00e7\u00e3o local. No futuro, a GAC continuar\u00e1 trabalhando com parceiros globais para permitir que consumidores em todo o mundo compartilhem os avan\u00e7os tecnol\u00f3gicos da China, criando conjuntamente valor em mobilidade de baixo carbono, verde e inteligente para uma vida melhor.<\/p>\n<p>Para mais informa\u00e7\u00f5es sobre a GAC, acesse: <a href=\"https:\/\/www.gacgroup.com\/en\" target=\"_blank\" rel=\"nofollow\">https:\/\/www.gacgroup.com\/en<\/a> ou siga-nos nas redes sociais.<\/p>\n<p>Foto &#8211; <a href=\"https:\/\/mma.prnewswire.com\/media\/2965162\/1.jpg\" target=\"_blank\" rel=\"nofollow\">https:\/\/mma.prnewswire.com\/media\/2965162\/1.jpg<\/a><\/p>\n<p id=\"PURL\"><img loading=\"lazy\" decoding=\"async\" title=\"Cision\" width=\"12\" height=\"12\" alt=\"Cision\" src=\"https:\/\/edge.prnewswire.com\/c\/img\/favicon.png?sn=PT42983&amp;sd=2026-04-26\" \/> View original content:<a id=\"PRNURL\" rel=\"nofollow\" href=\"https:\/\/www.prnewswire.com\/br\/comunicados-para-a-imprensa\/auto-china-2026-a-gac-aprimora-sua-estrategia-global-e-acelera-sua-ascensao-a-vanguarda-das-potencias-exportadoras-de-automoveis-da-china-302753828.html\" target=\"_blank\">https:\/\/www.prnewswire.com\/br\/comunicados-para-a-imprensa\/auto-china-2026-a-gac-aprimora-sua-estrategia-global-e-acelera-sua-ascensao-a-vanguarda-das-potencias-exportadoras-de-automoveis-da-china-302753828.html<\/a><\/p>\n<p>FONTE GAC<\/p>\n<\/div>\n<p>  <img decoding=\"async\" alt=\"\" src=\"https:\/\/rt.prnewswire.com\/rt.gif?NewsItemId=PT42983&amp;Transmission_Id=202604262045PR_NEWS_LATAM____PT42983&amp;DateId=20260426\" style=\"border:0px;width:1px;height:1px\" \/><\/p>\n<p><strong>T\u00f3picos Relacionados:<\/strong> Not\u00edcias de Feiras Comerciais, Transporte \/ Caminh\u00f5es \/ Ferrovias, Automotivo, Fabrica\u00e7\u00e3o Geral<\/p>\n<p>A <b>OESP<\/b> n\u00e3o \u00e9(s\u00e3o) respons\u00e1vel(is) por erros, incorre\u00e7\u00f5es, atrasos ou quaisquer decis\u00f5es tomadas por seus clientes com base nos Conte\u00fados ora disponibilizados, bem como tais Conte\u00fados n\u00e3o representam a opini\u00e3o da <b>OESP<\/b> e s\u00e3o de inteira responsabilidade da <b>PR Newswire Ltda<\/b><\/p>\n","protected":false},"excerpt":{"rendered":"PEQUIM, 26 de abril de 2026 \/PRNewswire\/ &#8212; No dia 24 de abril, no Auto China 2026, a GAC International realizou seu primeiro evento global dedicado ao lan\u00e7amento, revelando um sistema de","protected":false},"author":1,"featured_media":128288,"comment_status":"open","ping_status":"closed","sticky":false,"template":"","format":"standard","meta":{"_acf_changed":false,"inline_featured_image":false,"_monsterinsights_skip_tracking":false,"_monsterinsights_sitenote_active":false,"_monsterinsights_sitenote_note":"","_monsterinsights_sitenote_category":0,"footnotes":""},"categories":[27],"tags":[9098,9097,9096,9099],"class_list":["post-128287","post","type-post","status-publish","format-standard","has-post-thumbnail","hentry","category-prnewswire","tag-a-gac-international-realizou-seu-primeiro-evento-global-dedicado-ao-lancamento","tag-no-auto-china-2026","tag-no-dia-24-de-abril","tag-revelando-um-sistema-de-estrategia-global-aprimorado-o-eve"],"acf":[],"_links":{"self":[{"href":"https:\/\/bluestudio.estadao.com.br\/agencia-de-comunicacao\/wp-json\/wp\/v2\/posts\/128287","targetHints":{"allow":["GET"]}}],"collection":[{"href":"https:\/\/bluestudio.estadao.com.br\/agencia-de-comunicacao\/wp-json\/wp\/v2\/posts"}],"about":[{"href":"https:\/\/bluestudio.estadao.com.br\/agencia-de-comunicacao\/wp-json\/wp\/v2\/types\/post"}],"author":[{"embeddable":true,"href":"https:\/\/bluestudio.estadao.com.br\/agencia-de-comunicacao\/wp-json\/wp\/v2\/users\/1"}],"replies":[{"embeddable":true,"href":"https:\/\/bluestudio.estadao.com.br\/agencia-de-comunicacao\/wp-json\/wp\/v2\/comments?post=128287"}],"version-history":[{"count":0,"href":"https:\/\/bluestudio.estadao.com.br\/agencia-de-comunicacao\/wp-json\/wp\/v2\/posts\/128287\/revisions"}],"wp:featuredmedia":[{"embeddable":true,"href":"https:\/\/bluestudio.estadao.com.br\/agencia-de-comunicacao\/wp-json\/wp\/v2\/media\/128288"}],"wp:attachment":[{"href":"https:\/\/bluestudio.estadao.com.br\/agencia-de-comunicacao\/wp-json\/wp\/v2\/media?parent=128287"}],"wp:term":[{"taxonomy":"category","embeddable":true,"href":"https:\/\/bluestudio.estadao.com.br\/agencia-de-comunicacao\/wp-json\/wp\/v2\/categories?post=128287"},{"taxonomy":"post_tag","embeddable":true,"href":"https:\/\/bluestudio.estadao.com.br\/agencia-de-comunicacao\/wp-json\/wp\/v2\/tags?post=128287"}],"curies":[{"name":"wp","href":"https:\/\/api.w.org\/{rel}","templated":true}]}}