{"id":128275,"date":"2026-04-26T10:12:00","date_gmt":"2026-04-26T13:12:00","guid":{"rendered":"https:\/\/bluestudio.estadao.com.br\/agencia-de-comunicacao\/prnewswire\/inovar-em-saude-comeca-com-a-criacao-das-condicoes-adequadas\/"},"modified":"2026-04-26T10:12:00","modified_gmt":"2026-04-26T13:12:00","slug":"inovar-em-saude-comeca-com-a-criacao-das-condicoes-adequadas","status":"publish","type":"post","link":"https:\/\/bluestudio.estadao.com.br\/agencia-de-comunicacao\/prnewswire\/inovar-em-saude-comeca-com-a-criacao-das-condicoes-adequadas\/","title":{"rendered":"Inovar em sa\u00fade come\u00e7a com a cria\u00e7\u00e3o das condi\u00e7\u00f5es adequadas"},"content":{"rendered":"\n<div class=\"xn-content\">\n<span class=\"legendSpanClass\">BOGOTA, Colombia<\/span>, <span class=\"legendSpanClass\">26 de abril de 2026<\/span> \/PRNewswire\/ &#8212; No \u00e2mbito do <b>Dia Mundial da Propriedade Intelectual (26 de abril)<\/b>, a FIFARMA, Federa\u00e7\u00e3o Latino-Americana da Ind\u00fastria Farmac\u00eautica, destaca uma mensagem-chave: a inova\u00e7\u00e3o em sa\u00fade s\u00f3 \u00e9 poss\u00edvel quando existem as condi\u00e7\u00f5es adequadas.<\/p>\n<p>Por tr\u00e1s de cada tratamento, vacina ou avan\u00e7o cient\u00edfico h\u00e1 anos de pesquisa, talento e colabora\u00e7\u00e3o. Mas para que esse esfor\u00e7o se traduza em solu\u00e7\u00f5es reais para os pacientes, s\u00e3o necess\u00e1rias condi\u00e7\u00f5es que o tornem poss\u00edvel.<\/p>\n<p>Nesse contexto, a propriedade intelectual desempenha um papel fundamental. Longe de ser um conceito abstrato, \u00e9 uma ferramenta que protege o conhecimento, impulsiona o investimento e permite que a ci\u00eancia avance e chegue a quem precisa.<\/p>\n<p>&#8220;Cada inova\u00e7\u00e3o em sa\u00fade tem por tr\u00e1s uma enorme cadeia humana. A propriedade intelectual faz parte das condi\u00e7\u00f5es que permitem que esse esfor\u00e7o se traduza em bem-estar e desenvolvimento para a regi\u00e3o&#8221;, <b>afirmou Yaneth Giha, Diretora Executiva da FIFARMA.<\/b><\/p>\n<p>Essas condi\u00e7\u00f5es tamb\u00e9m impactam diretamente o desenvolvimento dos pa\u00edses. Aqueles com marcos s\u00f3lidos de propriedade intelectual conseguem atrair mais investimento em pesquisa e desenvolvimento, fortalecer seus ecossistemas de inova\u00e7\u00e3o e ampliar o acesso a novas tecnologias em sa\u00fade.<\/p>\n<p>No entanto, a Am\u00e9rica Latina ainda enfrenta desafios importantes. De acordo com o <b>Relat\u00f3rio de Competitividade e Investimento Biofarmac\u00eautico (BCI 2025), a regi\u00e3o atinge uma m\u00e9dia de 59% <\/b>em competitividade, abaixo de economias l\u00edderes (75%-85%). Entre as principais lacunas est\u00e3o o acesso ao mercado e a prote\u00e7\u00e3o da propriedade intelectual.<\/p>\n<p>&#8220;Falar de propriedade intelectual em sa\u00fade \u00e9 falar das condi\u00e7\u00f5es para avan\u00e7ar. Onde h\u00e1 regras claras, h\u00e1 mais inova\u00e7\u00e3o, mais investimento e melhor acesso para os pacientes&#8221;, <b>explicou Raquel Sorza, Diretora de Pol\u00edticas de Sa\u00fade da FIFARMA.<\/b> <\/p>\n<p>Apesar dessas lacunas, a regi\u00e3o tem alto potencial: talento cient\u00edfico, diversidade e capacidades em crescimento. Quando essas for\u00e7as s\u00e3o combinadas com as condi\u00e7\u00f5es adequadas, a inova\u00e7\u00e3o acontece.<\/p>\n<p>Iniciativas como o <b>Latam Health Champions<\/b>, um programa da FIFARMA que identifica, apoia e conecta solu\u00e7\u00f5es inovadoras em sa\u00fade na Am\u00e9rica Latina, refletem esse potencial em a\u00e7\u00e3o. Em sua edi\u00e7\u00e3o de 2026, a <b>convocat\u00f3ria recebeu 234 inscri\u00e7\u00f5es de 11 pa\u00edses, e oito iniciativas vencedoras participar\u00e3o de uma miss\u00e3o a Boston <\/b>para fortalecer seus projetos e se conectar com ecossistemas globais de inova\u00e7\u00e3o.<\/p>\n<p>Porque a inova\u00e7\u00e3o em sa\u00fade n\u00e3o acontece por acaso: acontece quando existem as condi\u00e7\u00f5es para torn\u00e1-la poss\u00edvel. Neste Dia Mundial da Propriedade Intelectual, o chamado \u00e9 reconhecer e fortalecer essas condi\u00e7\u00f5es para continuar avan\u00e7ando.<\/p>\n<p><b>Sobre a FIFARMA <br \/><\/b>A FIFARMA \u00e9 a <b>Federa\u00e7\u00e3o Latino-Americana da Ind\u00fastria Farmac\u00eautica.<\/b> Re\u00fane associa\u00e7\u00f5es locais e empresas farmac\u00eauticas de pesquisa e desenvolvimento da Am\u00e9rica Latina e do Caribe, trabalhando para promover a pesquisa cient\u00edfica, o bem-estar dos pacientes e ecossistemas de sa\u00fade mais sustent\u00e1veis na regi\u00e3o. A FIFARMA promove o acesso \u00e0 inova\u00e7\u00e3o, o reconhecimento do valor da propriedade intelectual e solu\u00e7\u00f5es que contribuam para melhores sistemas de sa\u00fade para os latino-americanos.<\/p>\n<p><b>Refer\u00eancias <br \/><\/b>FIFARMA e Pugatch Consilium. <b>Relat\u00f3rio de Competitividade e Investimento Biofarmac\u00eautico 2025 (BCI). 2025<\/b>. O estudo analisa o ambiente de investimento em sa\u00fade na Am\u00e9rica Latina e avalia fatores como capacidade cient\u00edfica, pesquisa cl\u00ednica, efici\u00eancia regulat\u00f3ria, acesso ao mercado e prote\u00e7\u00e3o da propriedade intelectual.<\/p>\n<p><b>Latam Health Champions:<\/b> Site oficial: <a href=\"https:\/\/www.latamhealthchampions.com\/\" target=\"_blank\" rel=\"nofollow\">www.latamhealthchampions.com<\/a><\/p>\n<p id=\"PURL\"><img loading=\"lazy\" decoding=\"async\" title=\"Cision\" width=\"12\" height=\"12\" alt=\"Cision\" src=\"https:\/\/edge.prnewswire.com\/c\/img\/favicon.png?sn=PT39792&amp;sd=2026-04-26\" \/> View original content:<a id=\"PRNURL\" rel=\"nofollow\" href=\"https:\/\/www.prnewswire.com\/br\/comunicados-para-a-imprensa\/inovar-em-saude-comeca-com-a-criacao-das-condicoes-adequadas-302748895.html\" target=\"_blank\">https:\/\/www.prnewswire.com\/br\/comunicados-para-a-imprensa\/inovar-em-saude-comeca-com-a-criacao-das-condicoes-adequadas-302748895.html<\/a><\/p>\n<p>FONTE FIFARMA<\/p>\n<\/div>\n<p>  <img decoding=\"async\" alt=\"\" src=\"https:\/\/rt.prnewswire.com\/rt.gif?NewsItemId=PT39792&amp;Transmission_Id=202604260900PR_NEWS_LATAM____PT39792&amp;DateId=20260426\" style=\"border:0px;width:1px;height:1px\" \/><\/p>\n<p><strong>T\u00f3picos Relacionados:<\/strong> M\u00e9dico \/ Farmac\u00eautico, Produtos Farmac\u00eauticos, Sa\u00fade\/Hospitais<\/p>\n<p>A <b>OESP<\/b> n\u00e3o \u00e9(s\u00e3o) respons\u00e1vel(is) por erros, incorre\u00e7\u00f5es, atrasos ou quaisquer decis\u00f5es tomadas por seus clientes com base nos Conte\u00fados ora disponibilizados, bem como tais Conte\u00fados n\u00e3o representam a opini\u00e3o da <b>OESP<\/b> e s\u00e3o de inteira responsabilidade da <b>PR Newswire Ltda<\/b><\/p>\n","protected":false},"excerpt":{"rendered":"BOGOTA, Colombia, 26 de abril de 2026 \/PRNewswire\/ &#8212; No \u00e2mbito do Dia Mundial da Propriedade Intelectual (26 de abril), a FIFARMA, Federa\u00e7\u00e3o Latino-Americana da Ind\u00fastria Farmac\u00eautica,","protected":false},"author":1,"featured_media":128276,"comment_status":"open","ping_status":"closed","sticky":false,"template":"","format":"standard","meta":{"_acf_changed":false,"inline_featured_image":false,"_monsterinsights_skip_tracking":false,"_monsterinsights_sitenote_active":false,"_monsterinsights_sitenote_note":"","_monsterinsights_sitenote_category":0,"footnotes":""},"categories":[27],"tags":[9086,9088,9087,9085],"class_list":["post-128275","post","type-post","status-publish","format-standard","has-post-thumbnail","hentry","category-prnewswire","tag-a-fifarma","tag-destaca-uma-mensagem-chave-a-inovacao-e","tag-federacao-latino-americana-da-industria-farmaceutica","tag-no-ambito-do-dia-mundial-da-propriedade-intelectual-26-de-abril"],"acf":[],"_links":{"self":[{"href":"https:\/\/bluestudio.estadao.com.br\/agencia-de-comunicacao\/wp-json\/wp\/v2\/posts\/128275","targetHints":{"allow":["GET"]}}],"collection":[{"href":"https:\/\/bluestudio.estadao.com.br\/agencia-de-comunicacao\/wp-json\/wp\/v2\/posts"}],"about":[{"href":"https:\/\/bluestudio.estadao.com.br\/agencia-de-comunicacao\/wp-json\/wp\/v2\/types\/post"}],"author":[{"embeddable":true,"href":"https:\/\/bluestudio.estadao.com.br\/agencia-de-comunicacao\/wp-json\/wp\/v2\/users\/1"}],"replies":[{"embeddable":true,"href":"https:\/\/bluestudio.estadao.com.br\/agencia-de-comunicacao\/wp-json\/wp\/v2\/comments?post=128275"}],"version-history":[{"count":0,"href":"https:\/\/bluestudio.estadao.com.br\/agencia-de-comunicacao\/wp-json\/wp\/v2\/posts\/128275\/revisions"}],"wp:featuredmedia":[{"embeddable":true,"href":"https:\/\/bluestudio.estadao.com.br\/agencia-de-comunicacao\/wp-json\/wp\/v2\/media\/128276"}],"wp:attachment":[{"href":"https:\/\/bluestudio.estadao.com.br\/agencia-de-comunicacao\/wp-json\/wp\/v2\/media?parent=128275"}],"wp:term":[{"taxonomy":"category","embeddable":true,"href":"https:\/\/bluestudio.estadao.com.br\/agencia-de-comunicacao\/wp-json\/wp\/v2\/categories?post=128275"},{"taxonomy":"post_tag","embeddable":true,"href":"https:\/\/bluestudio.estadao.com.br\/agencia-de-comunicacao\/wp-json\/wp\/v2\/tags?post=128275"}],"curies":[{"name":"wp","href":"https:\/\/api.w.org\/{rel}","templated":true}]}}