{"id":128243,"date":"2026-04-24T13:42:00","date_gmt":"2026-04-24T16:42:00","guid":{"rendered":"https:\/\/bluestudio.estadao.com.br\/agencia-de-comunicacao\/releases\/releases-economia\/ibiti-alto-da-boa-vista-valoriza-natureza-e-bem-estar\/"},"modified":"2026-04-24T13:42:00","modified_gmt":"2026-04-24T16:42:00","slug":"ibiti-alto-da-boa-vista-valoriza-natureza-e-bem-estar","status":"publish","type":"post","link":"https:\/\/bluestudio.estadao.com.br\/agencia-de-comunicacao\/releases\/releases-economia\/ibiti-alto-da-boa-vista-valoriza-natureza-e-bem-estar\/","title":{"rendered":"Ibiti Alto da Boa Vista valoriza natureza e bem-estar"},"content":{"rendered":"<p>Empreendimento da Fibra Experts oferece horizonte amplo &#8211; tanto no sentido literal quanto figurado.<\/p>\n<p>Se h\u00e1 uma palavra que sintetiza o Ibiti Alto da Boa Vista, empreendimento imobili\u00e1rio da Fibra Experts, \u00e9 consist\u00eancia. O projeto foi concebido como um sistema integrado, em que arquitetura, natureza e uso cotidiano funcionam de forma complementar. &#8220;S\u00e3o atributos que o posicionam n\u00e3o apenas como nosso maior lan\u00e7amento at\u00e9 hoje, mas como um marco da nossa trajet\u00f3ria de duas d\u00e9cadas&#8221;, diz a CEO da Fibra, Fernanda Fontes.<\/p>\n<p>Os n\u00fameros s\u00e3o expressivos &#8211; a come\u00e7ar pelo terreno amplo, com mais de 6 mil m\u00b2, uma raridade na capital paulista. A torre de 127 metros abrigar\u00e1 plantas inteligentes e vers\u00e1teis, com \u00e1reas entre 57 m\u00b2 e 114 m\u00b2. S\u00e3o apartamentos que se adaptam a diferentes necessidades e desejos &#8211; todos com terra\u00e7o, ilumina\u00e7\u00e3o natural e ventila\u00e7\u00e3o cruzada. A arquitetura \u00e9 assinada pelo escrit\u00f3rio K\u00f6nigsberger Vannucchi, com interiores da TODOS Arquitetura e paisagismo de Benedito Abbud.<\/p>\n<p>A ampla vis\u00e3o, tanto nas unidades quanto nas \u00e1reas comuns, \u00e9 um diferencial relevante em uma metr\u00f3pole como S\u00e3o Paulo, com impacto direto na qualidade de vida, j\u00e1 que reduz a percep\u00e7\u00e3o de confinamento urbano. &#8220;\u00c9 uma forma de reconectar o morador ao horizonte, algo cada vez mais dif\u00edcil de desfrutar nas grandes cidades&#8221;, observa Fernanda.<\/p>\n<p>Lazer, bem-estar e esporte<br \/>\nO Ibiti soma 5 mil m\u00b2 dedicados ao lazer e ao bem-estar, em tr\u00eas n\u00edveis. O Bosque, no pavimento t\u00e9rreo, ser\u00e1 composto por 900 m\u00b2 de pleno contato com a natureza &#8211; uma verdadeira floresta em meio \u00e0 cidade, inteiramente constru\u00edda a partir do zero, com mais de 90 \u00e1rvores, incluindo esp\u00e9cies como ip\u00eas e jabuticabeiras. J\u00e1 o Planalto, clube privativo para os moradores no 5o pavimento, \u00e9 um n\u00facleo social e esportivo, com piscinas, quadras, spa e espa\u00e7os de encontro. H\u00e1 ainda o Mirante (rooftop), \u00e1rea contemplativa com vista panor\u00e2mica da cidade, para momentos de pausa e de conviv\u00eancia.<\/p>\n<p>A estrutura completa para atividades f\u00edsicas inclui academia, salas de spinning e dan\u00e7a, quadras cobertas e quadra de areia, al\u00e9m de uma piscina com raia de 25 metros. Um dos diferenciais \u00e9 a opera\u00e7\u00e3o pela Body Care\u00ae, o que proporcionar\u00e1 acompanhamento profissional e programa\u00e7\u00e3o cont\u00ednua. &#8220;Essa parceria representa um grande incentivo para o uso efetivo dos espa\u00e7os, com comodidade e seguran\u00e7a&#8221;, observa a CEO da Fibra.<\/p>\n<p>Valor duradouro<\/p>\n<p>O portf\u00f3lio da Fibra re\u00fane dezenas de empreendimentos residenciais e de uso misto, sempre com foco em arquitetura contempor\u00e2nea, localiza\u00e7\u00e3o inteligente e solu\u00e7\u00f5es que acompanham a evolu\u00e7\u00e3o do morar. Mais do que construir, a empresa busca criar valor duradouro &#8211; para clientes, investidores e para a cidade. &#8220;Nossa ambi\u00e7\u00e3o \u00e9 concretizar projetos de vida. Por isso, cada vez mais, os nossos projetos passam a ser concebidos como espa\u00e7os que integram diferentes dimens\u00f5es da rotina &#8211; morar, trabalhar, cuidar do corpo e conviver. O Ibiti \u00e9 um exemplo dessa abordagem, que deve orientar nossos pr\u00f3ximos lan\u00e7amentos&#8221;, explica Fernanda.<\/p>\n<p>Uma das facetas dessa diretriz \u00e9 a exalta\u00e7\u00e3o da brasilidade, o que se manifesta no nome escolhido para o empreendimento: a palavra ibiti, de origem tupi-guarani, aplica-se \u00e0 ideia de altitude. &#8220;Temos muito orgulho da nossa cidade, da nossa cultura, do nosso povo, das nossas belezas naturais e da nossa arte. Por isso o conceito de cada projeto \u00e9 desenvolvido com respeito \u00e0 hist\u00f3ria, \u00e0 comunidade e \u00e0 vida j\u00e1 existente no bairro&#8221;, descreve a CEO da Fibra.<\/p>\n<p>Localiza\u00e7\u00e3o privilegiada<\/p>\n<p>Localizado a apenas 400 metros da esta\u00e7\u00e3o Adolfo Pinheiro de metr\u00f4 (Linha 5 &#8211; Lil\u00e1s), com f\u00e1cil acesso \u00e0s Avenidas Jo\u00e3o Dias e Santo Amaro, o Ibiti desfruta de completa infraestrutura de com\u00e9rcio e servi\u00e7os. A regi\u00e3o, a poucos minutos dos principais eixos corporativos de S\u00e3o Paulo, \u00e9 reconhecida por concentrar institui\u00e7\u00f5es de ensino de alto n\u00edvel, o que reduz deslocamentos e racionaliza a rotina &#8211; mais um fator que impacta positivamente a qualidade de vida das fam\u00edlias.<\/p>\n<p>Uma s\u00e9rie de outros detalhes eleva a experi\u00eancia. O dia a dia \u00e9 facilitado por recursos de tecnologia e conveni\u00eancia, a exemplo de coworking, minimercado, espa\u00e7o delivery e infraestrutura para carro el\u00e9trico. J\u00e1 a estrutura de seguran\u00e7a inclui desde sistemas de controle de acesso at\u00e9 gerador de energia.<\/p>\n<p>Visite o showroom na Rua Coronel Lu\u00eds Barroso, 151, Alto da Boa Vista. Saiba mais em ibitialtodaboavista.com.br.<\/p>\n","protected":false},"excerpt":{"rendered":"Empreendimento da Fibra Experts oferece horizonte amplo &#8211; tanto no sentido literal quanto figurado.\nSe h\u00e1 uma palavra que sintetiza o Ibiti Alto da Boa Vista, empreendimento imobi","protected":false},"author":1,"featured_media":0,"comment_status":"open","ping_status":"closed","sticky":false,"template":"","format":"standard","meta":{"_acf_changed":false,"inline_featured_image":false,"_monsterinsights_skip_tracking":false,"_monsterinsights_sitenote_active":false,"_monsterinsights_sitenote_note":"","_monsterinsights_sitenote_category":0,"footnotes":""},"categories":[130],"tags":[],"class_list":["post-128243","post","type-post","status-publish","format-standard","hentry","category-releases-economia"],"acf":[],"_links":{"self":[{"href":"https:\/\/bluestudio.estadao.com.br\/agencia-de-comunicacao\/wp-json\/wp\/v2\/posts\/128243","targetHints":{"allow":["GET"]}}],"collection":[{"href":"https:\/\/bluestudio.estadao.com.br\/agencia-de-comunicacao\/wp-json\/wp\/v2\/posts"}],"about":[{"href":"https:\/\/bluestudio.estadao.com.br\/agencia-de-comunicacao\/wp-json\/wp\/v2\/types\/post"}],"author":[{"embeddable":true,"href":"https:\/\/bluestudio.estadao.com.br\/agencia-de-comunicacao\/wp-json\/wp\/v2\/users\/1"}],"replies":[{"embeddable":true,"href":"https:\/\/bluestudio.estadao.com.br\/agencia-de-comunicacao\/wp-json\/wp\/v2\/comments?post=128243"}],"version-history":[{"count":0,"href":"https:\/\/bluestudio.estadao.com.br\/agencia-de-comunicacao\/wp-json\/wp\/v2\/posts\/128243\/revisions"}],"wp:attachment":[{"href":"https:\/\/bluestudio.estadao.com.br\/agencia-de-comunicacao\/wp-json\/wp\/v2\/media?parent=128243"}],"wp:term":[{"taxonomy":"category","embeddable":true,"href":"https:\/\/bluestudio.estadao.com.br\/agencia-de-comunicacao\/wp-json\/wp\/v2\/categories?post=128243"},{"taxonomy":"post_tag","embeddable":true,"href":"https:\/\/bluestudio.estadao.com.br\/agencia-de-comunicacao\/wp-json\/wp\/v2\/tags?post=128243"}],"curies":[{"name":"wp","href":"https:\/\/api.w.org\/{rel}","templated":true}]}}