{"id":128240,"date":"2026-04-24T13:42:00","date_gmt":"2026-04-24T16:42:00","guid":{"rendered":"https:\/\/bluestudio.estadao.com.br\/agencia-de-comunicacao\/prnewswire\/diebold-nixdorf-anuncia-michel-seller-como-diretor-de-ti-para-a-america-latina\/"},"modified":"2026-04-24T13:42:00","modified_gmt":"2026-04-24T16:42:00","slug":"diebold-nixdorf-anuncia-michel-seller-como-diretor-de-ti-para-a-america-latina","status":"publish","type":"post","link":"https:\/\/bluestudio.estadao.com.br\/agencia-de-comunicacao\/prnewswire\/diebold-nixdorf-anuncia-michel-seller-como-diretor-de-ti-para-a-america-latina\/","title":{"rendered":"Diebold Nixdorf anuncia Michel Seller como Diretor de TI para a Am\u00e9rica Latina"},"content":{"rendered":"\n<div class=\"xn-content\">\n<p class=\"prntac\"><i>Executivo passa a liderar a estrat\u00e9gia operacional de tecnologia na regi\u00e3o <\/i><i>em um momento de maior integra\u00e7\u00e3o entre os pa\u00edses<\/i><\/p>\n<p id=\"temp_ReleaseStart\"><span class=\"legendSpanClass\">S\u00c3O PAULO<\/span>, <span class=\"legendSpanClass\">24 de abril de 2026<\/span> \/PRNewswire\/ &#8212; A <b>Diebold Nixdorf<\/b>, l\u00edder global em transformar o modo como as pessoas fazem compras e transa\u00e7\u00f5es banc\u00e1rias, anuncia a promo\u00e7\u00e3o de Michel Seller ao cargo de Diretor de TI para a Am\u00e9rica Latina. A movimenta\u00e7\u00e3o ocorre em um contexto de crescente demanda por opera\u00e7\u00f5es mais integradas, eficientes e preparadas para sustentar a evolu\u00e7\u00e3o digital dos mercados latino-americanos.<\/p>\n<div class=\"PRN_ImbeddedAssetReference\" id=\"DivAssetPlaceHolder8721\">\n<a href=\"https:\/\/mma.prnewswire.com\/media\/2965354\/Michel_Seller.html\" target=\"_blank\" rel=\"nofollow\"><img decoding=\"async\" src=\"https:\/\/mma.prnewswire.com\/media\/2965354\/Michel_Seller.jpg\" title=\"Michel Seller, Diretor de TI da Diebold Nixdorf para a Am\u00e9rica Latina\" alt=\"Michel Seller, Diretor de TI da Diebold Nixdorf para a Am\u00e9rica Latina\" \/><\/a><\/p>\n<\/div>\n<p class=\"prntal\">Com mais de 18 anos de trajet\u00f3ria na companhia, Seller passou por diversos cargos at\u00e9 assumir a posi\u00e7\u00e3o de Diretor de TI para o Brasil, liderando as \u00e1reas de aplica\u00e7\u00f5es e infraestrutura, com iniciativas voltadas \u00e0 moderniza\u00e7\u00e3o de sistemas internos, ganho de efici\u00eancia operacional e fortalecimento da base tecnol\u00f3gica, experi\u00eancia que agora ir\u00e1 expandir para toda a regi\u00e3o.<\/p>\n<p class=\"prntal\">&#8220;Na minha nova posi\u00e7\u00e3o, buscarei escalar para a Am\u00e9rica Latina pr\u00e1ticas consistentes que temos no Brasil, promovendo maior alinhamento entre os pa\u00edses e com a estrat\u00e9gia global da companhia, sem perder de vista as particularidades de cada opera\u00e7\u00e3o. Essa evolu\u00e7\u00e3o passa por aproveitar o que j\u00e1 funciona bem e avan\u00e7ar com ainda mais efici\u00eancia, consist\u00eancia, qualidade e padroniza\u00e7\u00e3o na forma como entregamos sistemas para as diversas \u00e1reas da empresa, desde vendas at\u00e9 a f\u00e1brica&#8221;, afirma Seller.<\/p>\n<p class=\"prntal\">Graduado em Engenharia Civil e com mestrado e doutorado em Engenharia de Produ\u00e7\u00e3o pela Escola Polit\u00e9cnica &#8211; USP, o executivo seguir\u00e1 com atua\u00e7\u00e3o direcionada para as duas mesmas frentes: infraestrutura, incluindo redes, servidores e Data Centers, e aplica\u00e7\u00f5es, voltada para o desenvolvimento e gest\u00e3o de sistemas internos. Com foco no processo cont\u00ednuo de moderniza\u00e7\u00e3o e ganho de escala, Seller tamb\u00e9m buscar\u00e1 ampliar iniciativas relacionadas \u00e0 computa\u00e7\u00e3o em nuvem e Intelig\u00eancia Artificial (IA).<\/p>\n<p class=\"prntal\">&#8220;Estamos avan\u00e7ando cada vez mais na ado\u00e7\u00e3o da nuvem, tanto para a migra\u00e7\u00e3o de sistemas atuais quanto para o desenvolvimento de novos projetos, e ampliando o uso de IA em atividades como gest\u00e3o de chamados t\u00e9cnicos, otimiza\u00e7\u00e3o do deslocamento de equipes em campo e apoio na resolu\u00e7\u00e3o de ocorr\u00eancias em equipamentos. Acreditamos que essas iniciativas fortalecem nossa capacidade de escalar opera\u00e7\u00f5es com mais consist\u00eancia&#8221;, diz.<\/p>\n<p class=\"prntal\">Com a promo\u00e7\u00e3o do executivo, a Diebold Nixdorf refor\u00e7a sua estrat\u00e9gia de evolu\u00e7\u00e3o tecnol\u00f3gica na Am\u00e9rica Latina, fortalecendo as bases para apoiar o crescimento da companhia na regi\u00e3o.<\/p>\n<p class=\"prntal\"><b>Sobre a Diebold Nixdorf<\/b><\/p>\n<p class=\"prntal\">A <b>Diebold Nixdorf<\/b> automatiza, digitaliza e transforma o modo como as pessoas fazem compras e transa\u00e7\u00f5es banc\u00e1rias. Como parceira da maioria das 100 maiores institui\u00e7\u00f5es financeiras e dos 25 maiores varejistas do mundo, as solu\u00e7\u00f5es integradas da Diebold Nixdorf conectam os canais f\u00edsicos e digitais de forma conveniente, segura e eficiente para milh\u00f5es de consumidores todos os dias. A empresa est\u00e1 presente em mais de 100 pa\u00edses, com aproximadamente 21.000 funcion\u00e1rios em todo o mundo. Para mais informa\u00e7\u00f5es, acesse: <a href=\"http:\/\/www.DieboldNixdorf.com.br\" rel=\"nofollow\">www.DieboldNixdorf.com.br<\/a>.<\/p>\n<p class=\"prntal\">Foto &#8211; <a href=\"https:\/\/mma.prnewswire.com\/media\/2965354\/Michel_Seller.jpg\" target=\"_blank\" rel=\"nofollow\">https:\/\/mma.prnewswire.com\/media\/2965354\/Michel_Seller.jpg<\/a><\/p>\n<p class=\"prntal\">E-mail: <a href=\"mailto:diebold@planin.com\" target=\"_blank\" rel=\"nofollow\">diebold@planin.com<\/a><\/p>\n<div class=\"PRN_ImbeddedAssetReference\" id=\"DivAssetPlaceHolder0\"><\/div>\n<p id=\"PURL\"><img loading=\"lazy\" decoding=\"async\" title=\"Cision\" width=\"12\" height=\"12\" alt=\"Cision\" src=\"https:\/\/edge.prnewswire.com\/c\/img\/favicon.png?sn=PT43132&amp;sd=2026-04-24\" \/> View original content to download multimedia:<a id=\"PRNURL\" rel=\"nofollow\" href=\"https:\/\/www.prnewswire.com\/br\/comunicados-para-a-imprensa\/diebold-nixdorf-anuncia-michel-seller-como-diretor-de-ti-para-a-america-latina-302753132.html\" target=\"_blank\">https:\/\/www.prnewswire.com\/br\/comunicados-para-a-imprensa\/diebold-nixdorf-anuncia-michel-seller-como-diretor-de-ti-para-a-america-latina-302753132.html<\/a><\/p>\n<p>FONTE Diebold Nixdorf<\/p>\n<\/div>\n<p>  <img decoding=\"async\" alt=\"\" src=\"https:\/\/rt.prnewswire.com\/rt.gif?NewsItemId=PT43132&amp;Transmission_Id=202604241231PR_NEWS_LATAM____PT43132&amp;DateId=20260424\" style=\"border:0px;width:1px;height:1px\" \/><\/p>\n<p><strong>T\u00f3picos Relacionados:<\/strong> An\u00fancios de Pessoal, Tecnologia Financeira, Computador\/Eletr\u00f4nica, Servi\u00e7os Banc\u00e1rios\/Financeiros<\/p>\n<p>A <b>OESP<\/b> n\u00e3o \u00e9(s\u00e3o) respons\u00e1vel(is) por erros, incorre\u00e7\u00f5es, atrasos ou quaisquer decis\u00f5es tomadas por seus clientes com base nos Conte\u00fados ora disponibilizados, bem como tais Conte\u00fados n\u00e3o representam a opini\u00e3o da <b>OESP<\/b> e s\u00e3o de inteira responsabilidade da <b>PR Newswire Ltda<\/b><\/p>\n","protected":false},"excerpt":{"rendered":"Executivo passa a liderar a estrat\u00e9gia operacional de tecnologia na regi\u00e3o em um momento de maior integra\u00e7\u00e3o entre os pa\u00edses S\u00c3O PAULO, 24 de abril de 2026 \/PRNewswire\/ &#8212; A Diebold","protected":false},"author":1,"featured_media":128241,"comment_status":"open","ping_status":"closed","sticky":false,"template":"","format":"standard","meta":{"_acf_changed":false,"inline_featured_image":false,"_monsterinsights_skip_tracking":false,"_monsterinsights_sitenote_active":false,"_monsterinsights_sitenote_note":"","_monsterinsights_sitenote_category":0,"footnotes":""},"categories":[27],"tags":[9078],"class_list":["post-128240","post","type-post","status-publish","format-standard","has-post-thumbnail","hentry","category-prnewswire","tag-executivo-passa-a-liderar-a-estrategia-operacional-de-tecnologia-na-regiao"],"acf":[],"_links":{"self":[{"href":"https:\/\/bluestudio.estadao.com.br\/agencia-de-comunicacao\/wp-json\/wp\/v2\/posts\/128240","targetHints":{"allow":["GET"]}}],"collection":[{"href":"https:\/\/bluestudio.estadao.com.br\/agencia-de-comunicacao\/wp-json\/wp\/v2\/posts"}],"about":[{"href":"https:\/\/bluestudio.estadao.com.br\/agencia-de-comunicacao\/wp-json\/wp\/v2\/types\/post"}],"author":[{"embeddable":true,"href":"https:\/\/bluestudio.estadao.com.br\/agencia-de-comunicacao\/wp-json\/wp\/v2\/users\/1"}],"replies":[{"embeddable":true,"href":"https:\/\/bluestudio.estadao.com.br\/agencia-de-comunicacao\/wp-json\/wp\/v2\/comments?post=128240"}],"version-history":[{"count":0,"href":"https:\/\/bluestudio.estadao.com.br\/agencia-de-comunicacao\/wp-json\/wp\/v2\/posts\/128240\/revisions"}],"wp:featuredmedia":[{"embeddable":true,"href":"https:\/\/bluestudio.estadao.com.br\/agencia-de-comunicacao\/wp-json\/wp\/v2\/media\/128241"}],"wp:attachment":[{"href":"https:\/\/bluestudio.estadao.com.br\/agencia-de-comunicacao\/wp-json\/wp\/v2\/media?parent=128240"}],"wp:term":[{"taxonomy":"category","embeddable":true,"href":"https:\/\/bluestudio.estadao.com.br\/agencia-de-comunicacao\/wp-json\/wp\/v2\/categories?post=128240"},{"taxonomy":"post_tag","embeddable":true,"href":"https:\/\/bluestudio.estadao.com.br\/agencia-de-comunicacao\/wp-json\/wp\/v2\/tags?post=128240"}],"curies":[{"name":"wp","href":"https:\/\/api.w.org\/{rel}","templated":true}]}}