{"id":128213,"date":"2026-04-24T11:12:00","date_gmt":"2026-04-24T14:12:00","guid":{"rendered":"https:\/\/bluestudio.estadao.com.br\/agencia-de-comunicacao\/prnewswire\/vichy-laboratoires-assina-com-o-jogador-de-futebol-do-psg-vitinha-como-embaixador-global-da-marca\/"},"modified":"2026-04-24T11:12:00","modified_gmt":"2026-04-24T14:12:00","slug":"vichy-laboratoires-assina-com-o-jogador-de-futebol-do-psg-vitinha-como-embaixador-global-da-marca","status":"publish","type":"post","link":"https:\/\/bluestudio.estadao.com.br\/agencia-de-comunicacao\/prnewswire\/vichy-laboratoires-assina-com-o-jogador-de-futebol-do-psg-vitinha-como-embaixador-global-da-marca\/","title":{"rendered":"VICHY LABORATOIRES ASSINA COM O JOGADOR DE FUTEBOL DO PSG, VITINHA, COMO EMBAIXADOR GLOBAL DA MARCA"},"content":{"rendered":"\n<div class=\"xn-content\">\n<span class=\"legendSpanClass\">PARIS<\/span>, <span class=\"legendSpanClass\">24 de abril de 2026<\/span> \/PRNewswire\/ &#8212; Vichy Laboratoires, l\u00edder em dermocosm\u00e9tica recomendada por mais de 80 mil dermatologistas em todo o mundo, anuncia o internacional portugu\u00eas e meio-campista do Paris Saint-Germain, V\u00edtor Machado Ferreira, conhecido como Vitinha, como seu novo embaixador global da marca.<\/p>\n<div id=\"prni_dvprnejpg23d7left\" dir=\"ltr\" style=\"width: 100%;text-align: left\"><img decoding=\"async\" id=\"prnejpg23d7left\" title=\"Vitinha for Vichy Dercos by Nelson Coulhon Rosier\" src=\"https:\/\/mma.prnewswire.com\/media\/2963177\/Vichy_Laboratoires_Photo_1.jpg\" alt=\"Vitinha for Vichy Dercos by Nelson Coulhon Rosier\" align=\"middle\" data-name=\"url$https%3A%2F%2Fmma.prnewswire.com%2Fmedia%2F2963177%2FVichy_Laboratoires_Photo_1.jpg\" \/><\/div>\n<\/p>\n<p>Vitinha ser\u00e1 a atra\u00e7\u00e3o principal das pr\u00f3ximas campanhas da Vichy Dercos Anti-Caspa, Dercos Anti-Perda de Cabelo e uma nova linha de Desodorantes Vichy, refletindo o compromisso da marca com solu\u00e7\u00f5es dermatol\u00f3gicas de alto desempenho.<\/p>\n<p>Essa parceria marca um passo estrat\u00e9gico para a Vichy, pois fortalece sua presen\u00e7a no espa\u00e7o integrado de sa\u00fade, destacando a conex\u00e3o entre desempenho f\u00edsico, recupera\u00e7\u00e3o e cuidados dermatol\u00f3gicos. Ao fazer parceria com uma atleta como Vitinha, que est\u00e1 no topo de seu jogo e \u00e9 conhecido por sua resili\u00eancia e intelig\u00eancia t\u00e1tica, Vichy refor\u00e7a sua cren\u00e7a de que a sa\u00fade e o desempenho a longo prazo s\u00e3o melhor abordados de forma hol\u00edstica.<\/p>\n<p>Vitinha foi selecionado tanto por sua conex\u00e3o aut\u00eantica com Vichy quanto por sua relev\u00e2ncia dentro e fora do campo. Como atleta profissional exposto a treinamento intenso, suor e estressores ambientais e mentais, ele experimentou sua parcela justa de preocupa\u00e7\u00f5es com o couro cabeludo e recorreu aos Laborat\u00f3rios Vichy para obter ajuda. Sua experi\u00eancia pessoal o torna um defensor convincente da efic\u00e1cia liderada pela ci\u00eancia pela qual Vichy \u00e9 conhecido.<\/p>\n<p>Comentando sobre a parceria, Vitinha disse: <b>&#8220;Estou incrivelmente orgulhosa de me juntar aos Laborat\u00f3rios Vichy. Como jogador de futebol profissional, o desempenho e a aten\u00e7\u00e3o aos detalhes fazem parte do meu dia a dia. Encontrar uma solu\u00e7\u00e3o que funcione sob as press\u00f5es da minha carreira foi um divisor de \u00e1guas, e estou animado para trabalhar com uma marca que combina ci\u00eancia e desempenho.&#8221;<\/b><\/p>\n<p>Jamel Boutiba, presidente global da marca Vichy Laboratoires, acrescentou: <b>&#8220;Vitinha incorpora uma gera\u00e7\u00e3o focada em sa\u00fade, desempenho e longevidade. Ele \u00e9 altamente talentoso e autenticamente relacion\u00e1vel, tornando-o um parceiro forte para destacar a import\u00e2ncia da sa\u00fade do couro cabeludo, da pele e dos cabelos.&#8221; <\/b><\/p>\n<p>A Vitinha construiu uma reputa\u00e7\u00e3o como um dos talentos mais emocionantes do futebol, subindo atrav\u00e9s do FC Porto antes de se tornar um jogador-chave para o PSG e para a sele\u00e7\u00e3o portuguesa. E com um n\u00famero crescente de seguidores globais de mais de 4,5 milh\u00f5es, a Vitinha ajudar\u00e1 a Vichy a envolver uma nova gera\u00e7\u00e3o de consumidores do sexo masculino interessados em um autocuidado eficaz e liderado por especialistas.<\/p>\n<p><b>Sobre a Vichy Laboratoires<\/b><\/p>\n<p>Fundada em 1931 pelo Dr. Haller no Centro T\u00e9rmico de Vichy, na Fran\u00e7a, a Vichy Laboratoires foi pioneira no campo de dermocosm\u00e9ticos, preenchendo a lacuna entre sa\u00fade e beleza. Essa heran\u00e7a fundamental ressoa em nossa assinatura duradoura: &#8220;A sa\u00fade \u00e9 vital. Comece pela sua pele&#8221;, uma afirma\u00e7\u00e3o que resume perfeitamente nossa cren\u00e7a de que a beleza come\u00e7a com a sa\u00fade da sua pele. Apoiada por ci\u00eancia avan\u00e7ada, experi\u00eancia dermatol\u00f3gica e estudos cl\u00ednicos, a Vichy desenvolve solu\u00e7\u00f5es para a pele, couro cabeludo e cabelo baseadas nos princ\u00edpios da sa\u00fade integrativa. Essa abordagem cient\u00edfica se traduz em um ecossistema abrangente de cuidados dermatol\u00f3gicos: da beleza t\u00f3pica e oral \u00e0 tecnologia em sa\u00fade e solu\u00e7\u00f5es auxiliares especializadas a procedimentos est\u00e9ticos. Mais do que nunca, procuramos preservar e impulsionar o capital da beleza em todas as fases da vida. Recomendado por 80.000 dermatologistas em todo o mundo, o Vichy Laboratoires \u00e9 a segunda marca mais recomendada por dermatologistas em todo o mundo e a marca n\u00famero1 de anticaspa recomendada por dermatologistas.<\/p>\n<p>Foto &#8211; <a href=\"https:\/\/mma.prnewswire.com\/media\/2963177\/Vichy_Laboratoires_Photo_1.jpg\" target=\"_blank\" rel=\"nofollow\">https:\/\/mma.prnewswire.com\/media\/2963177\/Vichy_Laboratoires_Photo_1.jpg<\/a><br \/>Foto &#8211; <a href=\"https:\/\/mma.prnewswire.com\/media\/2963176\/Vichy_Laboratoires_Photo_2.jpg\" target=\"_blank\" rel=\"nofollow\">https:\/\/mma.prnewswire.com\/media\/2963176\/Vichy_Laboratoires_Photo_2.jpg<\/a><br \/>Logotipo &#8211; <a href=\"https:\/\/mma.prnewswire.com\/media\/2961752\/Vichy_Laboratoires_Logo.jpg\" target=\"_blank\" rel=\"nofollow\">https:\/\/mma.prnewswire.com\/media\/2961752\/Vichy_Laboratoires_Logo.jpg<\/a><\/p>\n<div id=\"prni_dvprnejpg6d32left\" dir=\"ltr\" style=\"width: 100%;text-align: left\"><img decoding=\"async\" id=\"prnejpg6d32left\" title=\"Vitinha for Vichy Dercos by Baard Lunde\" src=\"https:\/\/mma.prnewswire.com\/media\/2963176\/Vichy_Laboratoires_Photo_2.jpg\" alt=\"Vitinha for Vichy Dercos by Baard Lunde\" align=\"middle\" data-name=\"url$https%3A%2F%2Fmma.prnewswire.com%2Fmedia%2F2963176%2FVichy_Laboratoires_Photo_2.jpg\" \/><\/div>\n<\/p>\n<div id=\"prni_dvprnejpgf671left\" dir=\"ltr\" style=\"width: 100%;text-align: left\"><img decoding=\"async\" id=\"prnejpgf671left\" title=\"Vichy Laboratoires Logo\" src=\"https:\/\/mma.prnewswire.com\/media\/2961752\/Vichy_Laboratoires_Logo.jpg\" alt=\"Vichy Laboratoires Logo\" align=\"middle\" data-name=\"url$https%3A%2F%2Fmma.prnewswire.com%2Fmedia%2F2961752%2FVichy_Laboratoires_Logo.jpg\" \/><\/div>\n<p id=\"PURL\"><img loading=\"lazy\" decoding=\"async\" title=\"Cision\" width=\"12\" height=\"12\" alt=\"Cision\" src=\"https:\/\/edge.prnewswire.com\/c\/img\/favicon.png?sn=PT39590&amp;sd=2026-04-24\" \/> View original content:<a id=\"PRNURL\" rel=\"nofollow\" href=\"https:\/\/www.prnewswire.com\/br\/comunicados-para-a-imprensa\/vichy-laboratoires-assina-com-o-jogador-de-futebol-do-psg-vitinha-como-embaixador-global-da-marca-302752752.html\" target=\"_blank\">https:\/\/www.prnewswire.com\/br\/comunicados-para-a-imprensa\/vichy-laboratoires-assina-com-o-jogador-de-futebol-do-psg-vitinha-como-embaixador-global-da-marca-302752752.html<\/a><\/p>\n<p>FONTE Vichy Laboratoires<\/p>\n<\/div>\n<p>  <img decoding=\"async\" alt=\"\" src=\"https:\/\/rt.prnewswire.com\/rt.gif?NewsItemId=PT39590&amp;Transmission_Id=202604241000PR_NEWS_LATAM____PT39590&amp;DateId=20260424\" style=\"border:0px;width:1px;height:1px\" \/><\/p>\n<p><strong>T\u00f3picos Relacionados:<\/strong> Acordos de Licenciamento\/Marketing, Varejo, Esportes, Dom\u00e9stico\/Consumidor\/Cosm\u00e9ticos, Cosm\u00e9ticos e Cuidados Pessoais<\/p>\n<p>A <b>OESP<\/b> n\u00e3o \u00e9(s\u00e3o) respons\u00e1vel(is) por erros, incorre\u00e7\u00f5es, atrasos ou quaisquer decis\u00f5es tomadas por seus clientes com base nos Conte\u00fados ora disponibilizados, bem como tais Conte\u00fados n\u00e3o representam a opini\u00e3o da <b>OESP<\/b> e s\u00e3o de inteira responsabilidade da <b>PR Newswire Ltda<\/b><\/p>\n","protected":false},"excerpt":{"rendered":"PARIS, 24 de abril de 2026 \/PRNewswire\/ &#8212; Vichy Laboratoires, l\u00edder em dermocosm\u00e9tica recomendada por mais de 80 mil dermatologistas em todo o mundo, anuncia o internacional portugu\u00eas e","protected":false},"author":1,"featured_media":128214,"comment_status":"open","ping_status":"closed","sticky":false,"template":"","format":"standard","meta":{"_acf_changed":false,"inline_featured_image":false,"_monsterinsights_skip_tracking":false,"_monsterinsights_sitenote_active":false,"_monsterinsights_sitenote_note":"","_monsterinsights_sitenote_category":0,"footnotes":""},"categories":[27],"tags":[9077,9076,9075],"class_list":["post-128213","post","type-post","status-publish","format-standard","has-post-thumbnail","hentry","category-prnewswire","tag-anuncia-o-internacional-portugues-e-meio-campista-do-paris-saint-germai","tag-lider-em-dermocosmetica-recomendada-por-mais-de-80-mil-dermatologistas-em-todo-o-mundo","tag-vichy-laboratoires"],"acf":[],"_links":{"self":[{"href":"https:\/\/bluestudio.estadao.com.br\/agencia-de-comunicacao\/wp-json\/wp\/v2\/posts\/128213","targetHints":{"allow":["GET"]}}],"collection":[{"href":"https:\/\/bluestudio.estadao.com.br\/agencia-de-comunicacao\/wp-json\/wp\/v2\/posts"}],"about":[{"href":"https:\/\/bluestudio.estadao.com.br\/agencia-de-comunicacao\/wp-json\/wp\/v2\/types\/post"}],"author":[{"embeddable":true,"href":"https:\/\/bluestudio.estadao.com.br\/agencia-de-comunicacao\/wp-json\/wp\/v2\/users\/1"}],"replies":[{"embeddable":true,"href":"https:\/\/bluestudio.estadao.com.br\/agencia-de-comunicacao\/wp-json\/wp\/v2\/comments?post=128213"}],"version-history":[{"count":0,"href":"https:\/\/bluestudio.estadao.com.br\/agencia-de-comunicacao\/wp-json\/wp\/v2\/posts\/128213\/revisions"}],"wp:featuredmedia":[{"embeddable":true,"href":"https:\/\/bluestudio.estadao.com.br\/agencia-de-comunicacao\/wp-json\/wp\/v2\/media\/128214"}],"wp:attachment":[{"href":"https:\/\/bluestudio.estadao.com.br\/agencia-de-comunicacao\/wp-json\/wp\/v2\/media?parent=128213"}],"wp:term":[{"taxonomy":"category","embeddable":true,"href":"https:\/\/bluestudio.estadao.com.br\/agencia-de-comunicacao\/wp-json\/wp\/v2\/categories?post=128213"},{"taxonomy":"post_tag","embeddable":true,"href":"https:\/\/bluestudio.estadao.com.br\/agencia-de-comunicacao\/wp-json\/wp\/v2\/tags?post=128213"}],"curies":[{"name":"wp","href":"https:\/\/api.w.org\/{rel}","templated":true}]}}