{"id":128184,"date":"2026-04-24T08:57:00","date_gmt":"2026-04-24T11:57:00","guid":{"rendered":"https:\/\/bluestudio.estadao.com.br\/agencia-de-comunicacao\/prnewswire\/a-fase-1-da-139a-canton-fair-apresenta-novas-zonas-de-produtos-dedicadas-a-medida-que-tecnologias-emergentes-ganham-destaque\/"},"modified":"2026-04-24T08:57:00","modified_gmt":"2026-04-24T11:57:00","slug":"a-fase-1-da-139a-canton-fair-apresenta-novas-zonas-de-produtos-dedicadas-a-medida-que-tecnologias-emergentes-ganham-destaque","status":"publish","type":"post","link":"https:\/\/bluestudio.estadao.com.br\/agencia-de-comunicacao\/prnewswire\/a-fase-1-da-139a-canton-fair-apresenta-novas-zonas-de-produtos-dedicadas-a-medida-que-tecnologias-emergentes-ganham-destaque\/","title":{"rendered":"A fase 1 da 139\u00aa Canton Fair apresenta novas zonas de produtos dedicadas \u00e0 medida que tecnologias emergentes ganham destaque"},"content":{"rendered":"\n<div class=\"xn-content\">\n<span class=\"legendSpanClass\">GUANGZHOU, China<\/span>, <span class=\"legendSpanClass\">24 de abril de 2026<\/span> \/PRNewswire\/ &#8212; A 139\u00aa Feira de Importa\u00e7\u00e3o e Exporta\u00e7\u00e3o da China (Canton Fair) otimizou ainda mais seu cen\u00e1rio de exposi\u00e7\u00f5es com nove zonas novas dedicadas de produtos, refletindo as mudan\u00e7as estruturais em andamento no com\u00e9rcio global e a cont\u00ednua atualiza\u00e7\u00e3o do portf\u00f3lio de exporta\u00e7\u00e3o da China.<\/p>\n<p>Entre as adi\u00e7\u00f5es mais observadas na Fase 1 est\u00e3o as zonas de drones de consumo e agr\u00edcolas, ambas estreando na Canton Fair e oferecendo uma vitrine focada de aplica\u00e7\u00f5es na economia de baixa altitude. A zona de <b>drones de consumo <\/b>mostra o progresso no controle de voo, preven\u00e7\u00e3o de obst\u00e1culos baseada em IA e efici\u00eancia energ\u00e9tica em imagens, turismo, resposta a emerg\u00eancias e patrulha. A zona de <b>drones agr\u00edcolas<\/b> destaca a agricultura de precis\u00e3o, com demonstra\u00e7\u00f5es de pulveriza\u00e7\u00e3o, semeadura e gerenciamento de campo, mostrando o acompanhamento do terreno, o planejamento inteligente de rotas e o controle preciso da carga \u00fatil.<\/p>\n<p>No primeiro dia, um fabricante de drones sediado em Shandong recebeu compradores de mais de 30 pa\u00edses, com mais de 50 contatos promissores. Um comprador, depois de ver demonstra\u00e7\u00f5es de carga e resist\u00eancia ao vento, confirmou imediatamente tr\u00eas unidades de amostra e at\u00e9 prop\u00f4s se tornar um distribuidor regional.<\/p>\n<p>A <b>tecnologia de exibi\u00e7\u00e3o <\/b>\u00e9 outro ponto focal da Fase 1, destacando os avan\u00e7os na precis\u00e3o das cores, efici\u00eancia energ\u00e9tica e desempenho visual geral. Os avan\u00e7os em controle refinado, gama de cores expandida e menor consumo de energia apontam para uma tend\u00eancia clara em dire\u00e7\u00e3o a experi\u00eancias de visualiza\u00e7\u00e3o imersivas combinadas com ganhos de sustentabilidade.<\/p>\n<p>A zona de <b>dispositivos vest\u00edveis inteligentes<\/b> destaca como os aparelhos inteligentes est\u00e3o se tornando interfaces essenciais para a intera\u00e7\u00e3o humano-m\u00e1quina. Dos recursos de tradu\u00e7\u00e3o de idiomas em tempo real e cancelamento adaptativo de ru\u00eddo ao monitoramento de sa\u00fade de longo prazo e \u00f3culos habilitados por IA, os dispositivos vest\u00edveis est\u00e3o evoluindo de produtos independentes para sistemas integrados que apoiam a comunica\u00e7\u00e3o, o bem-estar e a produtividade em ambientes cotidianos e profissionais.<\/p>\n<p>A zona de <b>rob\u00f4s de servi\u00e7o <\/b>ilustra ainda como a intelig\u00eancia artificial est\u00e1 passando da explora\u00e7\u00e3o conceitual para a implanta\u00e7\u00e3o em grande escala. Rob\u00f4s avan\u00e7ados exibidos em cen\u00e1rios industriais, comerciais, m\u00e9dicos e de servi\u00e7o p\u00fablico demonstram autonomia crescente, percep\u00e7\u00e3o multissensorial e colabora\u00e7\u00e3o humano-rob\u00f4 mais pr\u00f3xima.<\/p>\n<p>Ao trazer as tecnologias emergentes para um foco mais claro por meio de zonas dedicadas, a 139\u00aa Canton Fair est\u00e1 refor\u00e7ando sua fun\u00e7\u00e3o como plataforma onde as tend\u00eancias comerciais se formam, a inova\u00e7\u00e3o encontra aplica\u00e7\u00e3o e os compradores globais obt\u00eam percep\u00e7\u00f5es antecipadas sobre tecnologias de ponta.<\/p>\n<p>Para pr\u00e9-registro, acesse: <a href=\"https:\/\/buyer.cantonfair.org.cn\/register\/buyer\/email?source_type=16\" target=\"_blank\" rel=\"nofollow\">https:\/\/buyer.cantonfair.org.cn\/register\/buyer\/email?source_type=16<\/a><\/p>\n<div id=\"prni_dvprnejpgd91dleft\" dir=\"ltr\" style=\"width: 800px;text-align: left\"><img decoding=\"async\" id=\"prnejpgd91dleft\" title=\"\" src=\"https:\/\/mma.prnewswire.com\/media\/2963958\/1.jpg\" alt=\"\" align=\"middle\" \/><\/div>\n<p>Foto &#8211; <a href=\"https:\/\/mma.prnewswire.com\/media\/2963958\/1.jpg\" target=\"_blank\" rel=\"nofollow\">https:\/\/mma.prnewswire.com\/media\/2963958\/1.jpg<\/a><\/p>\n<\/p>\n<p id=\"PURL\"><img loading=\"lazy\" decoding=\"async\" title=\"Cision\" width=\"12\" height=\"12\" alt=\"Cision\" src=\"https:\/\/edge.prnewswire.com\/c\/img\/favicon.png?sn=PT41850&amp;sd=2026-04-23\" \/> View original content:<a id=\"PRNURL\" rel=\"nofollow\" href=\"https:\/\/www.prnewswire.com\/br\/comunicados-para-a-imprensa\/a-fase-1-da-139-canton-fair-apresenta-novas-zonas-de-produtos-dedicadas-a-medida-que-tecnologias-emergentes-ganham-destaque-302752850.html\" target=\"_blank\">https:\/\/www.prnewswire.com\/br\/comunicados-para-a-imprensa\/a-fase-1-da-139-canton-fair-apresenta-novas-zonas-de-produtos-dedicadas-a-medida-que-tecnologias-emergentes-ganham-destaque-302752850.html<\/a><\/p>\n<p>FONTE Canton Fair<\/p>\n<\/div>\n<p>  <img decoding=\"async\" alt=\"\" src=\"https:\/\/rt.prnewswire.com\/rt.gif?NewsItemId=PT41850&amp;Transmission_Id=202604230500PR_NEWS_LATAM____PT41850&amp;DateId=20260424\" style=\"border:0px;width:1px;height:1px\" \/><\/p>\n<p><strong>T\u00f3picos Relacionados:<\/strong> Novos Produtos\/Servi\u00e7os, Not\u00edcias de Feiras Comerciais, Eletr\u00f4nicos de Consumo, Agricultura, Computador\/Eletr\u00f4nica, Dom\u00e9stico\/Consumidor\/Cosm\u00e9ticos<\/p>\n<p>A <b>OESP<\/b> n\u00e3o \u00e9(s\u00e3o) respons\u00e1vel(is) por erros, incorre\u00e7\u00f5es, atrasos ou quaisquer decis\u00f5es tomadas por seus clientes com base nos Conte\u00fados ora disponibilizados, bem como tais Conte\u00fados n\u00e3o representam a opini\u00e3o da <b>OESP<\/b> e s\u00e3o de inteira responsabilidade da <b>PR Newswire Ltda<\/b><\/p>\n","protected":false},"excerpt":{"rendered":"GUANGZHOU, China, 24 de abril de 2026 \/PRNewswire\/ &#8212; A 139\u00aa Feira de Importa\u00e7\u00e3o e Exporta\u00e7\u00e3o da China (Canton Fair) otimizou ainda mais seu cen\u00e1rio de exposi\u00e7\u00f5es com nove zonas novas","protected":false},"author":1,"featured_media":128185,"comment_status":"open","ping_status":"closed","sticky":false,"template":"","format":"standard","meta":{"_acf_changed":false,"inline_featured_image":false,"_monsterinsights_skip_tracking":false,"_monsterinsights_sitenote_active":false,"_monsterinsights_sitenote_note":"","_monsterinsights_sitenote_category":0,"footnotes":""},"categories":[27],"tags":[9059,9060],"class_list":["post-128184","post","type-post","status-publish","format-standard","has-post-thumbnail","hentry","category-prnewswire","tag-a-139a-feira-de-importacao-e-exportacao-da-china-canton-fair-otimizou-ainda-mais-seu-cenario-de-exposicoes-com-nove-zonas-novas-dedicadas-de-produtos","tag-refletindo-as-mudancas-est"],"acf":[],"_links":{"self":[{"href":"https:\/\/bluestudio.estadao.com.br\/agencia-de-comunicacao\/wp-json\/wp\/v2\/posts\/128184","targetHints":{"allow":["GET"]}}],"collection":[{"href":"https:\/\/bluestudio.estadao.com.br\/agencia-de-comunicacao\/wp-json\/wp\/v2\/posts"}],"about":[{"href":"https:\/\/bluestudio.estadao.com.br\/agencia-de-comunicacao\/wp-json\/wp\/v2\/types\/post"}],"author":[{"embeddable":true,"href":"https:\/\/bluestudio.estadao.com.br\/agencia-de-comunicacao\/wp-json\/wp\/v2\/users\/1"}],"replies":[{"embeddable":true,"href":"https:\/\/bluestudio.estadao.com.br\/agencia-de-comunicacao\/wp-json\/wp\/v2\/comments?post=128184"}],"version-history":[{"count":0,"href":"https:\/\/bluestudio.estadao.com.br\/agencia-de-comunicacao\/wp-json\/wp\/v2\/posts\/128184\/revisions"}],"wp:featuredmedia":[{"embeddable":true,"href":"https:\/\/bluestudio.estadao.com.br\/agencia-de-comunicacao\/wp-json\/wp\/v2\/media\/128185"}],"wp:attachment":[{"href":"https:\/\/bluestudio.estadao.com.br\/agencia-de-comunicacao\/wp-json\/wp\/v2\/media?parent=128184"}],"wp:term":[{"taxonomy":"category","embeddable":true,"href":"https:\/\/bluestudio.estadao.com.br\/agencia-de-comunicacao\/wp-json\/wp\/v2\/categories?post=128184"},{"taxonomy":"post_tag","embeddable":true,"href":"https:\/\/bluestudio.estadao.com.br\/agencia-de-comunicacao\/wp-json\/wp\/v2\/tags?post=128184"}],"curies":[{"name":"wp","href":"https:\/\/api.w.org\/{rel}","templated":true}]}}