{"id":128180,"date":"2026-04-24T08:12:00","date_gmt":"2026-04-24T11:12:00","guid":{"rendered":"https:\/\/bluestudio.estadao.com.br\/agencia-de-comunicacao\/prnewswire\/stephane-rolland-transforma-a-noite-de-nupcias-de-barcelona-em-uma-celebracao-do-amor\/"},"modified":"2026-04-24T08:12:00","modified_gmt":"2026-04-24T11:12:00","slug":"stephane-rolland-transforma-a-noite-de-nupcias-de-barcelona-em-uma-celebracao-do-amor","status":"publish","type":"post","link":"https:\/\/bluestudio.estadao.com.br\/agencia-de-comunicacao\/prnewswire\/stephane-rolland-transforma-a-noite-de-nupcias-de-barcelona-em-uma-celebracao-do-amor\/","title":{"rendered":"St\u00e9phane Rolland transforma a noite de n\u00fapcias de Barcelona em uma celebra\u00e7\u00e3o do amor"},"content":{"rendered":"\n<div class=\"xn-content\">\n<span class=\"legendSpanClass\">BARCELONA, Espanha<\/span>, <span class=\"legendSpanClass\">24 de abril de 2026<\/span> \/PRNewswire\/ &#8212; O estilista franc\u00eas St\u00e9phane Rolland fez sua estreia na passarela espanhola na noite de quarta-feira na d\u00e9cima edi\u00e7\u00e3o da Noite de N\u00fapcias de Barcelona, transformando a gala em um espet\u00e1culo multidisciplinar de moda, m\u00fasica, arte e poesia. A apresenta\u00e7\u00e3o, realizada durante a Barcelona Bridal Fashion Week 2026 (BBFW), marcou um marco para o evento e apresentou a vis\u00e3o do estilista sobre a moda nupcial como uma express\u00e3o emocional e art\u00edstica.<\/p>\n<div id=\"prni_dvprnejpg47f3left\" dir=\"ltr\" style=\"width: 100%;text-align: left\"><img loading=\"lazy\" decoding=\"async\" id=\"prnejpg47f3left\" title=\"O designer St\u00e9phane Rolland e as modelos Nieves \u00c1lvarez e Ariadna Guti\u00e9rrez durante o desfile Barcelona Bridal Night.\" src=\"https:\/\/mma.prnewswire.com\/media\/2965146\/Barcelona_Bridal_Night.jpg\" alt=\"Designer St\u00e9phane Rolland and models Nieves \u00c1lvarez and Ariadna Guti\u00e9rrez during the Barcelona Bridal Night runway show.\" width=\"400\" height=\"267\" align=\"middle\" data-name=\"url$https%3A%2F%2Fmma.prnewswire.com%2Fmedia%2F2965146%2FBarcelona_Bridal_Night.jpg\" \/><\/div>\n<p>Sob o t\u00edtulo <i>Love for Peace<\/i>, Rolland e seu parceiro Pierre Martinez, atuando como diretor art\u00edstico, conceberam uma cerim\u00f4nia visual e musical no Pavilh\u00e3o 8 do local Montju\u00efc da Fira de Barcelona. Ilumina\u00e7\u00e3o, som e design espacial impulsionaram uma narrativa otimista que enquadrou a moda como uma linguagem universal e um s\u00edmbolo de paz e esperan\u00e7a.<\/p>\n<p>A noite come\u00e7ou com um desfile com 23 designs criados por alunos das escolas de moda IED Barcelona, LCI Barcelona e ESDI e desenvolvidos sob a orienta\u00e7\u00e3o direta de St\u00e9phane Rolland como parte do projeto Sculpted by Nature. As pe\u00e7as, confeccionadas a partir de tecidos fornecidos por Gratac\u00f3s, exploraram a rela\u00e7\u00e3o entre natureza, volume e formas org\u00e2nicas por meio de silhuetas esculturais, estruturas precisas e aten\u00e7\u00e3o meticulosa aos detalhes, destacando a transmiss\u00e3o de expertise e o di\u00e1logo intergeracional que marcou o in\u00edcio da gala.<\/p>\n<p>Rolland ent\u00e3o apresentou 80 looks, incluindo sua linha de noivas pronta para vestir, <i>Noce de Sang<\/i>, e uma sele\u00e7\u00e3o de vestidos de alta costura exclusivos. Nieves \u00c1lvarez, musa frequente do mestre franc\u00eas, desfilou ao lado da top-model latino-americana Ariadna Guti\u00e9rrez, e de modelos como Laura S\u00e1nchez, Davinia Pelegr\u00ed, Marta Ortiz e Mercedes Mu\u00f1oz.<\/p>\n<p>A m\u00fasica ao vivo foi fornecida pela Orquestra Sinf\u00f4nica da Juventude de Barcelona (JOSB), conduzida por Carlos Checa e composta por 65 m\u00fasicos, que acompanharam o show com um repert\u00f3rio ecl\u00e9tico e emocional, incluindo obras de Chopin, Debussy, Bach ou Vivaldi. A atriz Nathalie Poza recitou &#8220;Cet amour&#8221;, de Jacques Pr\u00e9vert, e trechos de can\u00e7\u00f5es de amor cl\u00e1ssicas entre sequ\u00eancias.<\/p>\n<p>Antes da BBFW, Rolland doou 22 esbo\u00e7os originais agora exibidos na instala\u00e7\u00e3o do museu Barcelona Bridal Night para arrecadar fundos para a Funda\u00e7\u00e3o K\u00e1lida, que apoia pessoas em tratamento contra o c\u00e2ncer e suas fam\u00edlias. A gala terminou com uma celebra\u00e7\u00e3o do d\u00e9cimo anivers\u00e1rio, com um bolo comemorativo criado pela Lolita Bakery, refor\u00e7ando o estatuto do evento como uma plataforma internacional chave na moda nupcial.<\/p>\n<p>Foto &#8211; <a href=\"https:\/\/mma.prnewswire.com\/media\/2965146\/Barcelona_Bridal_Night.jpg\" target=\"_blank\" rel=\"nofollow\">https:\/\/mma.prnewswire.com\/media\/2965146\/Barcelona_Bridal_Night.jpg<\/a> <br \/><a href=\"https:\/\/mma.prnewswire.com\/media\/2965146\/Barcelona_Bridal_Night.jpg\" target=\"_blank\" rel=\"nofollow\"> <\/a>Logotipo &#8211; <a href=\"https:\/\/mma.prnewswire.com\/media\/659718\/Fira_Barcelona_Logo.jpg\" target=\"_blank\" rel=\"nofollow\">https:\/\/mma.prnewswire.com\/media\/659718\/Fira_Barcelona_Logo.jpg<\/a><\/p>\n<div id=\"prni_dvprnejpg6257left\" dir=\"ltr\" style=\"width: 100%;text-align: left\"><img loading=\"lazy\" decoding=\"async\" id=\"prnejpg6257left\" title=\"Logotipo da Fira de Barcelona\" src=\"https:\/\/mma.prnewswire.com\/media\/659718\/Fira_Barcelona_Logo.jpg\" alt=\"Fira de Barcelona logo\" width=\"400\" height=\"174\" align=\"middle\" data-name=\"url$https%3A%2F%2Fmma.prnewswire.com%2Fmedia%2F659718%2FFira_Barcelona_Logo.jpg\" \/><\/div>\n<p id=\"PURL\"><img loading=\"lazy\" decoding=\"async\" title=\"Cision\" width=\"12\" height=\"12\" alt=\"Cision\" src=\"https:\/\/edge.prnewswire.com\/c\/img\/favicon.png?sn=PT42949&amp;sd=2026-04-24\" \/> View original content:<a id=\"PRNURL\" rel=\"nofollow\" href=\"https:\/\/www.prnewswire.com\/br\/comunicados-para-a-imprensa\/stephane-rolland-transforma-a-noite-de-nupcias-de-barcelona-em-uma-celebracao-do-amor-302752822.html\" target=\"_blank\">https:\/\/www.prnewswire.com\/br\/comunicados-para-a-imprensa\/stephane-rolland-transforma-a-noite-de-nupcias-de-barcelona-em-uma-celebracao-do-amor-302752822.html<\/a><\/p>\n<p>FONTE Fira de Barcelona<\/p>\n<\/div>\n<p>  <img decoding=\"async\" alt=\"\" src=\"https:\/\/rt.prnewswire.com\/rt.gif?NewsItemId=PT42949&amp;Transmission_Id=202604240701PR_NEWS_LATAM____PT42949&amp;DateId=20260424\" style=\"border:0px;width:1px;height:1px\" \/><\/p>\n<p><strong>T\u00f3picos Relacionados:<\/strong> M\u00fasica, T\u00eaxteis, Not\u00edcias de Feiras Comerciais, Moda, Varejo, Arte, Cultura e Design, Servi\u00e7os de Casamento, Entretenimento<\/p>\n<p>A <b>OESP<\/b> n\u00e3o \u00e9(s\u00e3o) respons\u00e1vel(is) por erros, incorre\u00e7\u00f5es, atrasos ou quaisquer decis\u00f5es tomadas por seus clientes com base nos Conte\u00fados ora disponibilizados, bem como tais Conte\u00fados n\u00e3o representam a opini\u00e3o da <b>OESP<\/b> e s\u00e3o de inteira responsabilidade da <b>PR Newswire Ltda<\/b><\/p>\n","protected":false},"excerpt":{"rendered":"BARCELONA, Espanha, 24 de abril de 2026 \/PRNewswire\/ &#8212; O estilista franc\u00eas St\u00e9phane Rolland fez sua estreia na passarela espanhola na noite de quarta-feira na d\u00e9cima edi\u00e7\u00e3o da Noite de","protected":false},"author":1,"featured_media":128181,"comment_status":"open","ping_status":"closed","sticky":false,"template":"","format":"standard","meta":{"_acf_changed":false,"inline_featured_image":false,"_monsterinsights_skip_tracking":false,"_monsterinsights_sitenote_active":false,"_monsterinsights_sitenote_note":"","_monsterinsights_sitenote_category":0,"footnotes":""},"categories":[27],"tags":[9057,9058],"class_list":["post-128180","post","type-post","status-publish","format-standard","has-post-thumbnail","hentry","category-prnewswire","tag-o-estilista-frances-stephane-rolland-fez-sua-estreia-na-passarela-espanhola-na-noite-de-quarta-feira-na-decima-edicao-da-noite-de-nupcias-de-barcelona","tag-transformando-a-gala-em-um"],"acf":[],"_links":{"self":[{"href":"https:\/\/bluestudio.estadao.com.br\/agencia-de-comunicacao\/wp-json\/wp\/v2\/posts\/128180","targetHints":{"allow":["GET"]}}],"collection":[{"href":"https:\/\/bluestudio.estadao.com.br\/agencia-de-comunicacao\/wp-json\/wp\/v2\/posts"}],"about":[{"href":"https:\/\/bluestudio.estadao.com.br\/agencia-de-comunicacao\/wp-json\/wp\/v2\/types\/post"}],"author":[{"embeddable":true,"href":"https:\/\/bluestudio.estadao.com.br\/agencia-de-comunicacao\/wp-json\/wp\/v2\/users\/1"}],"replies":[{"embeddable":true,"href":"https:\/\/bluestudio.estadao.com.br\/agencia-de-comunicacao\/wp-json\/wp\/v2\/comments?post=128180"}],"version-history":[{"count":0,"href":"https:\/\/bluestudio.estadao.com.br\/agencia-de-comunicacao\/wp-json\/wp\/v2\/posts\/128180\/revisions"}],"wp:featuredmedia":[{"embeddable":true,"href":"https:\/\/bluestudio.estadao.com.br\/agencia-de-comunicacao\/wp-json\/wp\/v2\/media\/128181"}],"wp:attachment":[{"href":"https:\/\/bluestudio.estadao.com.br\/agencia-de-comunicacao\/wp-json\/wp\/v2\/media?parent=128180"}],"wp:term":[{"taxonomy":"category","embeddable":true,"href":"https:\/\/bluestudio.estadao.com.br\/agencia-de-comunicacao\/wp-json\/wp\/v2\/categories?post=128180"},{"taxonomy":"post_tag","embeddable":true,"href":"https:\/\/bluestudio.estadao.com.br\/agencia-de-comunicacao\/wp-json\/wp\/v2\/tags?post=128180"}],"curies":[{"name":"wp","href":"https:\/\/api.w.org\/{rel}","templated":true}]}}