{"id":128178,"date":"2026-04-24T07:57:00","date_gmt":"2026-04-24T10:57:00","guid":{"rendered":"https:\/\/bluestudio.estadao.com.br\/agencia-de-comunicacao\/prnewswire\/a-gac-international-e-allur-group-assinam-um-acordo-de-cooperacao-industrial-para-producao-kd-visando-avancar-na-producao-local-e-aprofundar-a-presenca-estrategica-no-mercado-da-cei\/"},"modified":"2026-04-24T07:57:00","modified_gmt":"2026-04-24T10:57:00","slug":"a-gac-international-e-allur-group-assinam-um-acordo-de-cooperacao-industrial-para-producao-kd-visando-avancar-na-producao-local-e-aprofundar-a-presenca-estrategica-no-mercado-da-cei","status":"publish","type":"post","link":"https:\/\/bluestudio.estadao.com.br\/agencia-de-comunicacao\/prnewswire\/a-gac-international-e-allur-group-assinam-um-acordo-de-cooperacao-industrial-para-producao-kd-visando-avancar-na-producao-local-e-aprofundar-a-presenca-estrategica-no-mercado-da-cei\/","title":{"rendered":"A GAC INTERNATIONAL e ALLUR Group assinam um acordo de coopera\u00e7\u00e3o industrial para produ\u00e7\u00e3o KD, visando avan\u00e7ar na produ\u00e7\u00e3o local e aprofundar a presen\u00e7a estrat\u00e9gica no mercado da CEI"},"content":{"rendered":"\n<div class=\"xn-content\">\n<span class=\"legendSpanClass\">GUANGZHOU, China<\/span>, <span class=\"legendSpanClass\">24 de abril de 2026<\/span> \/PRNewswire\/ &#8212; Em fevereiro de 2026, a GAC INTERNATIONAL e o ALLUR Group, uma importante empresa de fabrica\u00e7\u00e3o e distribui\u00e7\u00e3o automotiva do Cazaquist\u00e3o, assinaram oficialmente em Guangzhou um acordo de coopera\u00e7\u00e3o industrial para produ\u00e7\u00e3o KD.<\/p>\n<div id=\"prni_dvprnejpg4c4eleft\" dir=\"ltr\" style=\"width: 100%;text-align: left\"><img decoding=\"async\" id=\"prnejpg4c4eleft\" title=\" \" src=\"https:\/\/mma.prnewswire.com\/media\/2964132\/image_1.jpg\" alt=\" \" align=\"middle\" \/><\/div>\n<p>Chen Jiacai, vice-presidente do GAC Group e presidente da GAC INTERNATIONAL, e Oksana Kholstinina, presidente do ALLUR Group, participaram da reuni\u00e3o, trocaram cumprimentos e testemunharam juntos a cerim\u00f4nia de assinatura.<\/p>\n<p>Testemunhado pelos executivos seniores de ambos os lados, Lu Weicong, vice-presidente da GAC INTERNATIONAL, e Maxim Myagchilov, vice-presidente do ALLUR Group, assinaram o acordo de coopera\u00e7\u00e3o industrial para produ\u00e7\u00e3o KD em nome de suas respectivas empresas.<\/p>\n<p>Na cerim\u00f4nia de assinatura, Chen Jiacai declarou que essa parceria representa um passo significativo para o GAC aprofundar sua presen\u00e7a na regi\u00e3o da CEI, e que a empresa ir\u00e1 cultivar conjuntamente o mercado local em colabora\u00e7\u00e3o com o ALLUR.<\/p>\n<p>Oksana Kholstininina reconheceu fortemente a for\u00e7a de produtos e a filosofia de desenvolvimento da GAC, com expectativa de alcan\u00e7ar conjuntamente o desenvolvimento sustent\u00e1vel de longo prazo com a GAC.<\/p>\n<p>Como mercado central da regi\u00e3o da CEI, o Cazaquist\u00e3o funciona como um ponto estrat\u00e9gico para o cultivo direcionado da GAC em seu planejamento global. O ALLUR Group \u00e9 uma empresa l\u00edder no setor de fabrica\u00e7\u00e3o e distribui\u00e7\u00e3o automotiva do Cazaquist\u00e3o.<\/p>\n<p>A decis\u00e3o de firmar uma parceria de produ\u00e7\u00e3o KD com o ALLUR Group \u00e9 um movimento estrat\u00e9gico voltado para o futuro, baseado na percep\u00e7\u00e3o precisa da GAC. Por meio desta coopera\u00e7\u00e3o, as duas empresas ir\u00e3o promover conjuntamente a montagem, produ\u00e7\u00e3o e vendas localizadas de toda a linha de modelos da GAC.<\/p>\n<p>Esta assinatura n\u00e3o \u00e9 apenas um marco importante na parceria entre as duas empresas, mas tamb\u00e9m uma iniciativa fundamental para a GAC colocar em pr\u00e1tica sua estrat\u00e9gia de &#8220;GAC impulsionada pela tecnologia, avan\u00e7ando no alcance global com um ecossistema de cadeia completa&#8221;.<\/p>\n<p>Visando o futuro, \u00e0 medida que a coopera\u00e7\u00e3o for gradualmente implementada, a GAC utilizar\u00e1 o Cazaquist\u00e3o como um piv\u00f4 estrat\u00e9gico para aprofundar ainda mais sua presen\u00e7a localizada em toda a regi\u00e3o da CEI.<\/p>\n<p>Concomitantemente, a GAC aproveitar\u00e1 esta coopera\u00e7\u00e3o como uma oportunidade para avan\u00e7ar continuamente em sua estrat\u00e9gia de globaliza\u00e7\u00e3o, expandir incessantemente sua presen\u00e7a nos mercados internacionais e demonstrar ao mundo a for\u00e7a tecnol\u00f3gica e o encanto da marca dos fabricantes chineses de autom\u00f3veis, contribuindo com a for\u00e7a da GAC para o desenvolvimento sustent\u00e1vel do setor automotivo global.<\/p>\n<p>Para mais informa\u00e7\u00f5es sobre a GAC, acesse: <a href=\"https:\/\/www.gacgroup.com\/en\" target=\"_blank\" rel=\"nofollow\">https:\/\/www.gacgroup.com\/en<\/a> ou siga-nos nas redes sociais.<\/p>\n<p>Foto &#8211; <a href=\"https:\/\/mma.prnewswire.com\/media\/2964132\/image_1.jpg\" target=\"_blank\" rel=\"nofollow\">https:\/\/mma.prnewswire.com\/media\/2964132\/image_1.jpg<\/a><\/p>\n<p id=\"PURL\"><img loading=\"lazy\" decoding=\"async\" title=\"Cision\" width=\"12\" height=\"12\" alt=\"Cision\" src=\"https:\/\/edge.prnewswire.com\/c\/img\/favicon.png?sn=PT41974&amp;sd=2026-04-24\" \/> View original content:<a id=\"PRNURL\" rel=\"nofollow\" href=\"https:\/\/www.prnewswire.com\/br\/comunicados-para-a-imprensa\/a-gac-international-e-allur-group-assinam-um-acordo-de-cooperacao-industrial-para-producao-kd-visando-avancar-na-producao-local-e-aprofundar-a-presenca-estrategica-no-mercado-da-cei-302752817.html\" target=\"_blank\">https:\/\/www.prnewswire.com\/br\/comunicados-para-a-imprensa\/a-gac-international-e-allur-group-assinam-um-acordo-de-cooperacao-industrial-para-producao-kd-visando-avancar-na-producao-local-e-aprofundar-a-presenca-estrategica-no-mercado-da-cei-302752817.html<\/a><\/p>\n<p>FONTE GAC<\/p>\n<\/div>\n<p>  <img decoding=\"async\" alt=\"\" src=\"https:\/\/rt.prnewswire.com\/rt.gif?NewsItemId=PT41974&amp;Transmission_Id=202604240649PR_NEWS_LATAM____PT41974&amp;DateId=20260424\" style=\"border:0px;width:1px;height:1px\" \/><\/p>\n<p><strong>T\u00f3picos Relacionados:<\/strong> Acordos de Licenciamento\/Marketing, Transporte \/ Caminh\u00f5es \/ Ferrovias, Automotivo, Fabrica\u00e7\u00e3o Geral, Contratos<\/p>\n<p>A <b>OESP<\/b> n\u00e3o \u00e9(s\u00e3o) respons\u00e1vel(is) por erros, incorre\u00e7\u00f5es, atrasos ou quaisquer decis\u00f5es tomadas por seus clientes com base nos Conte\u00fados ora disponibilizados, bem como tais Conte\u00fados n\u00e3o representam a opini\u00e3o da <b>OESP<\/b> e s\u00e3o de inteira responsabilidade da <b>PR Newswire Ltda<\/b><\/p>\n","protected":false},"excerpt":{"rendered":"GUANGZHOU, China, 24 de abril de 2026 \/PRNewswire\/ &#8212; Em fevereiro de 2026, a GAC INTERNATIONAL e o ALLUR Group, uma importante empresa de fabrica\u00e7\u00e3o e distribui\u00e7\u00e3o automotiva do","protected":false},"author":1,"featured_media":128179,"comment_status":"open","ping_status":"closed","sticky":false,"template":"","format":"standard","meta":{"_acf_changed":false,"inline_featured_image":false,"_monsterinsights_skip_tracking":false,"_monsterinsights_sitenote_active":false,"_monsterinsights_sitenote_note":"","_monsterinsights_sitenote_category":0,"footnotes":""},"categories":[27],"tags":[9054,9056,9053,9055],"class_list":["post-128178","post","type-post","status-publish","format-standard","has-post-thumbnail","hentry","category-prnewswire","tag-a-gac-international-e-o-allur-group","tag-assinaram-oficialmente-em-guangzhou-um-ac","tag-em-fevereiro-de-2026","tag-uma-importante-empresa-de-fabricacao-e-distribuicao-automotiva-do-cazaquistao"],"acf":[],"_links":{"self":[{"href":"https:\/\/bluestudio.estadao.com.br\/agencia-de-comunicacao\/wp-json\/wp\/v2\/posts\/128178","targetHints":{"allow":["GET"]}}],"collection":[{"href":"https:\/\/bluestudio.estadao.com.br\/agencia-de-comunicacao\/wp-json\/wp\/v2\/posts"}],"about":[{"href":"https:\/\/bluestudio.estadao.com.br\/agencia-de-comunicacao\/wp-json\/wp\/v2\/types\/post"}],"author":[{"embeddable":true,"href":"https:\/\/bluestudio.estadao.com.br\/agencia-de-comunicacao\/wp-json\/wp\/v2\/users\/1"}],"replies":[{"embeddable":true,"href":"https:\/\/bluestudio.estadao.com.br\/agencia-de-comunicacao\/wp-json\/wp\/v2\/comments?post=128178"}],"version-history":[{"count":0,"href":"https:\/\/bluestudio.estadao.com.br\/agencia-de-comunicacao\/wp-json\/wp\/v2\/posts\/128178\/revisions"}],"wp:featuredmedia":[{"embeddable":true,"href":"https:\/\/bluestudio.estadao.com.br\/agencia-de-comunicacao\/wp-json\/wp\/v2\/media\/128179"}],"wp:attachment":[{"href":"https:\/\/bluestudio.estadao.com.br\/agencia-de-comunicacao\/wp-json\/wp\/v2\/media?parent=128178"}],"wp:term":[{"taxonomy":"category","embeddable":true,"href":"https:\/\/bluestudio.estadao.com.br\/agencia-de-comunicacao\/wp-json\/wp\/v2\/categories?post=128178"},{"taxonomy":"post_tag","embeddable":true,"href":"https:\/\/bluestudio.estadao.com.br\/agencia-de-comunicacao\/wp-json\/wp\/v2\/tags?post=128178"}],"curies":[{"name":"wp","href":"https:\/\/api.w.org\/{rel}","templated":true}]}}