{"id":128095,"date":"2026-04-23T09:49:32","date_gmt":"2026-04-23T12:49:32","guid":{"rendered":"https:\/\/bluestudio.estadao.com.br\/agencia-de-comunicacao\/?p=128095"},"modified":"2026-04-23T09:49:32","modified_gmt":"2026-04-23T12:49:32","slug":"minerais-criticos-relatorio-adiado-maio","status":"publish","type":"post","link":"https:\/\/bluestudio.estadao.com.br\/agencia-de-comunicacao\/agencia-minera-brasil\/minerais-criticos-relatorio-adiado-maio\/","title":{"rendered":"Minerais cr\u00edticos: Relator adia apresenta\u00e7\u00e3o do parecer para dia 4 de maio \u00e0 pedido do governo"},"content":{"rendered":"\n<p>Deputado Arnaldo Jardim afirma que a mudan\u00e7a atende a um novo pedido do Executivo federal.<\/p>\n\n\n\n<p>O relator do projeto que institui a Pol\u00edtica Nacional de Minerais Cr\u00edticos e Estrat\u00e9gicos (PL 2780\/24), o deputado Arnaldo Jardim (Cidadania-SP), adiou a apresenta\u00e7\u00e3o do relat\u00f3rio para o dia 4 de maio.<\/p>\n\n\n\n<p>Segundo ele, houve um novo pedido de adiamento da parte do governo para que sejam formalizadas sugest\u00f5es e apontamentos. Um dos principais pontos de embate trata da n\u00e3o inclus\u00e3o no relat\u00f3rio da cria\u00e7\u00e3o da Terrabras, estatal defendida pelo governo para coordenar a atua\u00e7\u00e3o brasileira em minerais cr\u00edticos.<\/p>\n\n\n\n<p>Ainda nesta quarta-feira (22), ocorre uma reuni\u00e3o dos minist\u00e9rios relacionados para tratar sobre o assunto com o presidente Lula (PT). Participam os ministros de Minas e Energia, Alexandre Silveira (PSD); da Casa Civil, Miriam Belchior; da Fazenda, Dario Durigan; do Desenvolvimento, Ind\u00fastria, Com\u00e9rcio e Servi\u00e7os, M\u00e1rcio Elias; do Planejamento e Or\u00e7amento, Bruno Moretti; da Secretaria de Rela\u00e7\u00f5es Institucionais, Jos\u00e9 Guimar\u00e3es (PT); da Secretaria de Comunica\u00e7\u00e3o Social, Sid\u00f4nio Palmeira; e o Assessor-Chefe da Assessoria Especial do Presidente da Rep\u00fablica, Celso Amorim.<\/p>\n\n\n\n<p><strong>Relat\u00f3rio<\/strong>: O novo texto deve contar, entre outras medidas, com um Fundo Garantidor da atividade mineral e um programa federal que atuar\u00e1 como fonte de recursos para o beneficiamento e transforma\u00e7\u00e3o da ind\u00fastria de minera\u00e7\u00e3o. O relat\u00f3rio tamb\u00e9m deve instituir um certificado mineral de baixo carbono, um cadastro nacional de minerais cr\u00edticos e estrat\u00e9gicos, para a identifica\u00e7\u00e3o, e leil\u00f5es para a produ\u00e7\u00e3o de minerais.<\/p>\n\n\n\n<p>A\u00a0<strong>OESP\u00a0<\/strong>n\u00e3o \u00e9 respons\u00e1vel por erros, incorre\u00e7\u00f5es, atrasos ou quaisquer decis\u00f5es tomadas por seus clientes com base nos Conte\u00fados ora disponibilizados, bem como tais Conte\u00fados n\u00e3o representam a opini\u00e3o da\u00a0<strong>OESP\u00a0<\/strong>e s\u00e3o de inteira responsabilidade da\u00a0<strong>Ag\u00eancia Minera Brasil<\/strong>.<\/p>\n\n\n\n<p><\/p>\n","protected":false},"excerpt":{"rendered":"Deputado Arnaldo Jardim afirma que a mudan\u00e7a atende a um novo pedido do Executivo federal.","protected":false},"author":16,"featured_media":128096,"comment_status":"open","ping_status":"closed","sticky":false,"template":"","format":"standard","meta":{"_acf_changed":false,"inline_featured_image":false,"_monsterinsights_skip_tracking":false,"_monsterinsights_sitenote_active":false,"_monsterinsights_sitenote_note":"","_monsterinsights_sitenote_category":0,"footnotes":""},"categories":[351],"tags":[],"class_list":["post-128095","post","type-post","status-publish","format-standard","has-post-thumbnail","hentry","category-agencia-minera-brasil"],"acf":[],"_links":{"self":[{"href":"https:\/\/bluestudio.estadao.com.br\/agencia-de-comunicacao\/wp-json\/wp\/v2\/posts\/128095","targetHints":{"allow":["GET"]}}],"collection":[{"href":"https:\/\/bluestudio.estadao.com.br\/agencia-de-comunicacao\/wp-json\/wp\/v2\/posts"}],"about":[{"href":"https:\/\/bluestudio.estadao.com.br\/agencia-de-comunicacao\/wp-json\/wp\/v2\/types\/post"}],"author":[{"embeddable":true,"href":"https:\/\/bluestudio.estadao.com.br\/agencia-de-comunicacao\/wp-json\/wp\/v2\/users\/16"}],"replies":[{"embeddable":true,"href":"https:\/\/bluestudio.estadao.com.br\/agencia-de-comunicacao\/wp-json\/wp\/v2\/comments?post=128095"}],"version-history":[{"count":1,"href":"https:\/\/bluestudio.estadao.com.br\/agencia-de-comunicacao\/wp-json\/wp\/v2\/posts\/128095\/revisions"}],"predecessor-version":[{"id":128097,"href":"https:\/\/bluestudio.estadao.com.br\/agencia-de-comunicacao\/wp-json\/wp\/v2\/posts\/128095\/revisions\/128097"}],"wp:featuredmedia":[{"embeddable":true,"href":"https:\/\/bluestudio.estadao.com.br\/agencia-de-comunicacao\/wp-json\/wp\/v2\/media\/128096"}],"wp:attachment":[{"href":"https:\/\/bluestudio.estadao.com.br\/agencia-de-comunicacao\/wp-json\/wp\/v2\/media?parent=128095"}],"wp:term":[{"taxonomy":"category","embeddable":true,"href":"https:\/\/bluestudio.estadao.com.br\/agencia-de-comunicacao\/wp-json\/wp\/v2\/categories?post=128095"},{"taxonomy":"post_tag","embeddable":true,"href":"https:\/\/bluestudio.estadao.com.br\/agencia-de-comunicacao\/wp-json\/wp\/v2\/tags?post=128095"}],"curies":[{"name":"wp","href":"https:\/\/api.w.org\/{rel}","templated":true}]}}