{"id":128082,"date":"2026-04-23T07:42:00","date_gmt":"2026-04-23T10:42:00","guid":{"rendered":"https:\/\/bluestudio.estadao.com.br\/agencia-de-comunicacao\/prnewswire\/projeto-de-fabio-teruel-quer-proteger-criancas-nas-redes-sociais-e-chama-atencao-para-o-papel-da-familia\/"},"modified":"2026-04-23T07:42:00","modified_gmt":"2026-04-23T10:42:00","slug":"projeto-de-fabio-teruel-quer-proteger-criancas-nas-redes-sociais-e-chama-atencao-para-o-papel-da-familia","status":"publish","type":"post","link":"https:\/\/bluestudio.estadao.com.br\/agencia-de-comunicacao\/prnewswire\/projeto-de-fabio-teruel-quer-proteger-criancas-nas-redes-sociais-e-chama-atencao-para-o-papel-da-familia\/","title":{"rendered":"Projeto de F\u00e1bio Teruel quer proteger crian\u00e7as nas redes sociais e chama aten\u00e7\u00e3o para o papel da fam\u00edlia"},"content":{"rendered":"\n<div class=\"xn-content\">\n<div class=\"PRN_ImbeddedAssetReference\" id=\"DivAssetPlaceHolder1379\">\n<a href=\"https:\/\/mma.prnewswire.com\/media\/2964021\/foto_Divulga__o_Inf_ncia_Digital_Segura.html\" target=\"_blank\" rel=\"nofollow\"><img decoding=\"async\" src=\"https:\/\/mma.prnewswire.com\/media\/2964021\/foto_Divulga__o_Inf_ncia_Digital_Segura.jpg\" title=\"\" alt=\"\" \/><\/a><\/p>\n<\/div>\n<p><span class=\"legendSpanClass\">BRAS\u00cdLIA, Brazil<\/span>, <span class=\"legendSpanClass\">23 de abril de 2026<\/span> \/PRNewswire\/ &#8212; Ao navegar pelas redes sociais, \u00e9 comum encontrar v\u00eddeos e fotos de crian\u00e7as talentosas, espont\u00e2neas e cheias de alegria &#8212; conte\u00fados que divertem e aquecem o cora\u00e7\u00e3o. Mas, para que essa exposi\u00e7\u00e3o continue sendo positiva, cresce o alerta sobre os riscos no ambiente digital, especialmente com o avan\u00e7o do bullying nas redes.<\/p>\n<p>O que antes ficava mais restrito ao ambiente escolar ganhou novas propor\u00e7\u00f5es. Hoje, o chamado <b>cyberbullying<\/b> &#8212; agress\u00f5es e constrangimentos feitos pela internet &#8212; atinge crian\u00e7as e adolescentes em redes sociais e aplicativos de mensagens.<\/p>\n<p>Diante desse cen\u00e1rio, o deputado federal F\u00e1bio Teruel (MDB-SP), com participa\u00e7\u00e3o ativa nesse debate, apresentou um projeto de lei que estabelece regras para proteger crian\u00e7as e adolescentes nas redes sociais, inclusive quando a exposi\u00e7\u00e3o parte da pr\u00f3pria fam\u00edlia.<\/p>\n<p><i>&#8220;A internet faz parte da vida das fam\u00edlias e traz muitas coisas boas. Mas, muitas vezes, sem perceber, um conte\u00fado que parece fofo ou divertido pode acabar sendo usado de forma negativa, como para bulling, gerando <\/i><i>impactos <\/i><i>emocionais s\u00e9rios na crian\u00e7a,<\/i><i> como ansiedade, baixa autoestima,<\/i> <i>depress\u00e3o <\/i><i>e preju\u00edzos no desenvolvimento da crian\u00e7a. Temos que cuidar disso&#8221;,<\/i> afirma o deputado.<\/p>\n<p>Especialistas tamb\u00e9m alertam para riscos como danos emocionais da exposi\u00e7\u00e3o excessiva. Nesse contexto, a <b>Lei da Inf\u00e2ncia Digital Segura<\/b> prop\u00f5e regras para evitar abusos e garantir mais prote\u00e7\u00e3o \u00e0 inf\u00e2ncia no ambiente digital.<\/p>\n<p>Pesquisas refor\u00e7am a preocupa\u00e7\u00e3o: 34% dos casos de <i>cyberbullying<\/i> envolvendo menores est\u00e3o relacionados a conte\u00fados compartilhados por familiares (SaferNet Brasil, 2022). Al\u00e9m disso, 56% dos jovens relatam terem se sentido constrangidos ou sofrido danos psicol\u00f3gicos por conte\u00fados publicados sobre eles na internet por seus pr\u00f3prios respons\u00e1veis. Esse dado \u00e9 da UNICEF (Brasil, 2023), que tamb\u00e9m alerta que 12% das crian\u00e7as at\u00e9 cinco anos j\u00e1 tiveram seus dados usados indevidamente para fraudes e roubo de identidade. <\/p>\n<p>Considerando que os dados indicam que essa viol\u00eancia digital frequentemente come\u00e7a no pr\u00f3prio ambiente dom\u00e9stico, a chamada <b>Lei da Inf\u00e2ncia Digital Segura<\/b>, cria regras claras para proteger crian\u00e7as e adolescentes da exposi\u00e7\u00e3o e explora\u00e7\u00e3o na internet, inclusive quando feita pelos pr\u00f3prios pais.<\/p>\n<p><b>O que o PL 1665\/2026 prop\u00f5e na pr\u00e1tica:<\/b><\/p>\n<ul type=\"disc\">\n<li><b>Mais prote\u00e7\u00e3o:<\/b> conte\u00fados que gerem renda com a imagem da crian\u00e7a, como v\u00eddeos monetizados ou publicidade, dever\u00e3o ter autoriza\u00e7\u00e3o da Justi\u00e7a &#8212; como j\u00e1 ocorre com artistas mirins, para garantir que a atividade n\u00e3o prejudique os estudos nem a inf\u00e2ncia.<\/li>\n<li><b>Dinheiro guardado:<\/b> parte dos ganhos dever\u00e1 ser reservada para o futuro da crian\u00e7a.<\/li>\n<li><b>Mais responsabilidade para os pais:<\/b> o projeto refor\u00e7a o dever de proteger a privacidade e evitar exposi\u00e7\u00f5es constrangedoras ou perigosas.<\/li>\n<li><b>Plataformas mais atentas:<\/b> redes sociais dever\u00e3o agir em casos irregulares, podendo suspender monetiza\u00e7\u00e3o e at\u00e9 retirar contas do ar.<\/li>\n<\/ul>\n<p>Para Teruel, a proposta busca estabelecer equil\u00edbrio entre afeto, exposi\u00e7\u00e3o e prote\u00e7\u00e3o. <i>&#8220;<\/i><i>Esse projeto \u00e9 a favor as fam\u00edlias,<\/i> <i>para garantir que a presen\u00e7a das nossas crian\u00e7as nas redes aconte\u00e7a de forma segura, respeitando seu o desenvolvimento e o seu futuro.<\/i><i> \u00c9 isso que todas as m\u00e3es e todos os pais desejam para os seus filhos.&#8221; <\/i>O projeto come\u00e7a agora a tramitar na C\u00e2mara dos Deputados.<br \/><b> Acesso a PL <\/b><b>o PL 1665\/2026 <\/b><b>na \u00edntegra<\/b> <a href=\"https:\/\/www.camara.leg.br\/proposicoesWeb\/fichadetramitacao?idProposicao=2614037\" target=\"_blank\" rel=\"nofollow\">https:\/\/www.camara.leg.br\/proposicoesWeb\/fichadetramitacao?idProposicao=2614037<\/a> <\/p>\n<p>Foto &#8211; <a href=\"https:\/\/mma.prnewswire.com\/media\/2964021\/foto_Divulga__o_Inf_ncia_Digital_Segura.jpg\" target=\"_blank\" rel=\"nofollow\">https:\/\/mma.prnewswire.com\/media\/2964021\/foto_Divulga__o_Inf_ncia_Digital_Segura.jpg<\/a><\/p>\n<div class=\"PRN_ImbeddedAssetReference\" id=\"DivAssetPlaceHolder0\"><\/div>\n<p id=\"PURL\"><img loading=\"lazy\" decoding=\"async\" title=\"Cision\" width=\"12\" height=\"12\" alt=\"Cision\" src=\"https:\/\/edge.prnewswire.com\/c\/img\/favicon.png?sn=PT41887&amp;sd=2026-04-23\" \/> View original content to download multimedia:<a id=\"PRNURL\" rel=\"nofollow\" href=\"https:\/\/www.prnewswire.com\/br\/comunicados-para-a-imprensa\/projeto-de-fabio-teruel-quer-proteger-criancas-nas-redes-sociais-e-chama-atencao-para-o-papel-da-familia-302751639.html\" target=\"_blank\">https:\/\/www.prnewswire.com\/br\/comunicados-para-a-imprensa\/projeto-de-fabio-teruel-quer-proteger-criancas-nas-redes-sociais-e-chama-atencao-para-o-papel-da-familia-302751639.html<\/a><\/p>\n<p>FONTE F\u00e1bio Teruel<\/p>\n<\/div>\n<p>  <img decoding=\"async\" alt=\"\" src=\"https:\/\/rt.prnewswire.com\/rt.gif?NewsItemId=PT41887&amp;Transmission_Id=202604230600PR_NEWS_LATAM____PT41887&amp;DateId=20260423\" style=\"border:0px;width:1px;height:1px\" \/><\/p>\n<p><strong>T\u00f3picos Relacionados:<\/strong> Telecomunica\u00e7\u00f5es, Not\u00edcias Relacionadas a Crian\u00e7as, Diversidade, Equidade e Inclus\u00e3o, Computador\/Eletr\u00f4nica, Tecnologia de Internet<\/p>\n<p>A <b>OESP<\/b> n\u00e3o \u00e9(s\u00e3o) respons\u00e1vel(is) por erros, incorre\u00e7\u00f5es, atrasos ou quaisquer decis\u00f5es tomadas por seus clientes com base nos Conte\u00fados ora disponibilizados, bem como tais Conte\u00fados n\u00e3o representam a opini\u00e3o da <b>OESP<\/b> e s\u00e3o de inteira responsabilidade da <b>PR Newswire Ltda<\/b><\/p>\n","protected":false},"excerpt":{"rendered":"BRAS\u00cdLIA, Brazil, 23 de abril de 2026 \/PRNewswire\/ &#8212; Ao navegar pelas redes sociais, \u00e9 comum encontrar v\u00eddeos e fotos de crian\u00e7as talentosas, espont\u00e2neas e cheias de alegria &#8212;","protected":false},"author":1,"featured_media":128083,"comment_status":"open","ping_status":"closed","sticky":false,"template":"","format":"standard","meta":{"_acf_changed":false,"inline_featured_image":false,"_monsterinsights_skip_tracking":false,"_monsterinsights_sitenote_active":false,"_monsterinsights_sitenote_note":"","_monsterinsights_sitenote_category":0,"footnotes":""},"categories":[27],"tags":[8978,8979,8980,8981],"class_list":["post-128082","post","type-post","status-publish","format-standard","has-post-thumbnail","hentry","category-prnewswire","tag-ao-navegar-pelas-redes-sociais","tag-e-comum-encontrar-videos-e-fotos-de-criancas-talentosas","tag-espontaneas-e-cheias-de-alegria-conteudos-que-divertem-e-aquecem-o-coracao-mas","tag-para-q"],"acf":[],"_links":{"self":[{"href":"https:\/\/bluestudio.estadao.com.br\/agencia-de-comunicacao\/wp-json\/wp\/v2\/posts\/128082","targetHints":{"allow":["GET"]}}],"collection":[{"href":"https:\/\/bluestudio.estadao.com.br\/agencia-de-comunicacao\/wp-json\/wp\/v2\/posts"}],"about":[{"href":"https:\/\/bluestudio.estadao.com.br\/agencia-de-comunicacao\/wp-json\/wp\/v2\/types\/post"}],"author":[{"embeddable":true,"href":"https:\/\/bluestudio.estadao.com.br\/agencia-de-comunicacao\/wp-json\/wp\/v2\/users\/1"}],"replies":[{"embeddable":true,"href":"https:\/\/bluestudio.estadao.com.br\/agencia-de-comunicacao\/wp-json\/wp\/v2\/comments?post=128082"}],"version-history":[{"count":0,"href":"https:\/\/bluestudio.estadao.com.br\/agencia-de-comunicacao\/wp-json\/wp\/v2\/posts\/128082\/revisions"}],"wp:featuredmedia":[{"embeddable":true,"href":"https:\/\/bluestudio.estadao.com.br\/agencia-de-comunicacao\/wp-json\/wp\/v2\/media\/128083"}],"wp:attachment":[{"href":"https:\/\/bluestudio.estadao.com.br\/agencia-de-comunicacao\/wp-json\/wp\/v2\/media?parent=128082"}],"wp:term":[{"taxonomy":"category","embeddable":true,"href":"https:\/\/bluestudio.estadao.com.br\/agencia-de-comunicacao\/wp-json\/wp\/v2\/categories?post=128082"},{"taxonomy":"post_tag","embeddable":true,"href":"https:\/\/bluestudio.estadao.com.br\/agencia-de-comunicacao\/wp-json\/wp\/v2\/tags?post=128082"}],"curies":[{"name":"wp","href":"https:\/\/api.w.org\/{rel}","templated":true}]}}