{"id":127971,"date":"2026-04-22T07:40:00","date_gmt":"2026-04-22T10:40:00","guid":{"rendered":"https:\/\/bluestudio.estadao.com.br\/agencia-de-comunicacao\/saftec-digital\/eficiencia-operacional-ganha-centralidade-no-setor-de-embalagens-plasticas-avalia-elias-assum-sabbag-junior\/"},"modified":"2026-04-22T07:40:00","modified_gmt":"2026-04-22T10:40:00","slug":"eficiencia-operacional-ganha-centralidade-no-setor-de-embalagens-plasticas-avalia-elias-assum-sabbag-junior","status":"publish","type":"post","link":"https:\/\/bluestudio.estadao.com.br\/agencia-de-comunicacao\/saftec-digital\/eficiencia-operacional-ganha-centralidade-no-setor-de-embalagens-plasticas-avalia-elias-assum-sabbag-junior\/","title":{"rendered":"Efici\u00eancia operacional ganha centralidade no setor de embalagens pl\u00e1sticas, avalia Elias Assum Sabbag Junior"},"content":{"rendered":"<p><b>Press\u00e3o sobre custos e margens leva ind\u00fastria a adotar gest\u00e3o mais integrada e disciplinada para sustentar competitividade.<\/b><\/p>\n<p>A busca por efici\u00eancia operacional tem se consolidado como um dos principais vetores de competitividade no setor de embalagens pl\u00e1sticas, em um contexto marcado por press\u00e3o sobre custos, volatilidade de insumos e necessidade de ganho de produtividade. Empresas do segmento t\u00eam ampliado investimentos em gest\u00e3o e organiza\u00e7\u00e3o de processos para preservar margens e garantir previsibilidade.<\/p>\n<p>O empres\u00e1rio Elias Assum Sabbag Junior avalia que a efici\u00eancia deixou de ser apenas uma quest\u00e3o operacional e passou a integrar a estrat\u00e9gia das companhias, especialmente em ambientes industriais mais expostos a oscila\u00e7\u00f5es econ\u00f4micas.<\/p>\n<p><b>Padroniza\u00e7\u00e3o de processos reduz variabilidade e melhora controle de custos<\/b><\/p>\n<p>A ado\u00e7\u00e3o de processos padronizados tem sido uma das principais alavancas para aumentar a previsibilidade nas opera\u00e7\u00f5es industriais. Com crit\u00e9rios t\u00e9cnicos definidos, empresas reduzem varia\u00e7\u00f5es produtivas e depend\u00eancia de ajustes pontuais. Esse movimento contribui para melhorar o controle de custos e reduzir desperd\u00edcios, al\u00e9m de facilitar o planejamento financeiro. <\/p>\n<p>Em um setor sens\u00edvel ao pre\u00e7o de mat\u00e9rias-primas, a previsibilidade operacional se torna um diferencial relevante. Segundo Elias Assum Sabbag Junior, opera\u00e7\u00f5es mais estruturadas tendem a apresentar maior estabilidade, o que reduz exposi\u00e7\u00e3o a riscos e fortalece a competitividade.<\/p>\n<p><b>Qualifica\u00e7\u00e3o t\u00e9cnica impacta produtividade e desempenho financeiro<\/b><\/p>\n<p>A capacita\u00e7\u00e3o das equipes tem ganhado relev\u00e2ncia na medida em que processos industriais se tornam mais complexos e exigem maior precis\u00e3o. Profissionais com maior preparo t\u00e9cnico contribuem para identificar falhas, antecipar problemas e ajustar opera\u00e7\u00f5es com mais rapidez.<\/p>\n<p>Esse fator influencia diretamente a produtividade e reduz custos associados a corre\u00e7\u00f5es emergenciais. Al\u00e9m disso, melhora a qualidade das decis\u00f5es operacionais, com impacto no desempenho financeiro das empresas. Elias Assum Sabbag Junior observa que o investimento em qualifica\u00e7\u00e3o tende a gerar ganhos consistentes ao longo do tempo, especialmente em opera\u00e7\u00f5es de maior escala.<\/p>\n<p><b>Integra\u00e7\u00e3o entre \u00e1reas fortalece efici\u00eancia sist\u00eamica<\/b><\/p>\n<p>A coordena\u00e7\u00e3o entre setores como produ\u00e7\u00e3o, log\u00edstica, qualidade e gest\u00e3o tem se mostrado determinante para consolidar ganhos de efici\u00eancia. Empresas que operam com maior integra\u00e7\u00e3o interna reduzem ru\u00eddos, otimizam fluxos e melhoram a execu\u00e7\u00e3o de estrat\u00e9gias.<\/p>\n<p>Essa abordagem sist\u00eamica permite respostas mais r\u00e1pidas a mudan\u00e7as de mercado e contribui para maior consist\u00eancia operacional. De acordo com Elias Assum Sabbag Junior, a efici\u00eancia depende cada vez menos de a\u00e7\u00f5es isoladas e mais da capacidade de alinhar diferentes \u00e1reas em torno de objetivos comuns.<\/p>\n<p><b>Efici\u00eancia se torna fator-chave para sustentar competitividade<\/b><\/p>\n<p>A combina\u00e7\u00e3o entre padroniza\u00e7\u00e3o, qualifica\u00e7\u00e3o t\u00e9cnica e integra\u00e7\u00e3o operacional tem reposicionado a efici\u00eancia como elemento central na estrat\u00e9gia das empresas do setor de embalagens pl\u00e1sticas. Em um ambiente de maior press\u00e3o econ\u00f4mica, a capacidade de operar com controle de custos e previsibilidade tende a definir o posicionamento competitivo das companhias. Nesse cen\u00e1rio, pr\u00e1ticas de gest\u00e3o mais estruturadas indicam uma mudan\u00e7a de abordagem na ind\u00fastria, com foco crescente em efici\u00eancia como instrumento de sustenta\u00e7\u00e3o de resultados.<\/p>\n<p>A <b>OESP<\/b> n\u00e3o \u00e9(s\u00e3o) respons\u00e1vel(is) por erros, incorre\u00e7\u00f5es, atrasos ou quaisquer decis\u00f5es tomadas por seus clientes com base nos Conte\u00fados ora disponibilizados, bem como tais Conte\u00fados n\u00e3o representam a opini\u00e3o da <b>OESP<\/b> e s\u00e3o de inteira responsabilidade da <b>Ag\u00eancia Saftec<\/b><\/p>\n","protected":false},"excerpt":{"rendered":"Press\u00e3o sobre custos e margens leva ind\u00fastria a adotar gest\u00e3o mais integrada e disciplinada para sustentar competitividade. A busca por efici\u00eancia operacional tem se consolidado como um dos","protected":false},"author":1,"featured_media":127972,"comment_status":"open","ping_status":"closed","sticky":false,"template":"","format":"standard","meta":{"_acf_changed":false,"inline_featured_image":false,"_monsterinsights_skip_tracking":false,"_monsterinsights_sitenote_active":false,"_monsterinsights_sitenote_note":"","_monsterinsights_sitenote_category":0,"footnotes":""},"categories":[525],"tags":[],"class_list":["post-127971","post","type-post","status-publish","format-standard","has-post-thumbnail","hentry","category-saftec-digital"],"acf":[],"_links":{"self":[{"href":"https:\/\/bluestudio.estadao.com.br\/agencia-de-comunicacao\/wp-json\/wp\/v2\/posts\/127971","targetHints":{"allow":["GET"]}}],"collection":[{"href":"https:\/\/bluestudio.estadao.com.br\/agencia-de-comunicacao\/wp-json\/wp\/v2\/posts"}],"about":[{"href":"https:\/\/bluestudio.estadao.com.br\/agencia-de-comunicacao\/wp-json\/wp\/v2\/types\/post"}],"author":[{"embeddable":true,"href":"https:\/\/bluestudio.estadao.com.br\/agencia-de-comunicacao\/wp-json\/wp\/v2\/users\/1"}],"replies":[{"embeddable":true,"href":"https:\/\/bluestudio.estadao.com.br\/agencia-de-comunicacao\/wp-json\/wp\/v2\/comments?post=127971"}],"version-history":[{"count":0,"href":"https:\/\/bluestudio.estadao.com.br\/agencia-de-comunicacao\/wp-json\/wp\/v2\/posts\/127971\/revisions"}],"wp:featuredmedia":[{"embeddable":true,"href":"https:\/\/bluestudio.estadao.com.br\/agencia-de-comunicacao\/wp-json\/wp\/v2\/media\/127972"}],"wp:attachment":[{"href":"https:\/\/bluestudio.estadao.com.br\/agencia-de-comunicacao\/wp-json\/wp\/v2\/media?parent=127971"}],"wp:term":[{"taxonomy":"category","embeddable":true,"href":"https:\/\/bluestudio.estadao.com.br\/agencia-de-comunicacao\/wp-json\/wp\/v2\/categories?post=127971"},{"taxonomy":"post_tag","embeddable":true,"href":"https:\/\/bluestudio.estadao.com.br\/agencia-de-comunicacao\/wp-json\/wp\/v2\/tags?post=127971"}],"curies":[{"name":"wp","href":"https:\/\/api.w.org\/{rel}","templated":true}]}}