{"id":127917,"date":"2026-04-20T18:48:37","date_gmt":"2026-04-20T21:48:37","guid":{"rendered":"https:\/\/bluestudio.estadao.com.br\/agencia-de-comunicacao\/?p=127917"},"modified":"2026-04-20T18:48:37","modified_gmt":"2026-04-20T21:48:37","slug":"medicina-regenerativa-belo-horizonte-protocolo","status":"publish","type":"post","link":"https:\/\/bluestudio.estadao.com.br\/agencia-de-comunicacao\/releases\/releases-geral\/medicina-regenerativa-belo-horizonte-protocolo\/","title":{"rendered":"Fotobiomodula\u00e7\u00e3o, Laser Regenerativo e MCT: como Belo Horizonte se tornou o epicentro da medicina regenerativa no Brasil"},"content":{"rendered":"\n<p><em>Essence Health Institute lan\u00e7a em BH o primeiro protocolo de Medicina Regenerativa do Brasil, unindo Fotobiomodula\u00e7\u00e3o, Laser Regenerativo e MCT em uma \u00fanica abordagem cl\u00ednica.<\/em><\/p>\n\n\n\n<figure class=\"wp-block-image size-full\"><img loading=\"lazy\" decoding=\"async\" width=\"1000\" height=\"557\" src=\"https:\/\/bluestudio.estadao.com.br\/agencia-de-comunicacao\/wp-content\/uploads\/2026\/04\/medicina-regenerativa-bh-protocolo-avancado.jpg\" alt=\"\" class=\"wp-image-127918\" srcset=\"https:\/\/bluestudio.estadao.com.br\/agencia-de-comunicacao\/wp-content\/uploads\/2026\/04\/medicina-regenerativa-bh-protocolo-avancado.jpg 1000w, https:\/\/bluestudio.estadao.com.br\/agencia-de-comunicacao\/wp-content\/uploads\/2026\/04\/medicina-regenerativa-bh-protocolo-avancado-300x167.jpg 300w, https:\/\/bluestudio.estadao.com.br\/agencia-de-comunicacao\/wp-content\/uploads\/2026\/04\/medicina-regenerativa-bh-protocolo-avancado-768x428.jpg 768w\" sizes=\"auto, (max-width: 1000px) 100vw, 1000px\" \/><figcaption class=\"wp-element-caption\"><sup><em>O primeiro N\u00facleo de Medicina Regenerativa do Brasil chegou \u2014 e est\u00e1 em Belo Horizonte. Entenda por que esse protocolo \u00e9 diferente de tudo que existia at\u00e9 agora.<\/em> Foto: Divulga\u00e7\u00e3o<\/sup><\/figcaption><\/figure>\n\n\n\n<p>Tem momentos em que a medicina para de apenas gerenciar e come\u00e7a a restaurar. N\u00e3o \u00e9 uma promessa de futuro. \u00c9 o que est\u00e1 acontecendo agora, em Belo Horizonte, no bairro Belvedere, dentro do N\u00facleo de Medicina Regenerativa da <a href=\"https:\/\/essencehealth.com.br\/\">Essence Health Institute<\/a> \u2014 o primeiro do Brasil a reunir, em um \u00fanico protocolo cl\u00ednico, tr\u00eas tecnologias que separadas j\u00e1 s\u00e3o poderosas e juntas se tornam algo in\u00e9dito no pa\u00eds.<\/p>\n\n\n\n<p>A pergunta que orienta todo o trabalho do n\u00facleo \u00e9 simples, mas raramente feita pela medicina convencional: em vez de compensar o que o corpo perdeu, por que n\u00e3o ajud\u00e1-lo a recuperar por conta pr\u00f3pria? Essa \u00e9 a base da Medicina Regenerativa \u2014 e \u00e9 o que diferencia esse protocolo de qualquer abordagem dispon\u00edvel no Brasil at\u00e9 hoje.<\/p>\n\n\n\n<p><em>&#8220;N\u00e3o tratamos apenas o corpo \u2014 restauramos a ess\u00eancia da sa\u00fade. A Medicina Regenerativa \u00e9 a express\u00e3o mais completa dessa filosofia.&#8221;<\/em><\/p>\n\n\n\n<h2 class=\"wp-block-heading\"><strong>O que faz esse protocolo ser in\u00e9dito?<\/strong><\/h2>\n\n\n\n<p>N\u00e3o \u00e9 uma tecnologia nova. N\u00e3o \u00e9 um tratamento isolado. O que a Essence Health Institute construiu \u00e9 uma sequ\u00eancia cl\u00ednica em que cada etapa foi desenhada para preparar e amplificar a seguinte \u2014 criando um efeito regenerativo que nenhuma das tr\u00eas tecnologias alcan\u00e7aria sozinha.<\/p>\n\n\n\n<p>O primeiro pilar \u00e9 a Fotobiomodula\u00e7\u00e3o. Comprimentos de onda espec\u00edficos de luz vermelha e infravermelha penetram profundamente nos tecidos e ativam a cadeia respirat\u00f3ria mitocondrial \u2014 a usina de energia de cada c\u00e9lula. O resultado \u00e9 um aumento expressivo na produ\u00e7\u00e3o de ATP celular, redu\u00e7\u00e3o dos mediadores inflamat\u00f3rios e acelera\u00e7\u00e3o dos processos naturais de reparo. Em termos diretos: as c\u00e9lulas acordam, ficam mais fortes e voltam a trabalhar.<\/p>\n\n\n\n<p>O segundo pilar \u00e9 o Laser Regenerativo. Com precis\u00e3o cir\u00fargica nos tecidos-alvo, estimula a produ\u00e7\u00e3o de col\u00e1geno novo \u2014 n\u00e3o apenas a reorganiza\u00e7\u00e3o do existente \u2014, promove a forma\u00e7\u00e3o de novos vasos sangu\u00edneos e ativa cascatas de sinaliza\u00e7\u00e3o celular que preparam o organismo para receber o que vem a seguir.<\/p>\n\n\n\n<p>O terceiro pilar \u00e9 o MCT \u2014 Meta Cell Technology. Os exossomos s\u00e3o derivados das pr\u00f3prias c\u00e9lulas-tronco mesenquimais do paciente, cultivadas sob rigoroso controle de qualidade com a tecnologia propriet\u00e1ria da MetaCellTech. Cada dose carrega mais de 200 bilh\u00f5es de nanopart\u00edculas bioativas com fatores de crescimento, citocinas anti-inflamat\u00f3rias e microRNAs que reprogramam o microambiente celular. Por serem aut\u00f3logos \u2014 originados do pr\u00f3prio organismo \u2014 garantem biocompatibilidade total e eliminam qualquer risco de rejei\u00e7\u00e3o imunol\u00f3gica.<\/p>\n\n\n\n<h2 class=\"wp-block-heading\"><strong>Como \u00e9 a experi\u00eancia na pr\u00e1tica?<\/strong><\/h2>\n\n\n\n<p>O protocolo segue quatro etapas. A primeira \u00e9 uma avalia\u00e7\u00e3o cl\u00ednica personalizada \u2014 an\u00e1lise detalhada e mapeamento individual para definir o caminho certo para cada pessoa. A segunda \u00e9 a prepara\u00e7\u00e3o tecidual com fotobiomodula\u00e7\u00e3o, que aumenta a receptividade celular e otimiza a microcircula\u00e7\u00e3o local. A terceira \u00e9 a ativa\u00e7\u00e3o regenerativa com laser, que cria o microambiente ideal. A quarta e \u00faltima \u00e9 a terapia MCT, que entrega os exossomos diretamente \u00e0s c\u00e9lulas-alvo, fechando o ciclo com precis\u00e3o molecular.<\/p>\n\n\n\n<p>Tudo ambulatorial. Sem interna\u00e7\u00e3o, sem anestesia geral, sem cirurgia. O paciente realiza o tratamento na cl\u00ednica e retoma a rotina no mesmo dia.<\/p>\n\n\n\n<h2 class=\"wp-block-heading\"><strong>Quem pode se beneficiar?<\/strong><\/h2>\n\n\n\n<p>Qualquer pessoa que sente que a medicina convencional n\u00e3o deu a resposta que esperava. Aqueles que convivem com inflama\u00e7\u00e3o cr\u00f4nica, fadiga persistente, envelhecimento precoce ou condi\u00e7\u00f5es degenerativas que resistem ao tratamento comum. Atletas que querem recuperar performance. Executivos que investem em longevidade funcional. E pessoas que buscam uma pele naturalmente jovem.<\/p>\n\n\n\n<p>Os resultados se manifestam nas duas dimens\u00f5es que importam: o que se v\u00ea \u2014 pele mais jovem, firme e luminosa, redu\u00e7\u00e3o de rugas e flacidez, crescimento capilar renovado \u2014 e o que se sente \u2014 menos inflama\u00e7\u00e3o, mais energia, fun\u00e7\u00e3o celular otimizada e metabolismo em equil\u00edbrio.<\/p>\n\n\n\n<p><em>&#8220;Seu corpo possui uma capacidade extraordin\u00e1ria de se regenerar. O protocolo integrado do N\u00facleo da Essence Health desbloqueia esse potencial com a precis\u00e3o e a seguran\u00e7a que voc\u00ea merece.&#8221;<\/em><\/p>\n\n\n\n<h2 class=\"wp-block-heading\"><strong>Os profissionais por tr\u00e1s do n\u00facleo<\/strong><\/h2>\n\n\n\n<figure class=\"wp-block-image size-full\"><img loading=\"lazy\" decoding=\"async\" width=\"1000\" height=\"667\" src=\"https:\/\/bluestudio.estadao.com.br\/agencia-de-comunicacao\/wp-content\/uploads\/2026\/04\/medicos-medicina-regenerativa-bh-vinicius-andrade-kenya-gandra.jpg\" alt=\"\" class=\"wp-image-127919\" srcset=\"https:\/\/bluestudio.estadao.com.br\/agencia-de-comunicacao\/wp-content\/uploads\/2026\/04\/medicos-medicina-regenerativa-bh-vinicius-andrade-kenya-gandra.jpg 1000w, https:\/\/bluestudio.estadao.com.br\/agencia-de-comunicacao\/wp-content\/uploads\/2026\/04\/medicos-medicina-regenerativa-bh-vinicius-andrade-kenya-gandra-300x200.jpg 300w, https:\/\/bluestudio.estadao.com.br\/agencia-de-comunicacao\/wp-content\/uploads\/2026\/04\/medicos-medicina-regenerativa-bh-vinicius-andrade-kenya-gandra-768x512.jpg 768w\" sizes=\"auto, (max-width: 1000px) 100vw, 1000px\" \/><figcaption class=\"wp-element-caption\"><sup>Dr. Vin\u00edcius de Andrade e Dra. Kenya Gandra, respons\u00e1veis pelo N\u00facleo de Medicina Regenerativa da Essence Health Institute. Foto: Divulga\u00e7\u00e3o<\/sup><\/figcaption><\/figure>\n\n\n\n<p>\u00c0 frente do N\u00facleo de Medicina Regenerativa est\u00e3o dois m\u00e9dicos que j\u00e1 s\u00e3o refer\u00eancia em Belo Horizonte. O Dr. Vin\u00edcius de Andrade \u2014 com mais de 20 anos de experi\u00eancia, resid\u00eancia em cl\u00ednica m\u00e9dica e nefrologia, especializa\u00e7\u00e3o em nutrologia e medicina do esporte, t\u00edtulo pela SBMEE, al\u00e9m de forma\u00e7\u00e3o em Medicina Funcional pela A4M e IFM \u2014 conduz o protocolo com uma vis\u00e3o profunda de medicina funcional, metabolismo e performance humana. A <a href=\"https:\/\/kenyagandra.com.br\/\">Dra. Kenya Gandra<\/a>, formada pela Universidade Federal do Rio de Janeiro e especialista em est\u00e9tica com naturalidade, traz o olhar integrado que cuida da beleza de dentro para fora.<\/p>\n\n\n\n<p>Juntos, eles traduzem em pr\u00e1tica cl\u00ednica o que o n\u00facleo prop\u00f5e: ci\u00eancia rigorosa, tecnologia de vanguarda e cuidado genu\u00edno com cada paciente.<\/p>\n\n\n\n<p>Belo Horizonte se consolida como polo de refer\u00eancia em sa\u00fade de vanguarda no Brasil. O N\u00facleo de Medicina Regenerativa da Essence Health Institute \u00e9 a prova de que inovar com responsabilidade cient\u00edfica e compromisso com o paciente \u00e9 poss\u00edvel \u2014 e est\u00e1 acontecendo agora.<\/p>\n\n\n\n<p><em>Essence Health Institute \u00b7 Av. Luiz Paulo Franco, 603 \u2014 5\u00ba andar, Belvedere, Belo Horizonte \u2014 MG<\/em> <em>reg.essencehealth.com.br \u00b7 (31) 99600-0316<\/em><\/p>\n\n\n\n<p><\/p>\n","protected":false},"excerpt":{"rendered":"Essence Health Institute lan\u00e7a em BH o primeiro protocolo de Medicina Regenerativa do Brasil, unindo Fotobiomodula\u00e7\u00e3o, Laser Regenerativo e MCT em uma \u00fanica abordagem cl\u00ednica.","protected":false},"author":16,"featured_media":0,"comment_status":"open","ping_status":"closed","sticky":false,"template":"","format":"standard","meta":{"_acf_changed":false,"inline_featured_image":false,"_monsterinsights_skip_tracking":false,"_monsterinsights_sitenote_active":false,"_monsterinsights_sitenote_note":"","_monsterinsights_sitenote_category":0,"footnotes":""},"categories":[132,34],"tags":[],"class_list":["post-127917","post","type-post","status-publish","format-standard","hentry","category-releases","category-releases-geral"],"acf":[],"_links":{"self":[{"href":"https:\/\/bluestudio.estadao.com.br\/agencia-de-comunicacao\/wp-json\/wp\/v2\/posts\/127917","targetHints":{"allow":["GET"]}}],"collection":[{"href":"https:\/\/bluestudio.estadao.com.br\/agencia-de-comunicacao\/wp-json\/wp\/v2\/posts"}],"about":[{"href":"https:\/\/bluestudio.estadao.com.br\/agencia-de-comunicacao\/wp-json\/wp\/v2\/types\/post"}],"author":[{"embeddable":true,"href":"https:\/\/bluestudio.estadao.com.br\/agencia-de-comunicacao\/wp-json\/wp\/v2\/users\/16"}],"replies":[{"embeddable":true,"href":"https:\/\/bluestudio.estadao.com.br\/agencia-de-comunicacao\/wp-json\/wp\/v2\/comments?post=127917"}],"version-history":[{"count":1,"href":"https:\/\/bluestudio.estadao.com.br\/agencia-de-comunicacao\/wp-json\/wp\/v2\/posts\/127917\/revisions"}],"predecessor-version":[{"id":127920,"href":"https:\/\/bluestudio.estadao.com.br\/agencia-de-comunicacao\/wp-json\/wp\/v2\/posts\/127917\/revisions\/127920"}],"wp:attachment":[{"href":"https:\/\/bluestudio.estadao.com.br\/agencia-de-comunicacao\/wp-json\/wp\/v2\/media?parent=127917"}],"wp:term":[{"taxonomy":"category","embeddable":true,"href":"https:\/\/bluestudio.estadao.com.br\/agencia-de-comunicacao\/wp-json\/wp\/v2\/categories?post=127917"},{"taxonomy":"post_tag","embeddable":true,"href":"https:\/\/bluestudio.estadao.com.br\/agencia-de-comunicacao\/wp-json\/wp\/v2\/tags?post=127917"}],"curies":[{"name":"wp","href":"https:\/\/api.w.org\/{rel}","templated":true}]}}