{"id":126894,"date":"2026-03-31T17:12:00","date_gmt":"2026-03-31T20:12:00","guid":{"rendered":"https:\/\/bluestudio.estadao.com.br\/agencia-de-comunicacao\/prnewswire\/banco-bv-promove-evento-sobre-inteligencia-artificial-aplicada-aos-negocios\/"},"modified":"2026-03-31T17:12:00","modified_gmt":"2026-03-31T20:12:00","slug":"banco-bv-promove-evento-sobre-inteligencia-artificial-aplicada-aos-negocios","status":"publish","type":"post","link":"https:\/\/bluestudio.estadao.com.br\/agencia-de-comunicacao\/prnewswire\/banco-bv-promove-evento-sobre-inteligencia-artificial-aplicada-aos-negocios\/","title":{"rendered":"Banco BV promove evento sobre intelig\u00eancia artificial aplicada aos neg\u00f3cios"},"content":{"rendered":"\n<div class=\"xn-content\">\n<p class=\"prntac\"><i>BV Open Day, em 7 de abril, re\u00fane especialistas na tecnologia e ser\u00e1 aberto aos universit\u00e1rios e p\u00fablico em geral<\/i><\/p>\n<p><span class=\"legendSpanClass\">S\u00c3O PAULO<\/span>, <span class=\"legendSpanClass\">31 de mar\u00e7o de 2026<\/span> \/PRNewswire\/ &#8212; Estudantes universit\u00e1rios e profissionais de mercado interessados em tecnologia e intelig\u00eancia artificial ter\u00e3o a oportunidade de participar de discuss\u00f5es conduzidas com renomados especialistas do setor que estar\u00e3o reunidos no banco BV. Pela primeira vez, a institui\u00e7\u00e3o realiza o BV Open Day, iniciativa que integra a IA Week, s\u00e9rie de eventos internos promovidos pelo banco para compartilhar tend\u00eancias, avan\u00e7os e aplica\u00e7\u00f5es de IA nos neg\u00f3cios. O evento ser\u00e1 realizado na sede do BV, em S\u00e3o Paulo, no dia 7 de abril, ter\u00e7a-feira, das 16h \u00e0s 20h.  <\/p>\n<p>Essa \u00e9 uma oportunidade para quem quer aprender, se conectar e ampliar repert\u00f3rio para o futuro. A programa\u00e7\u00e3o inclui pain\u00e9is com profissionais do BV e de empresas como IBM e Google. As discuss\u00f5es abordar\u00e3o temas como compet\u00eancias da era da IA; tend\u00eancias e aplica\u00e7\u00f5es pr\u00e1ticas da tecnologia; e o novo ciclo tecnol\u00f3gico impulsionado pela intelig\u00eancia artificial. Est\u00e3o confirmadas as presen\u00e7as dos executivos do BV, Gabriel Lima, respons\u00e1vel pelo n\u00facleo IA HUB, Chee Lai, gerente-executiva de DevEx, e Jersica Lozado, de People Analytics. O executivo Glauco Reis, AI engineering, estar\u00e1 representando a IBM.<\/p>\n<p>Os interessados podem se inscrever gratuitamente pelo Sympla, e as vagas s\u00e3o limitadas.<\/p>\n<p><b>Servi\u00e7o:<br \/><\/b><b>BV Open Day na AI Week<br \/><\/b>Dia 7 de abril de 2026<br \/>Das 16h \u00e0s 20h<br \/>Inscri\u00e7\u00f5es gratuitas pelo Sympla, no link: <a href=\"https:\/\/www.sympla.com.br\/evento\/bv-open-day-ia-week\/3359638?referrer=statics.teams.cdn.office.net\" target=\"_blank\" rel=\"nofollow\">https:\/\/www.sympla.com.br\/evento\/bv-open-day-ia-week\/3359638?referrer=statics.teams.cdn.office.net<\/a><br \/>Presencial, na sede do BV, em S\u00e3o Paulo<br \/>Av. Das Na\u00e7\u00f5es Unidas, 14.171 &#8211; Torre Ebony &#8211; T\u00e9rreo &#8211; Morumbi (ao lado da esta\u00e7\u00e3o Morumbi da linha 9-Esmeralda)<\/p>\n<p id=\"PURL\"><img loading=\"lazy\" decoding=\"async\" title=\"Cision\" width=\"12\" height=\"12\" alt=\"Cision\" src=\"https:\/\/edge.prnewswire.com\/c\/img\/favicon.png?sn=PT24162&amp;sd=2026-03-31\" \/> View original content:<a id=\"PRNURL\" rel=\"nofollow\" href=\"https:\/\/www.prnewswire.com\/br\/comunicados-para-a-imprensa\/banco-bv-promove-evento-sobre-inteligencia-artificial-aplicada-aos-negocios-302730575.html\" target=\"_blank\">https:\/\/www.prnewswire.com\/br\/comunicados-para-a-imprensa\/banco-bv-promove-evento-sobre-inteligencia-artificial-aplicada-aos-negocios-302730575.html<\/a><\/p>\n<p>FONTE Banco BV<\/p>\n<\/div>\n<p>  <img decoding=\"async\" alt=\"\" src=\"https:\/\/rt.prnewswire.com\/rt.gif?NewsItemId=PT24162&amp;Transmission_Id=202603311610PR_NEWS_LATAM____PT24162&amp;DateId=20260331\" style=\"border:0px;width:1px;height:1px\" \/><\/p>\n<p><strong>T\u00f3picos Relacionados:<\/strong> Eventos Futuros, Software de Computador, Computador\/Eletr\u00f4nica, Intelig\u00eancia Artificial<\/p>\n<p>A <b>OESP<\/b> n\u00e3o \u00e9(s\u00e3o) respons\u00e1vel(is) por erros, incorre\u00e7\u00f5es, atrasos ou quaisquer decis\u00f5es tomadas por seus clientes com base nos Conte\u00fados ora disponibilizados, bem como tais Conte\u00fados n\u00e3o representam a opini\u00e3o da <b>OESP<\/b> e s\u00e3o de inteira responsabilidade da <b>PR Newswire Ltda<\/b><\/p>\n","protected":false},"excerpt":{"rendered":"BV Open Day, em 7 de abril, re\u00fane especialistas na tecnologia e ser\u00e1 aberto aos universit\u00e1rios e p\u00fablico em geral S\u00c3O PAULO, 31 de mar\u00e7o de 2026 \/PRNewswire\/ &#8212; Estudantes universit\u00e1rios e","protected":false},"author":1,"featured_media":126895,"comment_status":"open","ping_status":"closed","sticky":false,"template":"","format":"standard","meta":{"_acf_changed":false,"inline_featured_image":false,"_monsterinsights_skip_tracking":false,"_monsterinsights_sitenote_active":false,"_monsterinsights_sitenote_note":"","_monsterinsights_sitenote_category":0,"footnotes":""},"categories":[27],"tags":[8325,8326,8327],"class_list":["post-126894","post","type-post","status-publish","format-standard","has-post-thumbnail","hentry","category-prnewswire","tag-bv-open-day","tag-em-7-de-abril","tag-reune-especialistas-na-tecnologia-e-sera-aberto-aos-universitarios-e-publico-em-geral"],"acf":[],"_links":{"self":[{"href":"https:\/\/bluestudio.estadao.com.br\/agencia-de-comunicacao\/wp-json\/wp\/v2\/posts\/126894","targetHints":{"allow":["GET"]}}],"collection":[{"href":"https:\/\/bluestudio.estadao.com.br\/agencia-de-comunicacao\/wp-json\/wp\/v2\/posts"}],"about":[{"href":"https:\/\/bluestudio.estadao.com.br\/agencia-de-comunicacao\/wp-json\/wp\/v2\/types\/post"}],"author":[{"embeddable":true,"href":"https:\/\/bluestudio.estadao.com.br\/agencia-de-comunicacao\/wp-json\/wp\/v2\/users\/1"}],"replies":[{"embeddable":true,"href":"https:\/\/bluestudio.estadao.com.br\/agencia-de-comunicacao\/wp-json\/wp\/v2\/comments?post=126894"}],"version-history":[{"count":0,"href":"https:\/\/bluestudio.estadao.com.br\/agencia-de-comunicacao\/wp-json\/wp\/v2\/posts\/126894\/revisions"}],"wp:featuredmedia":[{"embeddable":true,"href":"https:\/\/bluestudio.estadao.com.br\/agencia-de-comunicacao\/wp-json\/wp\/v2\/media\/126895"}],"wp:attachment":[{"href":"https:\/\/bluestudio.estadao.com.br\/agencia-de-comunicacao\/wp-json\/wp\/v2\/media?parent=126894"}],"wp:term":[{"taxonomy":"category","embeddable":true,"href":"https:\/\/bluestudio.estadao.com.br\/agencia-de-comunicacao\/wp-json\/wp\/v2\/categories?post=126894"},{"taxonomy":"post_tag","embeddable":true,"href":"https:\/\/bluestudio.estadao.com.br\/agencia-de-comunicacao\/wp-json\/wp\/v2\/tags?post=126894"}],"curies":[{"name":"wp","href":"https:\/\/api.w.org\/{rel}","templated":true}]}}