{"id":126888,"date":"2026-03-31T16:27:00","date_gmt":"2026-03-31T19:27:00","guid":{"rendered":"https:\/\/bluestudio.estadao.com.br\/agencia-de-comunicacao\/prnewswire\/lucy-martin-nomeada-presidente-do-negocio-de-mineracao-e-metais-da-bechtel\/"},"modified":"2026-03-31T16:27:00","modified_gmt":"2026-03-31T19:27:00","slug":"lucy-martin-nomeada-presidente-do-negocio-de-mineracao-e-metais-da-bechtel","status":"publish","type":"post","link":"https:\/\/bluestudio.estadao.com.br\/agencia-de-comunicacao\/prnewswire\/lucy-martin-nomeada-presidente-do-negocio-de-mineracao-e-metais-da-bechtel\/","title":{"rendered":"Lucy Martin nomeada presidente do neg\u00f3cio de minera\u00e7\u00e3o e metais da Bechtel"},"content":{"rendered":"\n<div class=\"xn-content\">\n<span class=\"legendSpanClass\">RESTON, Virg\u00ednia<\/span>, <span class=\"legendSpanClass\">31 de mar\u00e7o de 2026<\/span> \/PRNewswire\/ &#8212; Bechtel anunciou hoje a nomea\u00e7\u00e3o de <b>Lucy Martin como presidente de seus neg\u00f3cios de minera\u00e7\u00e3o e metais (M&amp;M)<\/b>, a partir de 6 de abril de 2026. Ela sucede a Ailie MacAdam, que se aposentar\u00e1 em maio ap\u00f3s uma carreira excepcional de 41 anos na empresa.<\/p>\n<div class=\"PRN_ImbeddedAssetReference\" id=\"DivAssetPlaceHolder7490\">\n<a href=\"https:\/\/mma.prnewswire.com\/media\/2947232\/Lucy_Martin.html\" target=\"_blank\" rel=\"nofollow\"><img decoding=\"async\" src=\"https:\/\/mma.prnewswire.com\/media\/2947232\/Lucy_Martin.jpg\" title=\"Lucy Martin, presidente do neg\u00f3cio de minera\u00e7\u00e3o e metais da Bechtel (PRNewsfoto\/Bechtel)\" alt=\"Lucy Martin, presidente do neg\u00f3cio de minera\u00e7\u00e3o e metais da Bechtel (PRNewsfoto\/Bechtel)\" \/><\/a><\/p>\n<\/div>\n<p class=\"prnml40\"><i>&#8220;Lucy \u00e9 uma l\u00edder comprovada com vis\u00e3o estrat\u00e9gica, profundo conhecimento do setor de minera\u00e7\u00e3o, disciplina operacional e foco no cliente para promover nossos neg\u00f3cios de Minera\u00e7\u00e3o e Metais&#8221;,<\/i><b> disse Craig Albert, Presidente e COO da Bechtel<\/b>. <i>&#8220;Ao longo de mais de duas d\u00e9cadas, ela construiu equipes globais diversas, criativas e de alto desempenho, focadas em resolver os desafios mais importantes de nossos clientes e est\u00e1 excepcionalmente bem posicionada para liderar esse neg\u00f3cio em sua pr\u00f3xima fase de crescimento. Tamb\u00e9m somos profundamente gratos a Ailie por sua not\u00e1vel lideran\u00e7a e contribui\u00e7\u00f5es duradouras para a Bechtel.&#8221;<\/i><\/p>\n<p>Martin traz mais de 24 anos de experi\u00eancia com a Bechtel, com um hist\u00f3rico de impulsionar o crescimento, fortalecer o desempenho e entregar resultados, atendendo \u00e0s expectativas dos clientes em mercados globais. Suas fun\u00e7\u00f5es de lideran\u00e7a inclu\u00edram:<\/p>\n<ul type=\"disc\">\n<li><b>Gerente Geral, Am\u00e9rica do Sul<\/b> &#8212; Respons\u00e1vel por todos os aspectos do neg\u00f3cio de minera\u00e7\u00e3o na Am\u00e9rica do Sul, incluindo lucros e perdas, gest\u00e3o de talentos, opera\u00e7\u00f5es e desenvolvimento de neg\u00f3cios, promovendo grandes projetos de infraestrutura de cobre e \u00e1gua, ao mesmo tempo em que fortalece parcerias de longo prazo em mercados cr\u00edticos de minerais.<\/li>\n<li><b>Gerente de Opera\u00e7\u00f5es, Am\u00e9ricas <\/b>&#8212; Liderou o desempenho operacional em projetos nas Am\u00e9ricas, com responsabilidade pela disciplina de execu\u00e7\u00e3o, resultados de entrega e gerenciamento de risco operacional.<\/li>\n<li><b>Diretor Financeiro, M&amp;M<\/b> &#8212; Supervisionou a estrat\u00e9gia comercial, a previs\u00e3o financeira e a gest\u00e3o de riscos em n\u00edvel de portf\u00f3lio, fortalecendo a disciplina financeira e melhorando o desempenho do portf\u00f3lio globalmente.<\/li>\n<li><b>Gerente Geral, \u00c1sia-Pac\u00edfico<\/b> &#8212; Impulsionou o crescimento regional e expandiu nossa oferta de min\u00e9rio de ferro, incluindo a abertura do escrit\u00f3rio de Perth e o estabelecimento de nosso Centro de Excel\u00eancia em manuseio de materiais a granel, aprofundando os relacionamentos com os clientes em toda a Austr\u00e1lia e em toda a regi\u00e3o.<\/li>\n<\/ul>\n<p class=\"prnml40\"><i>&#8220;Nosso neg\u00f3cio de Minera\u00e7\u00e3o e Metais tem um forte impulso e uma estrat\u00e9gia clara&#8221;, <\/i><b>disse Martin<\/b>.<i> &#8220;Meu foco \u00e9 desenvolver essa base e, ao mesmo tempo, aprimorar a forma como apoiamos nossos clientes em um mercado global em r\u00e1pida evolu\u00e7\u00e3o. Continuaremos a aprimorar a forma como entregamos &#8212; ajudando os clientes a resolver seus desafios mais complexos, desde o desenvolvimento econ\u00f4mico e a produtividade at\u00e9 a seguran\u00e7a, a confiabilidade e a certeza dos resultados.&#8221; <\/i><\/p>\n<p>MacAdam, que atua como presidente desde 2020, deixa um legado de execu\u00e7\u00e3o fortalecida, melhor desempenho financeiro e crescimento sustentado. Sob sua lideran\u00e7a, a empresa avan\u00e7ou em grandes projetos nos principais mercados globais e alcan\u00e7ou suas novas reservas de trabalho mais fortes em 15 anos em 2025.<\/p>\n<p>Para obter mais informa\u00e7\u00f5es sobre os recursos e solu\u00e7\u00f5es de Minera\u00e7\u00e3o e Metais da Bechtel, visite <a href=\"https:\/\/edge.prnewswire.com\/c\/link\/?t=0&amp;l=pt&amp;o=4654099-1&amp;h=2394378009&amp;u=https%3A%2F%2Fedge.prnewswire.com%2Fc%2Flink%2F%3Ft%3D0%26l%3Den%26o%3D4654099-1%26h%3D3381221688%26u%3Dhttps%253A%252F%252Fwww.bechtel.com%252Fmarkets%252Fmining-minerals%252F%26a%3Dbechtel.com.&amp;a=bechtel.com.\" target=\"_blank\" rel=\"nofollow\">bechtel.com.<\/a><\/p>\n<p><b>Sobre a <br \/>Bechtel<\/b>A Bechtel \u00e9 uma parceira confi\u00e1vel de engenharia, constru\u00e7\u00e3o e gerenciamento de projetos para a ind\u00fastria e o governo. Diferenciados pela qualidade de nosso pessoal e nosso esfor\u00e7o incans\u00e1vel para oferecer os resultados mais bem-sucedidos, alinhamos nossas capacidades aos objetivos de nossos clientes para criar um impacto positivo duradouro. Desde 1898, ajudamos os clientes a concluir mais de 25.000 projetos em 160 pa\u00edses em todos os sete continentes que criaram empregos, desenvolveram economias, melhoraram a resili\u00eancia da infraestrutura mundial, aumentaram o acesso \u00e0 energia, recursos e servi\u00e7os vitais e tornaram o mundo um lugar mais seguro e limpo.<\/p>\n<p>A Bechtel atende aos mercados de Energia; Infraestrutura; Manufatura e Tecnologia; Minera\u00e7\u00e3o e Metais; e Nuclear, Seguran\u00e7a e Meio Ambiente. Nossos servi\u00e7os abrangem desde o planejamento inicial e investimento, at\u00e9 o in\u00edcio e as opera\u00e7\u00f5es. <a href=\"https:\/\/edge.prnewswire.com\/c\/link\/?t=0&amp;l=pt&amp;o=4654099-1&amp;h=3003925788&amp;u=https%3A%2F%2Fedge.prnewswire.com%2Fc%2Flink%2F%3Ft%3D0%26l%3Den%26o%3D4654099-1%26h%3D2281929901%26u%3Dhttps%253A%252F%252Fwww.bechtel.com%252F%26a%3Dwww.bechtel.com&amp;a=www.bechtel.com\" target=\"_blank\" rel=\"nofollow\">www.bechtel.com<\/a><\/p>\n<p>Contato: Ashley Accardo<b>|<\/b> <a href=\"mailto:aaccardo@bechtel.com\" target=\"_blank\" rel=\"nofollow\">aaccardo@bechtel.com<\/a><\/p>\n<div class=\"PRN_ImbeddedAssetReference\" id=\"DivAssetPlaceHolder8724\">\n<a href=\"https:\/\/mma.prnewswire.com\/media\/326556\/New_BECHTEL_LOGO.html\" target=\"_blank\" rel=\"nofollow\"><img decoding=\"async\" src=\"https:\/\/mma.prnewswire.com\/media\/326556\/New_BECHTEL_LOGO.jpg\" title=\"bechtel.com. (PRNewsFoto\/Bechtel)\" alt=\"bechtel.com. (PRNewsFoto\/Bechtel)\" \/><\/a><\/p>\n<\/div>\n<p>Foto &#8211; <a href=\"https:\/\/edge.prnewswire.com\/c\/link\/?t=0&amp;l=pt&amp;o=4654099-1&amp;h=2777067469&amp;u=https%3A%2F%2Fmma.prnewswire.com%2Fmedia%2F2947232%2FLucy_Martin.jpg&amp;a=https%3A%2F%2Fmma.prnewswire.com%2Fmedia%2F2947232%2FLucy_Martin.jpg\" target=\"_blank\" rel=\"nofollow\">https:\/\/mma.prnewswire.com\/media\/2947232\/Lucy_Martin.jpg<\/a><br \/>Logotipo &#8211; <a href=\"https:\/\/edge.prnewswire.com\/c\/link\/?t=0&amp;l=pt&amp;o=4654099-1&amp;h=2648724325&amp;u=https%3A%2F%2Fmma.prnewswire.com%2Fmedia%2F326556%2F5894220%2FNew_BECHTEL_LOGO.jpg&amp;a=https%3A%2F%2Fmma.prnewswire.com%2Fmedia%2F326556%2F5894220%2FNew_BECHTEL_LOGO.jpg\" target=\"_blank\" rel=\"nofollow\">https:\/\/mma.prnewswire.com\/media\/326556\/5894220\/New_BECHTEL_LOGO.jpg<\/a><\/p>\n<div class=\"PRN_ImbeddedAssetReference\" id=\"DivAssetPlaceHolder0\"><\/div>\n<p id=\"PURL\"><img loading=\"lazy\" decoding=\"async\" title=\"Cision\" width=\"12\" height=\"12\" alt=\"Cision\" src=\"https:\/\/edge.prnewswire.com\/c\/img\/favicon.png?sn=PT23673&amp;sd=2026-03-31\" \/> View original content to download multimedia:<a id=\"PRNURL\" rel=\"nofollow\" href=\"https:\/\/www.prnewswire.com\/br\/comunicados-para-a-imprensa\/lucy-martin-nomeada-presidente-do-negocio-de-mineracao-e-metais-da-bechtel-302730523.html\" target=\"_blank\">https:\/\/www.prnewswire.com\/br\/comunicados-para-a-imprensa\/lucy-martin-nomeada-presidente-do-negocio-de-mineracao-e-metais-da-bechtel-302730523.html<\/a><\/p>\n<p>FONTE Bechtel<\/p>\n<\/div>\n<p>  <img decoding=\"async\" alt=\"\" src=\"https:\/\/rt.prnewswire.com\/rt.gif?NewsItemId=PT23673&amp;Transmission_Id=202603311519PR_NEWS_LATAM____PT23673&amp;DateId=20260331\" style=\"border:0px;width:1px;height:1px\" \/><\/p>\n<p><strong>T\u00f3picos Relacionados:<\/strong> Servi\u00e7os P\u00fablicos, An\u00fancios de Pessoal, Constru\u00e7\u00e3o\/Edifica\u00e7\u00e3o, Minera\u00e7\u00e3o\/Metais, Energias Alternativas, Produtos e Servi\u00e7os Ambientais, Qu\u00edmica, Petr\u00f3leo\/Energia<\/p>\n<p>A <b>OESP<\/b> n\u00e3o \u00e9(s\u00e3o) respons\u00e1vel(is) por erros, incorre\u00e7\u00f5es, atrasos ou quaisquer decis\u00f5es tomadas por seus clientes com base nos Conte\u00fados ora disponibilizados, bem como tais Conte\u00fados n\u00e3o representam a opini\u00e3o da <b>OESP<\/b> e s\u00e3o de inteira responsabilidade da <b>PR Newswire Ltda<\/b><\/p>\n","protected":false},"excerpt":{"rendered":"RESTON, Virg\u00ednia, 31 de mar\u00e7o de 2026 \/PRNewswire\/ &#8212; Bechtel anunciou hoje a nomea\u00e7\u00e3o de Lucy Martin como presidente de seus neg\u00f3cios de minera\u00e7\u00e3o e metais (M&amp;M), a partir de 6 de","protected":false},"author":1,"featured_media":126889,"comment_status":"open","ping_status":"closed","sticky":false,"template":"","format":"standard","meta":{"_acf_changed":false,"inline_featured_image":false,"_monsterinsights_skip_tracking":false,"_monsterinsights_sitenote_active":false,"_monsterinsights_sitenote_note":"","_monsterinsights_sitenote_category":0,"footnotes":""},"categories":[27],"tags":[8323,8322],"class_list":["post-126888","post","type-post","status-publish","format-standard","has-post-thumbnail","hentry","category-prnewswire","tag-a-partir-de-6-de-abril-de-2026-ela-sucede-a-ailie-macadam","tag-bechtel-anunciou-hoje-a-nomeacao-de-lucy-martin-como-presidente-de-seus-negocios-de-mineracao-e-metais-mm"],"acf":[],"_links":{"self":[{"href":"https:\/\/bluestudio.estadao.com.br\/agencia-de-comunicacao\/wp-json\/wp\/v2\/posts\/126888","targetHints":{"allow":["GET"]}}],"collection":[{"href":"https:\/\/bluestudio.estadao.com.br\/agencia-de-comunicacao\/wp-json\/wp\/v2\/posts"}],"about":[{"href":"https:\/\/bluestudio.estadao.com.br\/agencia-de-comunicacao\/wp-json\/wp\/v2\/types\/post"}],"author":[{"embeddable":true,"href":"https:\/\/bluestudio.estadao.com.br\/agencia-de-comunicacao\/wp-json\/wp\/v2\/users\/1"}],"replies":[{"embeddable":true,"href":"https:\/\/bluestudio.estadao.com.br\/agencia-de-comunicacao\/wp-json\/wp\/v2\/comments?post=126888"}],"version-history":[{"count":0,"href":"https:\/\/bluestudio.estadao.com.br\/agencia-de-comunicacao\/wp-json\/wp\/v2\/posts\/126888\/revisions"}],"wp:featuredmedia":[{"embeddable":true,"href":"https:\/\/bluestudio.estadao.com.br\/agencia-de-comunicacao\/wp-json\/wp\/v2\/media\/126889"}],"wp:attachment":[{"href":"https:\/\/bluestudio.estadao.com.br\/agencia-de-comunicacao\/wp-json\/wp\/v2\/media?parent=126888"}],"wp:term":[{"taxonomy":"category","embeddable":true,"href":"https:\/\/bluestudio.estadao.com.br\/agencia-de-comunicacao\/wp-json\/wp\/v2\/categories?post=126888"},{"taxonomy":"post_tag","embeddable":true,"href":"https:\/\/bluestudio.estadao.com.br\/agencia-de-comunicacao\/wp-json\/wp\/v2\/tags?post=126888"}],"curies":[{"name":"wp","href":"https:\/\/api.w.org\/{rel}","templated":true}]}}