{"id":126883,"date":"2026-03-31T15:42:00","date_gmt":"2026-03-31T18:42:00","guid":{"rendered":"https:\/\/bluestudio.estadao.com.br\/agencia-de-comunicacao\/prnewswire\/patio-higienopolis-apoia-campanha-blue-day-2026-que-destaca-a-importancia-do-acolhimento-e-diagnostico-precoce-do-autismo\/"},"modified":"2026-03-31T15:42:00","modified_gmt":"2026-03-31T18:42:00","slug":"patio-higienopolis-apoia-campanha-blue-day-2026-que-destaca-a-importancia-do-acolhimento-e-diagnostico-precoce-do-autismo","status":"publish","type":"post","link":"https:\/\/bluestudio.estadao.com.br\/agencia-de-comunicacao\/prnewswire\/patio-higienopolis-apoia-campanha-blue-day-2026-que-destaca-a-importancia-do-acolhimento-e-diagnostico-precoce-do-autismo\/","title":{"rendered":"P\u00e1tio Higien\u00f3polis apoia campanha Blue Day 2026  que destaca a import\u00e2ncia do acolhimento e diagn\u00f3stico precoce do autismo"},"content":{"rendered":"\n<div class=\"xn-content\">\n<i> Com fachadas iluminadas em azul e sinaliza\u00e7\u00e3o interna na mesma cor, o empreendimento incentiva a conscientiza\u00e7\u00e3o sobre o TEA (Transtorno do Espectro Autista) <\/i><\/p>\n<p><span class=\"legendSpanClass\">S\u00c3O PAULO<\/span>, <span class=\"legendSpanClass\">31 de mar\u00e7o de 2026<\/span> \/PRNewswire\/ &#8212; De 1 a 7 de abril, o Shopping P\u00e1tio Higien\u00f3polis estar\u00e1 com suas fachadas iluminadas em azul,  unindo-se \u00e0 campanha mundial da ONU para ampliar a visibilidade sobre o Transtorno do Espectro Autista (TEA), refor\u00e7ando a import\u00e2ncia do diagn\u00f3stico ainda na inf\u00e2ncia e na quebra de estigmas. A campanha foi institu\u00edda em 2007, pela ONU, que designou a data de 2 de abril para alerta global sobre a import\u00e2ncia do diagn\u00f3stico precoce do autismo, promovendo a inclus\u00e3o e acolhimento das pessoas autistas.<\/p>\n<div class=\"PRN_ImbeddedAssetReference\" id=\"DivAssetPlaceHolder1\">\n<a href=\"https:\/\/mma.prnewswire.com\/media\/2947251\/2026_04__Blue_Day__Patio_Higienopolis_Foto_Acervo.html\" target=\"_blank\" rel=\"nofollow\">  <img decoding=\"async\" src=\"https:\/\/mma.prnewswire.com\/media\/2947251\/2026_04__Blue_Day__Patio_Higienopolis_Foto_Acervo.jpg\" title=\"Shopping P\u00e1tio Higien\u00f3polis  iluminado\/Acervo\" alt=\"Shopping P\u00e1tio Higien\u00f3polis  iluminado\/Acervo\" \/><\/a>\n <\/p>\n<\/p><\/div>\n<p>&#8220;\u00c9 uma honra renovar nosso compromisso com esta causa t\u00e3o importante, transformando cada encontro nos nossos shoppings em uma oportunidade de relembrar a import\u00e2ncia do diagn\u00f3stico precoce. Com esta campanha, refor\u00e7amos o papel dos nossos shoppings como espa\u00e7os de conviv\u00eancia e de encontro para criar ambientes cada vez mais acess\u00edveis e acolhedores&#8221;, afirma Renata Zitune, diretora executiva de marketing e patroc\u00ednios da Iguatemi S.A,  rede da qual o P\u00e1tio Higien\u00f3polis faz parte.<\/p>\n<p>O p\u00fablico tamb\u00e9m \u00e9 convidado a fazer parte dessa corrente de conscientiza\u00e7\u00e3o. Quem passar pelo shopping poder\u00e1 registrar o apoio \u00e0 causa publicando fotos da ilumina\u00e7\u00e3o especial com a hashtag oficial #bluedayiguatemi e #bluedaypatiohigienopolis<\/p>\n<p><b> Mais sobre P\u00e1tio Higien\u00f3polis<\/b> &#8211; Inaugurado em outubro de 1999, o. Shopping P\u00e1tio Higien\u00f3polis \u00e9 hoje um complexo que re\u00fane cerca de 300 opera\u00e7\u00f5es, entre vestu\u00e1rio, gastronomia, lazer, servi\u00e7os, cultura e artes Hoje, tamb\u00e9m integram o empreendimento a Casa Higien\u00f3polis, im\u00f3vel do in\u00edcio do s\u00e9culo 20 tombado e restaurado pelos seus propriet\u00e1rios, que, por sua vez, abriga o Museu Pa\u00e7o das Artes &#8211; al\u00e9m do Teatro UOL e \u00e1reas com vegeta\u00e7\u00e3o natural e a c\u00e9u aberto &#8211; como o Boulevard e o Terra\u00e7o do P\u00e1tio. Para informa\u00e7\u00f5es, basta acessar <a href=\"http:\/\/www.iguatemi.com.br\/patiohigienopolis\" target=\"_blank\" rel=\"nofollow\"> www.iguatemi.com.br\/patiohigienopolis<\/a> e seguir @patiohigienopolis (redes sociais).<\/p>\n<p>Foto &#8211; <a href=\"https:\/\/mma.prnewswire.com\/media\/2947251\/2026_04__Blue_Day__Patio_Higienopolis_Foto_Acervo.jpg\" target=\"_blank\" rel=\"nofollow\">https:\/\/mma.prnewswire.com\/media\/2947251\/2026_04__Blue_Day__Patio_Higienopolis_Foto_Acervo.jpg<\/a><\/p>\n<p id=\"PURL\"><img loading=\"lazy\" decoding=\"async\" title=\"Cision\" width=\"12\" height=\"12\" alt=\"Cision\" src=\"https:\/\/edge.prnewswire.com\/c\/img\/favicon.png?sn=PT24040&amp;sd=2026-03-31\" \/> View original content to download multimedia:<a id=\"PRNURL\" rel=\"nofollow\" href=\"https:\/\/www.prnewswire.com\/br\/comunicados-para-a-imprensa\/patio-higienopolis-apoia-campanha-blue-day-2026--que-destaca-a-importancia-do-acolhimento-e-diagnostico-precoce-do-autismo-302730482.html\" target=\"_blank\">https:\/\/www.prnewswire.com\/br\/comunicados-para-a-imprensa\/patio-higienopolis-apoia-campanha-blue-day-2026&#8211;que-destaca-a-importancia-do-acolhimento-e-diagnostico-precoce-do-autismo-302730482.html<\/a><\/p>\n<p>FONTE Shopping P\u00e1tio Higien\u00f3polis<\/p>\n<\/div>\n<p>  <img decoding=\"async\" alt=\"\" src=\"https:\/\/rt.prnewswire.com\/rt.gif?NewsItemId=PT24040&amp;Transmission_Id=202603311437PR_NEWS_LATAM____PT24040&amp;DateId=20260331\" style=\"border:0px;width:1px;height:1px\" \/><\/p>\n<p><strong>T\u00f3picos Relacionados:<\/strong> Varejo, Responsabilidade Social Corporativa, Diversidade, Equidade e Inclus\u00e3o, Restaurantes, Im\u00f3veis Residenciais, Im\u00f3veis<\/p>\n<p>A <b>OESP<\/b> n\u00e3o \u00e9(s\u00e3o) respons\u00e1vel(is) por erros, incorre\u00e7\u00f5es, atrasos ou quaisquer decis\u00f5es tomadas por seus clientes com base nos Conte\u00fados ora disponibilizados, bem como tais Conte\u00fados n\u00e3o representam a opini\u00e3o da <b>OESP<\/b> e s\u00e3o de inteira responsabilidade da <b>PR Newswire Ltda<\/b><\/p>\n","protected":false},"excerpt":{"rendered":"Com fachadas iluminadas em azul e sinaliza\u00e7\u00e3o interna na mesma cor, o empreendimento incentiva a conscientiza\u00e7\u00e3o sobre o TEA (Transtorno do Espectro Autista) S\u00c3O PAULO, 31 de mar\u00e7o de 2026","protected":false},"author":1,"featured_media":126884,"comment_status":"open","ping_status":"closed","sticky":false,"template":"","format":"standard","meta":{"_acf_changed":false,"inline_featured_image":false,"_monsterinsights_skip_tracking":false,"_monsterinsights_sitenote_active":false,"_monsterinsights_sitenote_note":"","_monsterinsights_sitenote_category":0,"footnotes":""},"categories":[27],"tags":[8316,8317,8318],"class_list":["post-126883","post","type-post","status-publish","format-standard","has-post-thumbnail","hentry","category-prnewswire","tag-de-1-a-7-de-abril","tag-o-shopping-patio-higienopolis-estara-com-suas-fachadas-iluminadas-em-azul","tag-unindo-se-a-campanha-mundial-da-onu-para-ampliar-a-visibilidade-sobre-o-transtorno-d"],"acf":[],"_links":{"self":[{"href":"https:\/\/bluestudio.estadao.com.br\/agencia-de-comunicacao\/wp-json\/wp\/v2\/posts\/126883","targetHints":{"allow":["GET"]}}],"collection":[{"href":"https:\/\/bluestudio.estadao.com.br\/agencia-de-comunicacao\/wp-json\/wp\/v2\/posts"}],"about":[{"href":"https:\/\/bluestudio.estadao.com.br\/agencia-de-comunicacao\/wp-json\/wp\/v2\/types\/post"}],"author":[{"embeddable":true,"href":"https:\/\/bluestudio.estadao.com.br\/agencia-de-comunicacao\/wp-json\/wp\/v2\/users\/1"}],"replies":[{"embeddable":true,"href":"https:\/\/bluestudio.estadao.com.br\/agencia-de-comunicacao\/wp-json\/wp\/v2\/comments?post=126883"}],"version-history":[{"count":0,"href":"https:\/\/bluestudio.estadao.com.br\/agencia-de-comunicacao\/wp-json\/wp\/v2\/posts\/126883\/revisions"}],"wp:featuredmedia":[{"embeddable":true,"href":"https:\/\/bluestudio.estadao.com.br\/agencia-de-comunicacao\/wp-json\/wp\/v2\/media\/126884"}],"wp:attachment":[{"href":"https:\/\/bluestudio.estadao.com.br\/agencia-de-comunicacao\/wp-json\/wp\/v2\/media?parent=126883"}],"wp:term":[{"taxonomy":"category","embeddable":true,"href":"https:\/\/bluestudio.estadao.com.br\/agencia-de-comunicacao\/wp-json\/wp\/v2\/categories?post=126883"},{"taxonomy":"post_tag","embeddable":true,"href":"https:\/\/bluestudio.estadao.com.br\/agencia-de-comunicacao\/wp-json\/wp\/v2\/tags?post=126883"}],"curies":[{"name":"wp","href":"https:\/\/api.w.org\/{rel}","templated":true}]}}