{"id":126865,"date":"2026-03-31T12:18:09","date_gmt":"2026-03-31T15:18:09","guid":{"rendered":"https:\/\/bluestudio.estadao.com.br\/agencia-de-comunicacao\/?p=126865"},"modified":"2026-03-31T12:18:10","modified_gmt":"2026-03-31T15:18:10","slug":"fiemg-sesi-senai-salinas-qualificacao-industria-litio","status":"publish","type":"post","link":"https:\/\/bluestudio.estadao.com.br\/agencia-de-comunicacao\/agencia-minera-brasil\/fiemg-sesi-senai-salinas-qualificacao-industria-litio\/","title":{"rendered":"FIEMG lan\u00e7a pedra fundamental para unidade SESI E SENAI em Salinas"},"content":{"rendered":"\n<p><strong>Iniciativa conta com a apoio da PLS e busca ampliar a oferta de educa\u00e7\u00e3o e qualifica\u00e7\u00e3o profissional para atender demanda da ind\u00fastria do l\u00edtio na regi\u00e3o.<\/strong><\/p>\n\n\n\n<p>A Federa\u00e7\u00e3o das Ind\u00fastrias de Minas Gerais (FIEMG) lan\u00e7ou em Salinas, a pedra fundamental da escola do SESI e condom\u00ednio industrial em Salinas. O espa\u00e7o tamb\u00e9m vai receber cursos profissionalizantes do SENAI para capacitar trabalhadores para atuarem na ind\u00fastria do l\u00edtio, que est\u00e1 se desenvolvendo na regi\u00e3o.&nbsp; Ap\u00f3s in\u00edcio das obras, a constru\u00e7\u00e3o do espa\u00e7o deve ficar pronta em dez meses, diz a FIEMG.<\/p>\n\n\n\n<p>A solenidade reuniu representantes da ind\u00fastria, do poder p\u00fabico e moradores de Salinas, que foram conhecer a escola modelo, uma estrutura moderna e ambientes voltados para a aprendizagem pr\u00e1tica, como laborat\u00f3rio de ci\u00eancias, sala de rob\u00f3tica, espa\u00e7o maker e sala multicultural, al\u00e9m de biblioteca e espa\u00e7os voltados \u00e0 conviv\u00eancia e ao desenvolvimento esportivo.<\/p>\n\n\n\n<p>\u201cNosso objetivo \u00e9 transformar a educa\u00e7\u00e3o na regi\u00e3o, n\u00e3o somente Salinas, mas em todo o Vale do Jequitinhonha.&nbsp; Essa gera\u00e7\u00e3o nova \u00e9 digital e quando a escola incorpora isso, o interesse pela escola se multiplica e, consequentemente, o interesse pelo ensino\u201d, disse o Fl\u00e1vio Roscoe, presidente da FIEMG, que esteve em Salinas para assinar acordo com a prefeitura, para constru\u00e7\u00e3o da nova unidade, que segundo ele, representa um investimento estrat\u00e9gico na educa\u00e7\u00e3o e no desenvolvimento regional.<\/p>\n\n\n\n<p>A iniciativa de criar a escola do SESI em Salinas que pudesse abrigar cursos do SENAI tem apoio da PLS.&nbsp; A da FIEMG que decidiu fazer o investimento para ampliar oportunidades e preparar jovens para um mundo cada vez mais orientado por conhecimento, tecnologia e inova\u00e7\u00e3o.<\/p>\n\n\n\n<p>O prefeito de Salinas, Joaquim Neres, disse que a parceria entre poder p\u00fablico com as ind\u00fastrias trar\u00e1 bons frutos, principalmente na gera\u00e7\u00e3o de emprego e na qualifica\u00e7\u00e3o profissional para os moradores do munic\u00edpio.<\/p>\n\n\n\n<figure class=\"wp-block-embed is-type-video is-provider-youtube wp-block-embed-youtube wp-embed-aspect-16-9 wp-has-aspect-ratio\"><div class=\"wp-block-embed__wrapper\">\n<iframe loading=\"lazy\" title=\"FIEMG lan\u00e7a pedra fundamental para unidade SESI E SENAI em Salinas\" width=\"500\" height=\"281\" src=\"https:\/\/www.youtube.com\/embed\/H8ghORX-aT8?feature=oembed\" frameborder=\"0\" allow=\"accelerometer; autoplay; clipboard-write; encrypted-media; gyroscope; picture-in-picture; web-share\" referrerpolicy=\"strict-origin-when-cross-origin\" allowfullscreen><\/iframe>\n<\/div><\/figure>\n\n\n\n<p>\u201cA escola, al\u00e9m de formar m\u00e3o de obra, tamb\u00e9m vai ceder para essas ind\u00fastrias equipamentos muito sens\u00edveis de alta tecnologia, horas de utiliza\u00e7\u00e3o para que elas possam aderir \u00e0 onda tecnol\u00f3gica no seu processo produtivo\u201d, disse Fl\u00e1vio Roscoe, ao explicar que a nova unidade tamb\u00e9m ser\u00e1 um condom\u00ednio industrial que vai receber novas empresas que est\u00e3o vindo se instalar na regi\u00e3o.<\/p>\n\n\n\n<figure class=\"wp-block-image size-full\"><img loading=\"lazy\" decoding=\"async\" width=\"1000\" height=\"557\" src=\"https:\/\/bluestudio.estadao.com.br\/agencia-de-comunicacao\/wp-content\/uploads\/2026\/03\/Tamanho-Bluestudio-2026-03-31T115056.130.jpg\" alt=\"\" class=\"wp-image-126866\" srcset=\"https:\/\/bluestudio.estadao.com.br\/agencia-de-comunicacao\/wp-content\/uploads\/2026\/03\/Tamanho-Bluestudio-2026-03-31T115056.130.jpg 1000w, https:\/\/bluestudio.estadao.com.br\/agencia-de-comunicacao\/wp-content\/uploads\/2026\/03\/Tamanho-Bluestudio-2026-03-31T115056.130-300x167.jpg 300w, https:\/\/bluestudio.estadao.com.br\/agencia-de-comunicacao\/wp-content\/uploads\/2026\/03\/Tamanho-Bluestudio-2026-03-31T115056.130-768x428.jpg 768w\" sizes=\"auto, (max-width: 1000px) 100vw, 1000px\" \/><figcaption class=\"wp-element-caption\">Foto: Warley Pereira \/ Ag\u00eancia Minera Brasil<\/figcaption><\/figure>\n\n\n\n<p>Para Leandro Gobbo, vice-presidente Brasil da PLS, a proposta da FIEMG de trazer para a regi\u00e3o um condom\u00ednio industrial \u00e9 uma iniciativa inovadora. \u201cEsse condom\u00ednio \u00e9 s\u00f3 o primeiro passo. O Fl\u00e1vio avisou que vai ter tamb\u00e9m a escola do SESI aqui no Salinas e isso vai permitir que mais pessoas consigam gerar um bom sal\u00e1rio, ter um bom emprego, desenvolver e aquecer toda a economia local.<\/p>\n\n\n\n<p>\u201cVamos investir na instru\u00e7\u00e3o dessa m\u00e3o de obra. Vamos investir no crescimento e na prepara\u00e7\u00e3o dela para na medida que as ind\u00fastrias e mineradoras que para aqui vieram possam j\u00e1 chegar e contar com a m\u00e3o de obra j\u00e1 treinada e preparada para poder trabalhar dentro do setor da ind\u00fastria\u201d, comenta Jos\u00e9 Balbino Figueiredo, vice-presidente FIEMG, regional Vale do Jequitinhonha. Balbino ressalta que a FIEMG chega ao Vale do Jequitinhonha para poder dar toda estrutura capaz de atrair investimentos e capacitar a m\u00e3o de obra local para desenvolver a regi\u00e3o.<\/p>\n\n\n\n<p>A\u00a0<strong>OESP\u00a0<\/strong>n\u00e3o \u00e9 respons\u00e1vel por erros, incorre\u00e7\u00f5es, atrasos ou quaisquer decis\u00f5es tomadas por seus clientes com base nos Conte\u00fados ora disponibilizados, bem como tais Conte\u00fados n\u00e3o representam a opini\u00e3o da\u00a0<strong>OESP\u00a0<\/strong>e s\u00e3o de inteira responsabilidade da\u00a0<strong>Ag\u00eancia Minera Brasil<\/strong>.<\/p>\n\n\n\n<p><\/p>\n","protected":false},"excerpt":{"rendered":"Iniciativa conta com a apoio da PLS e busca ampliar a oferta de educa\u00e7\u00e3o e qualifica\u00e7\u00e3o profissional para atender demanda da ind\u00fastria do l\u00edtio na regi\u00e3o. A Federa\u00e7\u00e3o das Ind\u00fastrias de Minas","protected":false},"author":16,"featured_media":126867,"comment_status":"open","ping_status":"closed","sticky":false,"template":"","format":"standard","meta":{"_acf_changed":false,"inline_featured_image":false,"_monsterinsights_skip_tracking":false,"_monsterinsights_sitenote_active":false,"_monsterinsights_sitenote_note":"","_monsterinsights_sitenote_category":0,"footnotes":""},"categories":[351],"tags":[],"class_list":["post-126865","post","type-post","status-publish","format-standard","has-post-thumbnail","hentry","category-agencia-minera-brasil"],"acf":[],"_links":{"self":[{"href":"https:\/\/bluestudio.estadao.com.br\/agencia-de-comunicacao\/wp-json\/wp\/v2\/posts\/126865","targetHints":{"allow":["GET"]}}],"collection":[{"href":"https:\/\/bluestudio.estadao.com.br\/agencia-de-comunicacao\/wp-json\/wp\/v2\/posts"}],"about":[{"href":"https:\/\/bluestudio.estadao.com.br\/agencia-de-comunicacao\/wp-json\/wp\/v2\/types\/post"}],"author":[{"embeddable":true,"href":"https:\/\/bluestudio.estadao.com.br\/agencia-de-comunicacao\/wp-json\/wp\/v2\/users\/16"}],"replies":[{"embeddable":true,"href":"https:\/\/bluestudio.estadao.com.br\/agencia-de-comunicacao\/wp-json\/wp\/v2\/comments?post=126865"}],"version-history":[{"count":1,"href":"https:\/\/bluestudio.estadao.com.br\/agencia-de-comunicacao\/wp-json\/wp\/v2\/posts\/126865\/revisions"}],"predecessor-version":[{"id":126868,"href":"https:\/\/bluestudio.estadao.com.br\/agencia-de-comunicacao\/wp-json\/wp\/v2\/posts\/126865\/revisions\/126868"}],"wp:featuredmedia":[{"embeddable":true,"href":"https:\/\/bluestudio.estadao.com.br\/agencia-de-comunicacao\/wp-json\/wp\/v2\/media\/126867"}],"wp:attachment":[{"href":"https:\/\/bluestudio.estadao.com.br\/agencia-de-comunicacao\/wp-json\/wp\/v2\/media?parent=126865"}],"wp:term":[{"taxonomy":"category","embeddable":true,"href":"https:\/\/bluestudio.estadao.com.br\/agencia-de-comunicacao\/wp-json\/wp\/v2\/categories?post=126865"},{"taxonomy":"post_tag","embeddable":true,"href":"https:\/\/bluestudio.estadao.com.br\/agencia-de-comunicacao\/wp-json\/wp\/v2\/tags?post=126865"}],"curies":[{"name":"wp","href":"https:\/\/api.w.org\/{rel}","templated":true}]}}